{"id":288631,"date":"2025-08-01T08:52:11","date_gmt":"2025-08-01T08:52:11","guid":{"rendered":"https:\/\/www.europesays.com\/fr\/288631\/"},"modified":"2025-08-01T08:52:11","modified_gmt":"2025-08-01T08:52:11","slug":"pres-de-lyon-deguises-en-eboueur-les-cambrioleurs-font-un-casse-inedit-a-the-village","status":"publish","type":"post","link":"https:\/\/www.europesays.com\/fr\/288631\/","title":{"rendered":"Pr\u00e8s de Lyon. D\u00e9guis\u00e9s en \u00e9boueur, les cambrioleurs font un casse in\u00e9dit \u00e0 The Village"},"content":{"rendered":"<p>            Par<br \/>\n        <strong><br \/>\n            <a href=\"https:\/\/actu.fr\/auteur\/theophile-blondet\" title=\"Consulter tous les articles de Theophile Blondet\" rel=\"nofollow noopener\" target=\"_blank\">Theophile Blondet<\/a><br \/>\n        <\/strong><\/p>\n<p>        Publi\u00e9 le<\/p>\n<p>            1 ao\u00fbt 2025 \u00e0 10h38        <\/p>\n<p>Un casse pour le moins original. Ce mercredi 30\u00a0juillet, des malfaiteurs ont r\u00e9ussi \u00e0 d\u00e9valiser la boutique Hugo Boss de <a href=\"https:\/\/actu.fr\/auvergne-rhone-alpes\/villefontaine_38553\/pres-de-lyon-the-village-temple-du-commerce-suspend-un-immense-projet-le-pdg-s-explique_62830192.html\" rel=\"nofollow noopener\" target=\"_blank\">The Village<\/a>, \u00e0 Villefontaine (Is\u00e8re) pr\u00e8s de <a href=\"https:\/\/actu.fr\/lyon\/\" rel=\"nofollow noopener\" target=\"_blank\">Lyon<\/a>, en se <strong>d\u00e9guisant en \u00e9boueurs<\/strong>, rapporte le <a href=\"https:\/\/www.ledauphine.com\/faits-divers-justice\/2025\/07\/31\/de-faux-eboueurs-devalisent-la-boutique-hugo-boss-du-village-de-marques-le-prejudice-estime-a-100-000\" rel=\"nofollow noopener\" target=\"_blank\">Dauphin\u00e9 Lib\u00e9r\u00e9<\/a>. La r\u00e9daction d\u2019actu Lyon a pu se faire confirmer cette information aupr\u00e8s du parquet de Vienne.<\/p>\n<p class=\" wall-content\">Le casse a eu lieu avant l\u2019ouverture \u00e0 la client\u00e8le et est estim\u00e9 \u00e0 100\u2009000\u00a0euros.<\/p>\n<p>    <a href=\"https:\/\/www.google.com\/maps\/embed?pb=!1m18!1m12!1m3!1d2790.2207597932447!2d5.157785775946521!3d45.62630132260892!2m3!1f0!2f0!3f0!3m2!1i1024!2i768!4f13.1!3m3!1m2!1s0x47f4d28ff7b3a1e7%3A0xf23a9c349d6d0c6!2sThe%20Village%20Outlet!5e0!3m2!1sfr!2sfr!4v1754036587723!5m2!1sfr!2sfr\" title=\"Ouvrie le lien\" rel=\"nofollow noopener\" target=\"_blank\">Cliquez ici pour visualiser le contenu<\/a><\/p>\n<p>Un butin \u00e0 100\u2009000\u00a0euros<\/p>\n<p class=\" wall-content\">Les faits se seraient produits apr\u00e8s le passage des employ\u00e9s de m\u00e9nage et avant l\u2019arriv\u00e9e des employ\u00e9s du <a href=\"https:\/\/actu.fr\/auvergne-rhone-alpes\/lyon_69123\/lyon-les-commercants-desesperes-font-le-bilan-des-soldes-c-est-desertique_62952384.html\" rel=\"nofollow noopener\" target=\"_blank\">magasin<\/a>. C\u2019est par une porte laiss\u00e9e involontairement ouverte que les 4 hommes, d\u00e9guis\u00e9s en \u00e9boueurs et arriv\u00e9s en camion, arrivent \u00e0 p\u00e9n\u00e9trer dans l\u2019enseigne.<\/p>\n<p class=\" wall-content\">Toujours selon nos confr\u00e8res, les suspects ont tent\u00e9 de dissimuler au maximum leur identit\u00e9, en <strong>portant des lunettes de soleil et des perruques<\/strong>. Ils ont ensuite vid\u00e9 les rayons du magasin pour remplir leurs sacs.<\/p>\n<p class=\" wall-content\">Une fois remont\u00e9s dans le camion, les malfaiteurs sont repartis sans \u00eatre inqui\u00e9t\u00e9s.<\/p>\n<p class=\" wall-content\">Les gendarmes ont \u00e9t\u00e9 ensuite pr\u00e9venus mais n\u2019ont pas pu les interpeller. Le pr\u00e9judice est estim\u00e9 \u00e0 100\u2009000\u00a0euros.<\/p>\n<p class=\" wall-content\">Suivez toute l\u2019actualit\u00e9 de vos villes et m\u00e9dias favoris en vous inscrivant \u00e0 <a href=\"https:\/\/moncompte.actu.fr\" title=\"D\u00e9couvez Mon Actu\" rel=\"nofollow noopener\" data-trk=\"{&quot;cta&quot;:{&quot;action&quot;:&quot;https:\\\/\\\/moncompte.actu.fr&quot;,&quot;category&quot;:&quot;mon compte&quot;,&quot;from&quot;:&quot;article footer&quot;,&quot;name&quot;:&quot;Mon actu&quot;,&quot;type&quot;:&quot;cta&quot;}}\" target=\"_blank\">Mon Actu<\/a>.<\/p>\n","protected":false},"excerpt":{"rendered":"Par Theophile Blondet Publi\u00e9 le 1 ao\u00fbt 2025 \u00e0 10h38 Un casse pour le moins original. Ce mercredi&hellip;\n","protected":false},"author":2,"featured_media":288632,"comment_status":"","ping_status":"","sticky":false,"template":"","format":"standard","meta":{"footnotes":""},"categories":[1889],"tags":[1111,11,2430,215,1777,674,118,1011,27,303,2428,12,25],"class_list":{"0":"post-288631","1":"post","2":"type-post","3":"status-publish","4":"format-standard","5":"has-post-thumbnail","7":"category-lyon","8":"tag-actu","9":"tag-actualites","10":"tag-auvergne-rhone-alpes","11":"tag-commerce","12":"tag-eu","13":"tag-europe","14":"tag-faits-divers","15":"tag-fr","16":"tag-france","17":"tag-justice","18":"tag-lyon","19":"tag-news","20":"tag-republique-francaise"},"share_on_mastodon":{"url":"https:\/\/pubeurope.com\/@fr\/114952663449879186","error":""},"_links":{"self":[{"href":"https:\/\/www.europesays.com\/fr\/wp-json\/wp\/v2\/posts\/288631","targetHints":{"allow":["GET"]}}],"collection":[{"href":"https:\/\/www.europesays.com\/fr\/wp-json\/wp\/v2\/posts"}],"about":[{"href":"https:\/\/www.europesays.com\/fr\/wp-json\/wp\/v2\/types\/post"}],"author":[{"embeddable":true,"href":"https:\/\/www.europesays.com\/fr\/wp-json\/wp\/v2\/users\/2"}],"replies":[{"embeddable":true,"href":"https:\/\/www.europesays.com\/fr\/wp-json\/wp\/v2\/comments?post=288631"}],"version-history":[{"count":0,"href":"https:\/\/www.europesays.com\/fr\/wp-json\/wp\/v2\/posts\/288631\/revisions"}],"wp:featuredmedia":[{"embeddable":true,"href":"https:\/\/www.europesays.com\/fr\/wp-json\/wp\/v2\/media\/288632"}],"wp:attachment":[{"href":"https:\/\/www.europesays.com\/fr\/wp-json\/wp\/v2\/media?parent=288631"}],"wp:term":[{"taxonomy":"category","embeddable":true,"href":"https:\/\/www.europesays.com\/fr\/wp-json\/wp\/v2\/categories?post=288631"},{"taxonomy":"post_tag","embeddable":true,"href":"https:\/\/www.europesays.com\/fr\/wp-json\/wp\/v2\/tags?post=288631"}],"curies":[{"name":"wp","href":"https:\/\/api.w.org\/{rel}","templated":true}]}}