{"id":288637,"date":"2025-08-01T08:55:10","date_gmt":"2025-08-01T08:55:10","guid":{"rendered":"https:\/\/www.europesays.com\/fr\/288637\/"},"modified":"2025-08-01T08:55:10","modified_gmt":"2025-08-01T08:55:10","slug":"soirees-a-paris-agenda-le-parisien-etudiant","status":"publish","type":"post","link":"https:\/\/www.europesays.com\/fr\/288637\/","title":{"rendered":"Soir\u00e9es \u00e0 Paris &#8211; Agenda Le Parisien Etudiant"},"content":{"rendered":"<p class=\"lp-mt-03 generic-description__text lp-f-ui-04 lp-color-text-muted\">D\u00e9couvrez les meilleures soir\u00e9es \u00e0 Paris en club, bar&#8230; Trouvez une soir\u00e9e ce soir ou ce week-end, participez \u00e0 des \u00e9v\u00e9nements sp\u00e9ciaux, des afterworks, des soir\u00e9es \u00e9tudiantes, des galas et des bals pour une exp\u00e9rience unique dans la capitale, en Seine-Saint-Denis, dans les Hauts de Seine, les Yvelines et le Val de Marne ou encore en Seine et Marne, Val d&rsquo;Oise ou Essonne.<\/p>\n","protected":false},"excerpt":{"rendered":"D\u00e9couvrez les meilleures soir\u00e9es \u00e0 Paris en club, bar&#8230; Trouvez une soir\u00e9e ce soir ou ce week-end, participez&hellip;\n","protected":false},"author":2,"featured_media":288638,"comment_status":"","ping_status":"","sticky":false,"template":"","format":"standard","meta":{"footnotes":""},"categories":[1888],"tags":[1111,1928,11,1927,1777,674,1011,27,12,1926,626,1925,25],"class_list":{"0":"post-288637","1":"post","2":"type-post","3":"status-publish","4":"format-standard","5":"has-post-thumbnail","7":"category-paris","8":"tag-actu","9":"tag-actu-paris","10":"tag-actualites","11":"tag-actualites-paris","12":"tag-eu","13":"tag-europe","14":"tag-fr","15":"tag-france","16":"tag-news","17":"tag-news-paris","18":"tag-paris","19":"tag-paris-news","20":"tag-republique-francaise"},"share_on_mastodon":{"url":"https:\/\/pubeurope.com\/@fr\/114952675265348877","error":""},"_links":{"self":[{"href":"https:\/\/www.europesays.com\/fr\/wp-json\/wp\/v2\/posts\/288637","targetHints":{"allow":["GET"]}}],"collection":[{"href":"https:\/\/www.europesays.com\/fr\/wp-json\/wp\/v2\/posts"}],"about":[{"href":"https:\/\/www.europesays.com\/fr\/wp-json\/wp\/v2\/types\/post"}],"author":[{"embeddable":true,"href":"https:\/\/www.europesays.com\/fr\/wp-json\/wp\/v2\/users\/2"}],"replies":[{"embeddable":true,"href":"https:\/\/www.europesays.com\/fr\/wp-json\/wp\/v2\/comments?post=288637"}],"version-history":[{"count":0,"href":"https:\/\/www.europesays.com\/fr\/wp-json\/wp\/v2\/posts\/288637\/revisions"}],"wp:featuredmedia":[{"embeddable":true,"href":"https:\/\/www.europesays.com\/fr\/wp-json\/wp\/v2\/media\/288638"}],"wp:attachment":[{"href":"https:\/\/www.europesays.com\/fr\/wp-json\/wp\/v2\/media?parent=288637"}],"wp:term":[{"taxonomy":"category","embeddable":true,"href":"https:\/\/www.europesays.com\/fr\/wp-json\/wp\/v2\/categories?post=288637"},{"taxonomy":"post_tag","embeddable":true,"href":"https:\/\/www.europesays.com\/fr\/wp-json\/wp\/v2\/tags?post=288637"}],"curies":[{"name":"wp","href":"https:\/\/api.w.org\/{rel}","templated":true}]}}