{"id":288649,"date":"2025-08-01T09:01:15","date_gmt":"2025-08-01T09:01:15","guid":{"rendered":"https:\/\/www.europesays.com\/fr\/288649\/"},"modified":"2025-08-01T09:01:15","modified_gmt":"2025-08-01T09:01:15","slug":"washington-et-ses-allies-accusent-liran-dassassinats-a-letranger-teheran-dement-lexpress","status":"publish","type":"post","link":"https:\/\/www.europesays.com\/fr\/288649\/","title":{"rendered":"Washington et ses alli\u00e9s accusent l&rsquo;Iran \u00ab\u00a0d&rsquo;assassinats\u00a0\u00bb \u00e0 l&rsquo;\u00e9tranger, T\u00e9h\u00e9ran d\u00e9ment \u2013 L&rsquo;Express"},"content":{"rendered":"<p class=\"paragraph article-body-paragraph article__item   article-body-paragraph--first \">L&rsquo;Iran a rejet\u00e9 ce vendredi 1er ao\u00fbt les accusations de tentatives \u00ab\u00a0d&rsquo;assassinats et d&rsquo;enl\u00e8vements\u00a0\u00bb \u00e0 l&rsquo;\u00e9tranger port\u00e9es <a href=\"https:\/\/www.lexpress.fr\/monde\/amerique\/taxes-douanieres-les-recettes-des-etats-unis-au-premier-semestre-depassent-deja-celles-de-2024-JWBPRDQDBRE45G6J3DLYUBD6AM\/\" target=\"_self\" rel=\"noopener\" title=\"https:\/\/www.lexpress.fr\/monde\/amerique\/taxes-douanieres-les-recettes-des-etats-unis-au-premier-semestre-depassent-deja-celles-de-2024-JWBPRDQDBRE45G6J3DLYUBD6AM\/\">par les Etats-Unis<\/a> et plus d&rsquo;une douzaine d&rsquo;alli\u00e9s occidentaux, estimant que celles-ci \u00e9taient \u00ab\u00a0sans fondement\u00a0\u00bb.<\/p>\n<p class=\"paragraph article-body-paragraph article__item   \">Dans un communiqu\u00e9, le porte-parole du minist\u00e8re iranien des Affaires \u00e9trang\u00e8res, Esma\u00efl Bagha\u00ef, a ajout\u00e9 que ces accusations \u00e9taient une \u00ab\u00a0tentative visant \u00e0 d\u00e9tourner l&rsquo;attention du public de la question la plus urgente du moment, \u00e0 savoir le g\u00e9nocide en Palestine occup\u00e9e\u00a0\u00bb, a-t-il dit en r\u00e9f\u00e9rence \u00e0 la <a href=\"https:\/\/www.lexpress.fr\/monde\/proche-moyen-orient\/lemissaire-americain-steve-witkoff-se-rend-dans-la-bande-de-gaza-UIPUPCNWCNGHNIAA4GHFHMHGMQ\/\" target=\"_self\" rel=\"noopener\" title=\"https:\/\/www.lexpress.fr\/monde\/proche-moyen-orient\/lemissaire-americain-steve-witkoff-se-rend-dans-la-bande-de-gaza-UIPUPCNWCNGHNIAA4GHFHMHGMQ\/\">guerre dans la bande de Gaza<\/a>, avant de qualifier les accusations occidentales de \u00ab\u00a0mensonges \u00e9hont\u00e9s (&#8230;) relevant d&rsquo;une campagne malveillante d&rsquo;iranophobie destin\u00e9e \u00e0 faire pression sur la grande nation iranienne\u00a0\u00bb.<\/p>\n<p>14 pays signataires, dont la France<\/p>\n<p class=\"paragraph article-body-paragraph article__item   \">Dans une d\u00e9claration commune, plusieurs pays occidentaux avaient accus\u00e9 ce jeudi les services de renseignement iraniens de \u00ab\u00a0tentatives\u00a0\u00bb visant \u00ab\u00a0\u00e0 tuer, kidnapper et harceler des personnes <a href=\"https:\/\/www.lexpress.fr\/monde\/europe\/\" target=\"_self\" rel=\"noopener\" title=\"https:\/\/www.lexpress.fr\/monde\/europe\/\">en Europe<\/a> et en Am\u00e9rique du Nord\u00a0\u00bb. Outre les Etats-Unis, le Royaume-Uni, l&rsquo;Albanie, l&rsquo;Autriche, la Belgique, le Canada, la R\u00e9publique tch\u00e8que, le Danemark, la Finlande, la France, l&rsquo;Allemagne, les Pays-Bas, l&rsquo;Espagne et la Su\u00e8de sont signataires de cette d\u00e9claration.<\/p>\n<p><strong class=\"article-body-link-list__item text-gray-800 article-body-link-list__item--one-item\">LIRE AUSSI : <a class=\"article-body-link-list__item-link\" href=\"https:\/\/www.lexpress.fr\/monde\/proche-moyen-orient\/en-iran-cest-fou-davoir-des-enfants-le-mur-demographique-lautre-bataille-du-regime-islamique-4PT7NJ772FFH7LNCL42IB7EE4Y\/\" target=\"_blank\" rel=\"noreferrer noopener\">\u00ab\u00a0En Iran, c\u2019est fou d\u2019avoir des enfants !\u00a0\u00bb : le mur d\u00e9mographique, l\u2019autre bataille du r\u00e9gime islamique<\/a><\/strong><\/p>\n<p class=\"paragraph article-body-paragraph article__item   \">\u00ab\u00a0Nous sommes unis dans notre opposition aux tentatives des services de renseignement iraniens visant \u00e0 tuer, kidnapper et harceler des personnes en Europe et en Am\u00e9rique du Nord, en violation flagrante de notre souverainet\u00e9. Nous nous engageons \u00e0 travailler ensemble pour emp\u00eacher que de tels actes ne se produisent et nous appelons les autorit\u00e9s iraniennes \u00e0 mettre imm\u00e9diatement fin \u00e0 ces activit\u00e9s ill\u00e9gales sur nos territoires respectifs\u00a0\u00bb, ont-ils dit.<\/p>\n<p>Au moins 15 tentatives de meurtre ou d&rsquo;enl\u00e8vement sur le sol britannique<\/p>\n<p class=\"paragraph article-body-paragraph article__item   \">Aucune pr\u00e9cision n&rsquo;a \u00e9t\u00e9 donn\u00e9e sur la nature de ces attaques ni o\u00f9 elles auraient eu lieu. Mais la Commission sur le renseignement et la s\u00e9curit\u00e9 (ISC) du Parlement britannique a r\u00e9cemment observ\u00e9 dans un rapport mi-juillet que la menace d&rsquo;attaques physiques men\u00e9es <a href=\"https:\/\/www.lexpress.fr\/monde\/amerique\/lapprovisionnement-americain-en-systemes-antimissiles-inquiete-apres-la-guerre-iran-israel-VW3JGWROSBHKHECJT5TW6VF5SI\/\" target=\"_self\" rel=\"noopener\" title=\"https:\/\/www.lexpress.fr\/monde\/amerique\/lapprovisionnement-americain-en-systemes-antimissiles-inquiete-apres-la-guerre-iran-israel-VW3JGWROSBHKHECJT5TW6VF5SI\/\">par l&rsquo;Iran<\/a> sur le sol britannique avait augment\u00e9 de fa\u00e7on \u00ab\u00a0consid\u00e9rable\u00a0\u00bb, avec au moins 15 tentatives de meurtre ou d&rsquo;enl\u00e8vement depuis 2022.<\/p>\n<p><strong class=\"article-body-link-list__item text-gray-800 article-body-link-list__item--one-item\">LIRE AUSSI : <a class=\"article-body-link-list__item-link\" href=\"https:\/\/www.lexpress.fr\/idees-et-debats\/trump-humilie-liran-poutine-et-xi-nont-pas-du-aimer-le-spectacle-par-john-herbst-4UOML7WOO5CC3GD6YAQYH3VK7U\/\" target=\"_blank\" rel=\"noreferrer noopener\">John Herbst : \u00ab\u00a0L\u2019offensive de Trump en Iran ? Poutine et Xi Jinping n&rsquo;ont pas d\u00fb aimer\u2026\u00a0\u00bb<\/a><\/strong><\/p>\n<p class=\"paragraph article-body-paragraph article__item    article__text__endpicto\">Et selon un rapport du renseignement n\u00e9erlandais, <a href=\"https:\/\/www.lexpress.fr\/environnement\/incontournable-aux-pays-bas-la-geothermie-ne-prend-pas-en-france-et-pourtant-OOSUYGG4PVAABCW6FM6ZQ4JHTM\/\" target=\"_self\" rel=\"noopener\" title=\"https:\/\/www.lexpress.fr\/environnement\/incontournable-aux-pays-bas-la-geothermie-ne-prend-pas-en-france-et-pourtant-OOSUYGG4PVAABCW6FM6ZQ4JHTM\/\">les Pays-Bas <\/a>ont jug\u00e9 \u00ab\u00a0probable que l&rsquo;Iran soit responsable de tentatives d&rsquo;assassinat\u00a0\u00bb, citant le cas d&rsquo;un Iranien pris pour cible en juin 2024. <\/p>\n","protected":false},"excerpt":{"rendered":"L&rsquo;Iran a rejet\u00e9 ce vendredi 1er ao\u00fbt les accusations de tentatives \u00ab\u00a0d&rsquo;assassinats et d&rsquo;enl\u00e8vements\u00a0\u00bb \u00e0 l&rsquo;\u00e9tranger port\u00e9es par&hellip;\n","protected":false},"author":2,"featured_media":288650,"comment_status":"","ping_status":"","sticky":false,"template":"","format":"standard","meta":{"footnotes":""},"categories":[1589],"tags":[11,782,73,1866,74,12,31,1864,1865,1863,308],"class_list":{"0":"post-288649","1":"post","2":"type-post","3":"status-publish","4":"format-standard","5":"has-post-thumbnail","7":"category-etats-unis","8":"tag-actualites","9":"tag-ameriques","10":"tag-etats-unis","11":"tag-etats-unis-damerique","12":"tag-monde","13":"tag-news","14":"tag-proche-et-moyen-orient","15":"tag-united-states","16":"tag-united-states-of-america","17":"tag-us","18":"tag-usa"},"share_on_mastodon":{"url":"https:\/\/pubeurope.com\/@fr\/114952698974978917","error":""},"_links":{"self":[{"href":"https:\/\/www.europesays.com\/fr\/wp-json\/wp\/v2\/posts\/288649","targetHints":{"allow":["GET"]}}],"collection":[{"href":"https:\/\/www.europesays.com\/fr\/wp-json\/wp\/v2\/posts"}],"about":[{"href":"https:\/\/www.europesays.com\/fr\/wp-json\/wp\/v2\/types\/post"}],"author":[{"embeddable":true,"href":"https:\/\/www.europesays.com\/fr\/wp-json\/wp\/v2\/users\/2"}],"replies":[{"embeddable":true,"href":"https:\/\/www.europesays.com\/fr\/wp-json\/wp\/v2\/comments?post=288649"}],"version-history":[{"count":0,"href":"https:\/\/www.europesays.com\/fr\/wp-json\/wp\/v2\/posts\/288649\/revisions"}],"wp:featuredmedia":[{"embeddable":true,"href":"https:\/\/www.europesays.com\/fr\/wp-json\/wp\/v2\/media\/288650"}],"wp:attachment":[{"href":"https:\/\/www.europesays.com\/fr\/wp-json\/wp\/v2\/media?parent=288649"}],"wp:term":[{"taxonomy":"category","embeddable":true,"href":"https:\/\/www.europesays.com\/fr\/wp-json\/wp\/v2\/categories?post=288649"},{"taxonomy":"post_tag","embeddable":true,"href":"https:\/\/www.europesays.com\/fr\/wp-json\/wp\/v2\/tags?post=288649"}],"curies":[{"name":"wp","href":"https:\/\/api.w.org\/{rel}","templated":true}]}}