{"id":288651,"date":"2025-08-01T09:02:14","date_gmt":"2025-08-01T09:02:14","guid":{"rendered":"https:\/\/www.europesays.com\/fr\/288651\/"},"modified":"2025-08-01T09:02:14","modified_gmt":"2025-08-01T09:02:14","slug":"le-pmi-manufacturier-remonte-un-peu-mais-les-inquietudes-demeurent","status":"publish","type":"post","link":"https:\/\/www.europesays.com\/fr\/288651\/","title":{"rendered":"le PMI manufacturier remonte un peu, mais les inqui\u00e9tudes demeurent"},"content":{"rendered":"<p>        <img decoding=\"async\" src=\"https:\/\/www.europesays.com\/fr\/wp-content\/uploads\/2025\/05\/274-c.jpg\" alt=\"bourse Cac 40\"\/><\/p>\n<p>(Zonebourse.com) &#8211; La contraction de l&rsquo;activit\u00e9 dans le secteur manufacturier du Royaume-Uni s&rsquo;est quelque peu att\u00e9nu\u00e9e en juillet, mais l&rsquo;industrie britannique reste confront\u00e9e \u00e0 des conditions de march\u00e9 difficiles, montre les r\u00e9sultats d&rsquo;une enqu\u00eate publi\u00e9e vendredi.<\/p>\n<p>L&rsquo;indice PMI d\u00e9finitif pour le secteur manufacturier publi\u00e9 par S&amp;P Global est pass\u00e9 de 47,7 \u00e0 48 en juillet, son plus haut niveau en six mois, alors que le chiffre pr\u00e9liminaire (&lsquo;flash&rsquo;) le donnait \u00e0 48,2.<\/p>\n<p>Malgr\u00e9 ces signaux plut\u00f4t encourageants, S&amp;P Global souligne dans son \u00e9tude que la demande int\u00e9rieure reste frein\u00e9e par la hausse des co\u00fbts (salaires, charges sociales), tandis que les exportations p\u00e2tissent des tensions g\u00e9opolitiques et commerciales. Surtout, souligne le cabinet de recherche \u00e9conomique, le march\u00e9 du travail montre une \u00e9volution inqui\u00e9tante, avec des suppressions d&#8217;emplois \u00e0 un rythme parmi les plus \u00e9lev\u00e9s depuis 2020.<\/p>\n<p>Copyright \u00a9 2025 Zonebourse.com &#8211; All rights reserved.<\/p>\n<p>Vous avez aim\u00e9 cet article ? Partagez-le avec vos amis avec les boutons ci-dessous.<\/p>\n<p>        <a target=\"_blank\" title=\"Twitter\" href=\"https:\/\/twitter.com\/share?url=https:\/\/www.abcbourse.com\/marches\/royaume-uni-le-pmi-manufacturier-remonte-un-peu-mais-les-inquietudes-demeurent_671425&amp;text=Royaume-Uni: le PMI manufacturier remonte un peu, mais les inqui\u00e9tudes demeurent&amp;via=abcbourse\" rel=\"nofollow noopener\">&#13;<br \/>\n            <img decoding=\"async\" src=\"https:\/\/www.europesays.com\/fr\/wp-content\/uploads\/2025\/04\/share_twitter.png\" class=\"mr10\" alt=\"Twitter\"\/>&#13;<br \/>\n        <\/a><br \/>\n        <a target=\"_blank\" title=\"Facebook\" href=\"https:\/\/www.facebook.com\/sharer.php?u=https:\/\/www.abcbourse.com\/marches\/royaume-uni-le-pmi-manufacturier-remonte-un-peu-mais-les-inquietudes-demeurent_671425&amp;t=Royaume-Uni: le PMI manufacturier remonte un peu, mais les inqui\u00e9tudes demeurent\" rel=\"nofollow noopener\">&#13;<br \/>\n            <img decoding=\"async\" src=\"https:\/\/www.europesays.com\/fr\/wp-content\/uploads\/2025\/04\/share_fb.png\" alt=\"Facebook\" class=\"mr10\"\/>&#13;<br \/>\n        <\/a><br \/>\n        <a target=\"_blank\" title=\"Linkedin\" href=\"https:\/\/www.linkedin.com\/shareArticle?mini=true&amp;url=https:\/\/www.abcbourse.com\/marches\/royaume-uni-le-pmi-manufacturier-remonte-un-peu-mais-les-inquietudes-demeurent_671425&amp;title=Royaume-Uni: le PMI manufacturier remonte un peu, mais les inqui\u00e9tudes demeurent\" rel=\"nofollow noopener\">&#13;<br \/>\n            <img decoding=\"async\" src=\"https:\/\/www.europesays.com\/fr\/wp-content\/uploads\/2025\/04\/share_linkedin.png\" alt=\"Linkedin\" class=\"mr10\"\/>&#13;<br \/>\n        <\/a><br \/>\n        <a target=\"_blank\" title=\"Envoyer par mail\" href=\"mailto:?subject=Royaume-Uni: le PMI manufacturier remonte un peu, mais les inqui\u00e9tudes demeurent&amp;body=https:\/\/www.abcbourse.com\/marches\/royaume-uni-le-pmi-manufacturier-remonte-un-peu-mais-les-inquietudes-demeurent_671425\" rel=\"nofollow\">&#13;<br \/>\n            <img decoding=\"async\" src=\"https:\/\/www.europesays.com\/fr\/wp-content\/uploads\/2025\/04\/share_email.png\" alt=\"email\"\/>&#13;<br \/>\n        <\/a><br \/>\n    <script async src=\"https:\/\/platform.twitter.com\/widgets.js\" charset=\"utf-8\"><\/script><\/p>\n","protected":false},"excerpt":{"rendered":"(Zonebourse.com) &#8211; La contraction de l&rsquo;activit\u00e9 dans le secteur manufacturier du Royaume-Uni s&rsquo;est quelque peu att\u00e9nu\u00e9e en juillet,&hellip;\n","protected":false},"author":2,"featured_media":80011,"comment_status":"","ping_status":"","sticky":false,"template":"","format":"standard","meta":{"footnotes":""},"categories":[1588],"tags":[11,1777,674,12,473,1853,1851,1850,1852],"class_list":{"0":"post-288651","1":"post","2":"type-post","3":"status-publish","4":"format-standard","5":"has-post-thumbnail","7":"category-royaume-uni","8":"tag-actualites","9":"tag-eu","10":"tag-europe","11":"tag-news","12":"tag-royaume-uni","13":"tag-royaume-uni-de-grande-bretagne-et-dirlande-du-nord","14":"tag-uk","15":"tag-united-kingdom","16":"tag-united-kingdom-of-great-britain-and-northern-ireland"},"share_on_mastodon":{"url":"https:\/\/pubeurope.com\/@fr\/114952702902205226","error":""},"_links":{"self":[{"href":"https:\/\/www.europesays.com\/fr\/wp-json\/wp\/v2\/posts\/288651","targetHints":{"allow":["GET"]}}],"collection":[{"href":"https:\/\/www.europesays.com\/fr\/wp-json\/wp\/v2\/posts"}],"about":[{"href":"https:\/\/www.europesays.com\/fr\/wp-json\/wp\/v2\/types\/post"}],"author":[{"embeddable":true,"href":"https:\/\/www.europesays.com\/fr\/wp-json\/wp\/v2\/users\/2"}],"replies":[{"embeddable":true,"href":"https:\/\/www.europesays.com\/fr\/wp-json\/wp\/v2\/comments?post=288651"}],"version-history":[{"count":0,"href":"https:\/\/www.europesays.com\/fr\/wp-json\/wp\/v2\/posts\/288651\/revisions"}],"wp:featuredmedia":[{"embeddable":true,"href":"https:\/\/www.europesays.com\/fr\/wp-json\/wp\/v2\/media\/80011"}],"wp:attachment":[{"href":"https:\/\/www.europesays.com\/fr\/wp-json\/wp\/v2\/media?parent=288651"}],"wp:term":[{"taxonomy":"category","embeddable":true,"href":"https:\/\/www.europesays.com\/fr\/wp-json\/wp\/v2\/categories?post=288651"},{"taxonomy":"post_tag","embeddable":true,"href":"https:\/\/www.europesays.com\/fr\/wp-json\/wp\/v2\/tags?post=288651"}],"curies":[{"name":"wp","href":"https:\/\/api.w.org\/{rel}","templated":true}]}}