{"id":288658,"date":"2025-08-01T09:06:13","date_gmt":"2025-08-01T09:06:13","guid":{"rendered":"https:\/\/www.europesays.com\/fr\/288658\/"},"modified":"2025-08-01T09:06:13","modified_gmt":"2025-08-01T09:06:13","slug":"relancee-avec-de-nouveaux-droits-de-douane-la-guerre-commerciale-de-donald-trump-bientot-declaree-illegale-liberation","status":"publish","type":"post","link":"https:\/\/www.europesays.com\/fr\/288658\/","title":{"rendered":"Relanc\u00e9e avec de nouveaux droits de douane, la guerre commerciale de Donald Trump bient\u00f4t d\u00e9clar\u00e9e ill\u00e9gale\u00a0?\u00a0 \u2013 Lib\u00e9ration"},"content":{"rendered":"<p class=\"sc-ksZaOG ehjQrN text-element\">C\u2019est comme une bouff\u00e9e printani\u00e8re au c\u0153ur d\u2019un \u00e9t\u00e9 am\u00e9ricain croulant sous son d\u00f4me de chaleur : \u00e0 quelques heures seulement de la derni\u00e8re \u00e9ch\u00e9ance fix\u00e9e par l\u2019administration Trump \u00e0 l\u2019entr\u00e9e en vigueur de son barrage de droits de douane, le bouquet d\u2019annonces tardives de la Maison Blanche, jeudi 31 juillet, s\u2019est pr\u00e9sent\u00e9 charg\u00e9 d\u2019un \u00e9pais fumet de <a href=\"https:\/\/www.liberation.fr\/international\/amerique\/liberation-day-avec-ses-nouveaux-tarifs-douaniers-donald-trump-montre-de-quels-droits-il-se-chauffe-20250401_JCYRTBVWQRC3ZALXDVTCX4ZUMM\/?redirected=1\" target=\"_blank\" rel=\"nofollow noopener\" title=\"https:\/\/www.liberation.fr\/international\/amerique\/liberation-day-avec-ses-nouveaux-tarifs-douaniers-donald-trump-montre-de-quels-droits-il-se-chauffe-20250401_JCYRTBVWQRC3ZALXDVTCX4ZUMM\/?redirected=1\">\u00abLiberation Day\u00bb<\/a> \u2013 ce jour de fanfare du protectionnisme trumpien d\u00e9but avril, aux annonces aussi fracassantes qu\u2019aussit\u00f4t remis\u00e9es devant l\u2019apoplexie panique des march\u00e9s financiers. <\/p>\n<p class=\"sc-ksZaOG ehjQrN text-element\">Nouvelles r\u00e8gles parachut\u00e9es sans pr\u00e9venir depuis le Bureau ovale, taux de surtaxes \u00e0 l\u2019importation comme tir\u00e9s d\u2019un chapeau ou d\u2019un coup de d\u00e9s, deadlines qui valsent au profit d\u2019une nouvelle qui tiendra peut-\u00eatre, peut-\u00eatre pas. La tomb\u00e9e de couperet du 1er ao\u00fbt encore diff\u00e9r\u00e9e, <a href=\"https:\/\/www.liberation.fr\/international\/amerique\/etats-unis-les-droits-de-douane-voulus-par-trump-retardes-au-7er-aout-20250801_3A44CK5WCVGPVKGTXS356LFDGI\/\" target=\"_blank\" rel=\"nofollow noopener\" title=\"https:\/\/www.liberation.fr\/international\/&lt;\/p&gt;&lt;\/div&gt;&lt;\/article&gt;&lt;\/div&gt;&lt;div data-fusion-lazy-id=\" f0f8vgvlad832fw=\"\"><\/p>\n","protected":false},"excerpt":{"rendered":"C\u2019est comme une bouff\u00e9e printani\u00e8re au c\u0153ur d\u2019un \u00e9t\u00e9 am\u00e9ricain croulant sous son d\u00f4me de chaleur : \u00e0&hellip;\n","protected":false},"author":2,"featured_media":288659,"comment_status":"","ping_status":"","sticky":false,"template":"","format":"standard","meta":{"footnotes":""},"categories":[2],"tags":[11,75,73,1011,27,1074,12,25],"class_list":{"0":"post-288658","1":"post","2":"type-post","3":"status-publish","4":"format-standard","5":"has-post-thumbnail","7":"category-actualites","8":"tag-actualites","9":"tag-donald-trump","10":"tag-etats-unis","11":"tag-fr","12":"tag-france","13":"tag-guerre-commerciale","14":"tag-news","15":"tag-republique-francaise"},"share_on_mastodon":{"url":"https:\/\/pubeurope.com\/@fr\/114952718488659247","error":""},"_links":{"self":[{"href":"https:\/\/www.europesays.com\/fr\/wp-json\/wp\/v2\/posts\/288658","targetHints":{"allow":["GET"]}}],"collection":[{"href":"https:\/\/www.europesays.com\/fr\/wp-json\/wp\/v2\/posts"}],"about":[{"href":"https:\/\/www.europesays.com\/fr\/wp-json\/wp\/v2\/types\/post"}],"author":[{"embeddable":true,"href":"https:\/\/www.europesays.com\/fr\/wp-json\/wp\/v2\/users\/2"}],"replies":[{"embeddable":true,"href":"https:\/\/www.europesays.com\/fr\/wp-json\/wp\/v2\/comments?post=288658"}],"version-history":[{"count":0,"href":"https:\/\/www.europesays.com\/fr\/wp-json\/wp\/v2\/posts\/288658\/revisions"}],"wp:featuredmedia":[{"embeddable":true,"href":"https:\/\/www.europesays.com\/fr\/wp-json\/wp\/v2\/media\/288659"}],"wp:attachment":[{"href":"https:\/\/www.europesays.com\/fr\/wp-json\/wp\/v2\/media?parent=288658"}],"wp:term":[{"taxonomy":"category","embeddable":true,"href":"https:\/\/www.europesays.com\/fr\/wp-json\/wp\/v2\/categories?post=288658"},{"taxonomy":"post_tag","embeddable":true,"href":"https:\/\/www.europesays.com\/fr\/wp-json\/wp\/v2\/tags?post=288658"}],"curies":[{"name":"wp","href":"https:\/\/api.w.org\/{rel}","templated":true}]}}