{"id":288675,"date":"2025-08-01T09:18:18","date_gmt":"2025-08-01T09:18:18","guid":{"rendered":"https:\/\/www.europesays.com\/fr\/288675\/"},"modified":"2025-08-01T09:18:18","modified_gmt":"2025-08-01T09:18:18","slug":"camille-gottlieb-en-surcharge-ponderale-cette-phrase-de-stephanie-de-monaco-qui-la-marquee","status":"publish","type":"post","link":"https:\/\/www.europesays.com\/fr\/288675\/","title":{"rendered":"Camille Gottlieb en \u201csurcharge pond\u00e9rale\u201d : cette phrase de St\u00e9phanie de Monaco qui l\u2019a marqu\u00e9e"},"content":{"rendered":"<p>Ce n\u2019est pas une couverture de magazine, ni un avant\/apr\u00e8s<br \/>\nspectaculaire sur Instagram qui a motiv\u00e9 <a href=\"https:\/\/www.closermag.fr\/royautes\/camille-gottlieb-cet-hommage-vestimentaire-a-grace-kelly-passe-inapercu-3566914\" target=\"_blank\" rel=\"noopener\"><br \/>\nCamille Gottlieb.<\/a> Si la <a href=\"https:\/\/www.closermag.fr\/royautes\/camille-gottlieb-glamour-dans-une-robe-en-hommage-a-sa-grand-mere-grace-kelly-lors-du-76e-gala-de-la-croix-rouge-3563560\" target=\"_blank\" rel=\"noopener\"><br \/>\nfille cadette de la princesse St\u00e9phanie de Monaco<\/a> a perdu pr\u00e8s<br \/>\nde <strong>28 kilos en quelques mois<\/strong>, c\u2019est avant tout<br \/>\npour elle-m\u00eame.<\/p>\n<p>Invit\u00e9e dans un podcast de <a href=\"https:\/\/monacoinfo.com\/video\/camille-gottlieb\/\" target=\"_blank\" rel=\"nofollow noopener\">Monaco Info,<\/a> la jeune femme de<br \/>\n27 ans a \u00e9voqu\u00e9 sans d\u00e9tour son ancienne <strong>\u201csurcharge<br \/>\npond\u00e9rale\u201d,<\/strong> les remarques blessantes, mais aussi une<br \/>\nphrase simple et lumineuse de sa m\u00e8re qui l\u2019a aid\u00e9e \u00e0 se<br \/>\nreconstruire. \u201cJe n\u2019ai pas eu de d\u00e9clic magique\u201d,<br \/>\nconfie-t-elle dans cet entretien intime.\u00a0<\/p>\n<p><img loading=\"lazy\" decoding=\"async\" itemprop=\"thumbnailUrl\" class=\"aligncenter size-large wp-image-3568444 img-responsive\" src=\"https:\/\/www.europesays.com\/fr\/wp-content\/uploads\/2025\/08\/bestimage_00691779_000020-682x1024.jpg\" alt=\"2\u00e8me soir\u00e9e de s\u00e9lection du 47\u00e8me Festival International du Cirque de Monte-Carlo en pr\u00e9sence de la princesse St\u00e9phanie de Monaco et de sa fiile Camille Gottlieb sous le chapiteau Fontvieille \u00e0 Monaco, le 18 janvier 2025. \u00a9 Bruno B\u00e9bert\/Pool Monaco\/Bestimage\" width=\"682\" height=\"1024\"\/> \u00a9 Bestimage<\/p>\n<p>Camille Gottlieb revient sur le soutien ind\u00e9fectible de sa<br \/>\nm\u00e8re, St\u00e9phanie de Monaco, dans sa perte de poids<\/p>\n<p>La vraie bascule, selon elle, a lieu durant le deuxi\u00e8me<br \/>\nconfinement, fin 2020. \u201cJ\u2019\u00e9tais d\u00e9j\u00e0 en surcharge pond\u00e9rale. Et<br \/>\napr\u00e8s le premier confinement, j\u2019avais repris encore plus.\u201d<br \/>\nMais c\u2019est en observant son meilleur ami Mehdi qu\u2019elle trouve la<br \/>\nmotivation. \u201cIl avait grossi aussi, donc on s\u2019est dit qu\u2019on<br \/>\nallait s\u2019y mettre ensemble.\u201d<\/p>\n<p>Tandis que lui suit un r\u00e9gime strict, <a href=\"https:\/\/www.closermag.fr\/royautes\/camille-gottlieb-devoile-enfin-le-visage-de-son-compagnon-et-il-est-canon-3524571\" target=\"_blank\" rel=\"noopener\"><br \/>\nCamille Gottlieb, en couple<\/a>, opte pour un r\u00e9\u00e9quilibrage<br \/>\nalimentaire, loin des privations extr\u00eames. Un choix qu\u2019elle ne fait<br \/>\npas seule. Vivant toujours chez sa m\u00e8re, elle re\u00e7oit un soutien<br \/>\npr\u00e9cieux de <a href=\"https:\/\/www.closermag.fr\/royautes\/stephanie-de-monaco-sortie-avec-ses-enfants-pour-la-princesse-malgre-une-grande-absente-3561273\" target=\"_blank\" rel=\"noopener\"><br \/>\nSt\u00e9phanie de Monaco<\/a>, bienveillante mais ferme : \u201cElle a dit<br \/>\n: \u2018Maintenant vous allez \u00eatre s\u00e9rieux tous les deux, je vais vous<br \/>\nfaire \u00e0 manger moi.\u2019\u201d<\/p>\n<p>\u00ab\u00a0Je me suis fait violence\u00a0\u00bb<\/p>\n<p>Mais derri\u00e8re la discipline, une phrase l\u2019a marqu\u00e9e. Une phrase<br \/>\nsimple, mais puissante, que lui a gliss\u00e9e <a href=\"https:\/\/www.closermag.fr\/tag\/stephanie-de-monaco\" target=\"_blank\" rel=\"noopener\">sa maman,<br \/>\nSt\u00e9phanie de Monaco<\/a> : \u201cDe toute fa\u00e7on, que tu fasses 120<br \/>\nkilos, 50 kilos ou 70 kilos, <strong>je t\u2019aime quand<br \/>\nm\u00eame.\u201d\u00a0<\/strong> Et le changement s\u2019enclenche. \u201cJe<br \/>\nrentrais, je prenais des gressins, un bout de fromage\u2026 C\u2019\u00e9tait<br \/>\nautomatique.\u201d Peu \u00e0 peu, Camille Gottlieb r\u00e9apprend \u00e0 \u00e9couter<br \/>\nson corps, \u00e0 manger moins. \u201c<strong>J\u2019ai r\u00e9duit mon<br \/>\nestomac<\/strong>, je me suis fait violence pendant des semaines.<br \/>\nJ\u2019ai fait z\u00e9ro sport.\u201d<\/p>\n<p>Et face aux critiques, Camille r\u00e9pond avec une sagesse rare :<br \/>\n\u201cJe me dis que les personnes qui critiquent sont les plus<br \/>\nmalheureuses.\u201d \u00c0 celles qui subissent les jugements, elle<br \/>\nenvoie un message clair : <strong>\u201cEntre femmes, c\u2019est d\u00e9j\u00e0<br \/>\ncompliqu\u00e9, alors soutenons-nous.\u201d<\/strong><\/p>\n","protected":false},"excerpt":{"rendered":"Ce n\u2019est pas une couverture de magazine, ni un avant\/apr\u00e8s spectaculaire sur Instagram qui a motiv\u00e9 Camille Gottlieb.&hellip;\n","protected":false},"author":2,"featured_media":288676,"comment_status":"","ping_status":"","sticky":false,"template":"","format":"standard","meta":{"footnotes":""},"categories":[1359],"tags":[548,24028,58,59,1011,27,973,32691],"class_list":{"0":"post-288675","1":"post","2":"type-post","3":"status-publish","4":"format-standard","5":"has-post-thumbnail","7":"category-people","8":"tag-article-simple","9":"tag-camille-gottlieb","10":"tag-divertissement","11":"tag-entertainment","12":"tag-fr","13":"tag-france","14":"tag-people","15":"tag-stephanie-de-monaco"},"share_on_mastodon":{"url":"https:\/\/pubeurope.com\/@fr\/114952765910120974","error":""},"_links":{"self":[{"href":"https:\/\/www.europesays.com\/fr\/wp-json\/wp\/v2\/posts\/288675","targetHints":{"allow":["GET"]}}],"collection":[{"href":"https:\/\/www.europesays.com\/fr\/wp-json\/wp\/v2\/posts"}],"about":[{"href":"https:\/\/www.europesays.com\/fr\/wp-json\/wp\/v2\/types\/post"}],"author":[{"embeddable":true,"href":"https:\/\/www.europesays.com\/fr\/wp-json\/wp\/v2\/users\/2"}],"replies":[{"embeddable":true,"href":"https:\/\/www.europesays.com\/fr\/wp-json\/wp\/v2\/comments?post=288675"}],"version-history":[{"count":0,"href":"https:\/\/www.europesays.com\/fr\/wp-json\/wp\/v2\/posts\/288675\/revisions"}],"wp:featuredmedia":[{"embeddable":true,"href":"https:\/\/www.europesays.com\/fr\/wp-json\/wp\/v2\/media\/288676"}],"wp:attachment":[{"href":"https:\/\/www.europesays.com\/fr\/wp-json\/wp\/v2\/media?parent=288675"}],"wp:term":[{"taxonomy":"category","embeddable":true,"href":"https:\/\/www.europesays.com\/fr\/wp-json\/wp\/v2\/categories?post=288675"},{"taxonomy":"post_tag","embeddable":true,"href":"https:\/\/www.europesays.com\/fr\/wp-json\/wp\/v2\/tags?post=288675"}],"curies":[{"name":"wp","href":"https:\/\/api.w.org\/{rel}","templated":true}]}}