{"id":288679,"date":"2025-08-01T09:21:13","date_gmt":"2025-08-01T09:21:13","guid":{"rendered":"https:\/\/www.europesays.com\/fr\/288679\/"},"modified":"2025-08-01T09:21:13","modified_gmt":"2025-08-01T09:21:13","slug":"ma-boule-bretonne-un-livre-a-lorigine-dune-belle-rencontre-a-pleubian","status":"publish","type":"post","link":"https:\/\/www.europesays.com\/fr\/288679\/","title":{"rendered":"\u00ab\u00a0Ma boule Bretonne\u00a0\u00bb, un livre \u00e0 l\u2019origine d\u2019une belle rencontre \u00e0 Pleubian"},"content":{"rendered":"<p>La publication du livre \u00ab\u00a0Ma Boule Bretonne\u00a0\u00bb, en janvier 2025, a permis, \u00e0 son auteur, Jean-Yves Le Bideau de faire, une belle rencontre samedi. Il a en effet \u00e9chang\u00e9 avec Karine, petite fille de Paul G\u00e9lard, bouliste confirm\u00e9, plusieurs fois cit\u00e9 dans l\u2019ouvrage.<\/p>\n<p>D\u00e9tenteur de multiples coupes et troph\u00e9es, Jean-Yves Le Bideau a souhait\u00e9 remettre \u00e0 Karine le challenge gagn\u00e9 en 1985 \u00e0 Kerbors, et qui porte le nom de son grand-p\u00e8re. C\u2019est avec beaucoup d\u2019\u00e9motion que Karine a re\u00e7u ce cadeau inattendu lui rappelant les souvenirs de son enfance, lorsqu\u2019elle suivait les concours de boules avec une grande admiration pour son grand-p\u00e8re.<\/p>\n<p>Il reste encore quelques exemplaires du livre, \u00ab\u00a0Ma boule bretonne\u00a0\u00bb, publi\u00e9 aux \u00e9ditions Le Cormoran dans la collection Tr\u00e9gor nagu\u00e8re. Les livres sont en vente Chez Laurent, au bar le Talbert, \u00e0 la librairie Bouquine au bourg, ou chez Isa &amp; Jo, entre autres.<\/p>\n<p>Le livre peut \u00e9galement \u00eatre command\u00e9 directement aupr\u00e8s de l\u2019auteur.<\/p>\n<p>Contact<\/p>\n<p class=\"note\">Jean Yves Le Bideau\u00a0: t\u00e9l 07\u00a080\u00a036\u00a038\u00a070.<\/p>\n","protected":false},"excerpt":{"rendered":"La publication du livre \u00ab\u00a0Ma Boule Bretonne\u00a0\u00bb, en janvier 2025, a permis, \u00e0 son auteur, Jean-Yves Le Bideau&hellip;\n","protected":false},"author":2,"featured_media":288680,"comment_status":"","ping_status":"","sticky":false,"template":"","format":"standard","meta":{"footnotes":""},"categories":[1357],"tags":[1379,58,59,1011,27,1380,42770],"class_list":{"0":"post-288679","1":"post","2":"type-post","3":"status-publish","4":"format-standard","5":"has-post-thumbnail","7":"category-livres","8":"tag-books","9":"tag-divertissement","10":"tag-entertainment","11":"tag-fr","12":"tag-france","13":"tag-livres","14":"tag-pleubian"},"share_on_mastodon":{"url":"https:\/\/pubeurope.com\/@fr\/114952777742303594","error":""},"_links":{"self":[{"href":"https:\/\/www.europesays.com\/fr\/wp-json\/wp\/v2\/posts\/288679","targetHints":{"allow":["GET"]}}],"collection":[{"href":"https:\/\/www.europesays.com\/fr\/wp-json\/wp\/v2\/posts"}],"about":[{"href":"https:\/\/www.europesays.com\/fr\/wp-json\/wp\/v2\/types\/post"}],"author":[{"embeddable":true,"href":"https:\/\/www.europesays.com\/fr\/wp-json\/wp\/v2\/users\/2"}],"replies":[{"embeddable":true,"href":"https:\/\/www.europesays.com\/fr\/wp-json\/wp\/v2\/comments?post=288679"}],"version-history":[{"count":0,"href":"https:\/\/www.europesays.com\/fr\/wp-json\/wp\/v2\/posts\/288679\/revisions"}],"wp:featuredmedia":[{"embeddable":true,"href":"https:\/\/www.europesays.com\/fr\/wp-json\/wp\/v2\/media\/288680"}],"wp:attachment":[{"href":"https:\/\/www.europesays.com\/fr\/wp-json\/wp\/v2\/media?parent=288679"}],"wp:term":[{"taxonomy":"category","embeddable":true,"href":"https:\/\/www.europesays.com\/fr\/wp-json\/wp\/v2\/categories?post=288679"},{"taxonomy":"post_tag","embeddable":true,"href":"https:\/\/www.europesays.com\/fr\/wp-json\/wp\/v2\/tags?post=288679"}],"curies":[{"name":"wp","href":"https:\/\/api.w.org\/{rel}","templated":true}]}}