{"id":288681,"date":"2025-08-01T09:22:11","date_gmt":"2025-08-01T09:22:11","guid":{"rendered":"https:\/\/www.europesays.com\/fr\/288681\/"},"modified":"2025-08-01T09:22:11","modified_gmt":"2025-08-01T09:22:11","slug":"les-delcourt-combatifs-comme-au-debut-se-rejouit-alexandre-brasseur","status":"publish","type":"post","link":"https:\/\/www.europesays.com\/fr\/288681\/","title":{"rendered":"Les Delcourt\u00a0? \u00ab\u00a0Combatifs, comme au d\u00e9but\u00a0\u00bb, se r\u00e9jouit Alexandre Brasseur"},"content":{"rendered":"<p>Un \u00e9pisode \u00e0 ne pas rater\u00a0! <a href=\"https:\/\/www.20minutes.fr\/dossier\/tf1\" class=\"color-ultramarine c-link\" target=\"_blank\" rel=\"noopener\">TF1<\/a> diffuse ce vendredi le 2000e \u00e9pisode de sa s\u00e9rie quotidienne <a href=\"https:\/\/www.20minutes.fr\/arts-stars\/serie\/demain-appartient\/\" class=\"color-ultramarine c-link\" target=\"_blank\" rel=\"noopener\">Demain nous appartient<\/a>, lanc\u00e9e le 17\u00a0juillet 2017. Pour f\u00eater \u00e7a, Sylvain (Arnaud Henriet) et Bruno (Kevin Levy) orchestrent une surprise haute en couleur pour Chlo\u00e9 (<a href=\"https:\/\/www.20minutes.fr\/arts-stars\/serie\/2704011-20200126-demain-appartient-demenagement-relation-hygiene-vie-comment-feuilleton-quotidien-bouleverse-vie-comediens\" class=\"color-ultramarine c-link\" target=\"_blank\" rel=\"noopener\">Ingrid Chauvin<\/a>) et Alex (<a href=\"https:\/\/www.20minutes.fr\/arts-stars\/serie\/3090015-20210813-pendant-premier-confinement-senti-profondement-inutile-confie-alexandre-brasseur\" class=\"color-ultramarine c-link\" target=\"_blank\" rel=\"noopener\">Alexandre Brasseur<\/a>). Entour\u00e9s de leur tribu, les Delcourt se laissent emporter par une vague de nostalgie, revisitant huit ans de moments inoubliables \u00e0 travers des flash-back pleins d\u2019\u00e9motion. A cette occasion, les deux piliers du feuilleton, Ingrid Chauvin et Alexandre Brasseur, que 20 Minutes a rencontr\u00e9 au <a href=\"https:\/\/www.20minutes.fr\/dossier\/festival_tv_de_monte_carlo\" class=\"color-ultramarine c-link\" target=\"_blank\" rel=\"noopener\">Festival de T\u00e9l\u00e9vision de Monte-Carlo<\/a>, ont accept\u00e9 de se pr\u00eater \u00e0 une interview vieux couple\u2026<\/p>\n<p>Savez-vous depuis combien de temps vos personnages sont ensemble\u00a0?<\/p>\n<p>Alexandre Brasseur. Ils avaient 17 ans quand ils se sont rencontr\u00e9s. Je crois qu\u2019ils ont 45 ans dans la s\u00e9rie.<\/p>\n<p>Ingrid Chauvin. C\u2019est \u00e7a.<\/p>\n<p>A.B. Je ne suis pas bon en maths par contre.<\/p>\n<p>I.C. Moi non plus, mais en tout cas \u00e7a fait tr\u00e8s longtemps, \u00e7a fait une paye\u00a0!<\/p>\n<p>Quel est le secret qui fait que leur couple dure malgr\u00e9 toutes les \u00e9preuves qu\u2019ils ont travers\u00e9es\u00a0?<\/p>\n<p>I.C. Les \u00e9preuves qu\u2019ils ont travers\u00e9es sont nombreuses, mais je crois qu\u2019ils s\u2019aiment fondamentalement avant tout.<\/p>\n<p>A.B. Oui, ils sont bienveillants l\u2019un envers l\u2019autre. Ils sont tr\u00e8s respectueux aussi.<\/p>\n<p>En mati\u00e8re de vie \u00e0 deux, selon vous, quel est le pire d\u00e9faut que vos personnages\u00a0?<\/p>\n<p>A.B. Moi, je pense qu\u2019un des pires d\u00e9fauts dans le couple, c\u2019est le manque de communication.<\/p>\n<p>I.C. \u00c7a, on est d\u2019accord.<\/p>\n<p>A.B. Alex a cette tumeur, et il n\u2019a pas os\u00e9 en parler tout de suite et dire\u00a0: \u00ab\u00a0Tu vois, ch\u00e9rie, je suis malade, j\u2019ai un souci, aide-moi\u00a0!\u00a0\u00bb Ce n\u2019est pas r\u00e9current le manque de communication chez Chlo\u00e9 et Alex. Mais comme dans tous les couples, \u00e7a arrive quand m\u00eame.<\/p>\n<p>I.C. Et quand \u00e7a arrive, \u00e7a fout la merde, elle lui en veut beaucoup.<\/p>\n<p>A l\u2019inverse, quelle est leur principale qualit\u00e9\u00a0?<\/p>\n<p>I.C. Je pense qu\u2019ils sont \u00e0 l\u2019\u00e9coute malgr\u00e9 tout, bienveillants, soud\u00e9s.<\/p>\n<p>A.B. Et d\u2019ailleurs, moi, j\u2019aime quand ils sont dans un combat commun. C\u2019est ce qu\u2019on vient de faire dans l\u2019intrigue que nous pr\u00e9sentons cet \u00e9t\u00e9 avec <a href=\"https:\/\/www.20minutes.fr\/arts-stars\/serie\/4162878-20250710-demain-appartient-joue-papa-detresse-explique-jean-luc-reichmann\" class=\"color-ultramarine c-link\" target=\"_blank\" rel=\"noopener\">Jean-Luc Reichmann<\/a>.<\/p>\n<p>I.C. Ils sont vraiment ensemble<\/p>\n<p>A.B. Dress\u00e9s, combatifs, comme au d\u00e9but de la s\u00e9rie\u00a0! On raconte des histoires, on est nombreux l\u00e0-dedans. \u00c7a monte, \u00e7a descend, c\u2019est un sacr\u00e9 gros paquebot. Mais on y va, on fonce. Et l\u00e0, on est remont\u00e9s ensemble, on est combatifs. Et j\u2019adore. C\u2019est un rouleau compresseur, les Delcourt, quand ils arrivent\u00a0! On se fait les flics, tout le monde\u00a0! On n\u2019a peur de rien, nous. Enfin, dans la s\u00e9rie\u00a0!<\/p>\n","protected":false},"excerpt":{"rendered":"Un \u00e9pisode \u00e0 ne pas rater\u00a0! TF1 diffuse ce vendredi le 2000e \u00e9pisode de sa s\u00e9rie quotidienne Demain&hellip;\n","protected":false},"author":2,"featured_media":288682,"comment_status":"","ping_status":"","sticky":false,"template":"","format":"standard","meta":{"footnotes":""},"categories":[1356],"tags":[3598,58,59,1011,27,465,521,252,199,1364],"class_list":{"0":"post-288681","1":"post","2":"type-post","3":"status-publish","4":"format-standard","5":"has-post-thumbnail","7":"category-television","8":"tag-demain-nous-appartient","9":"tag-divertissement","10":"tag-entertainment","11":"tag-fr","12":"tag-france","13":"tag-jean-luc-reichmann","14":"tag-serie","15":"tag-television","16":"tag-tf1","17":"tag-tv"},"share_on_mastodon":{"url":"https:\/\/pubeurope.com\/@fr\/114952781511375759","error":""},"_links":{"self":[{"href":"https:\/\/www.europesays.com\/fr\/wp-json\/wp\/v2\/posts\/288681","targetHints":{"allow":["GET"]}}],"collection":[{"href":"https:\/\/www.europesays.com\/fr\/wp-json\/wp\/v2\/posts"}],"about":[{"href":"https:\/\/www.europesays.com\/fr\/wp-json\/wp\/v2\/types\/post"}],"author":[{"embeddable":true,"href":"https:\/\/www.europesays.com\/fr\/wp-json\/wp\/v2\/users\/2"}],"replies":[{"embeddable":true,"href":"https:\/\/www.europesays.com\/fr\/wp-json\/wp\/v2\/comments?post=288681"}],"version-history":[{"count":0,"href":"https:\/\/www.europesays.com\/fr\/wp-json\/wp\/v2\/posts\/288681\/revisions"}],"wp:featuredmedia":[{"embeddable":true,"href":"https:\/\/www.europesays.com\/fr\/wp-json\/wp\/v2\/media\/288682"}],"wp:attachment":[{"href":"https:\/\/www.europesays.com\/fr\/wp-json\/wp\/v2\/media?parent=288681"}],"wp:term":[{"taxonomy":"category","embeddable":true,"href":"https:\/\/www.europesays.com\/fr\/wp-json\/wp\/v2\/categories?post=288681"},{"taxonomy":"post_tag","embeddable":true,"href":"https:\/\/www.europesays.com\/fr\/wp-json\/wp\/v2\/tags?post=288681"}],"curies":[{"name":"wp","href":"https:\/\/api.w.org\/{rel}","templated":true}]}}