{"id":288687,"date":"2025-08-01T09:25:18","date_gmt":"2025-08-01T09:25:18","guid":{"rendered":"https:\/\/www.europesays.com\/fr\/288687\/"},"modified":"2025-08-01T09:25:18","modified_gmt":"2025-08-01T09:25:18","slug":"microplastiques-inhales-chaque-jour-que-risque-t-on-vraiment","status":"publish","type":"post","link":"https:\/\/www.europesays.com\/fr\/288687\/","title":{"rendered":"Microplastiques inhal\u00e9s chaque jour : que risque-t-on vraiment ?"},"content":{"rendered":"<p>             <a href=\"https:\/\/ma-sante.news\/wp-content\/uploads\/2025\/08\/microplastiques-dans-lair-risques-poumons-pulmonaires-inhalation-Ma-Sante.jpeg\" data-caption=\"Chaque ann\u00e9e, la pollution aux microplastiques g\u00e9n\u00e8re environ 1,3 million de tonnes de particules qui se dispersent dans l\u2019atmosph\u00e8re mondiale selon l\u2019UNEP (Programme des Nations Unies pour l\u2019Environnement - UNEP). \u00a9 Adobe Stock\" target=\"_blank\" rel=\"noopener\"><img loading=\"lazy\" decoding=\"async\" width=\"696\" height=\"465\" class=\"entry-thumb td-modal-image\" src=\"data:image\/svg+xml,%3Csvg%20xmlns=\" http:=\"\" data-lazy- data-lazy- alt=\"Une femme qui montre les milliers de microplastiques dans l'air.\" title=\"microplastiques dans l'air risques poumons pulmonaires inhalation Ma Sant\u00e9\" data-lazy-src=\"https:\/\/www.europesays.com\/fr\/wp-content\/uploads\/2025\/08\/microplastiques-dans-lair-risques-poumons-pulmonaires-inhalation-Ma-Sante-696x465.jpeg\"\/><\/a>Chaque ann\u00e9e, la pollution aux microplastiques g\u00e9n\u00e8re environ 1,3 million de tonnes de particules qui se dispersent dans l\u2019atmosph\u00e8re mondiale selon l\u2019UNEP (Programme des Nations Unies pour l\u2019Environnement &#8211; UNEP). \u00a9 Adobe Stock                                    \t\t\t             <a class=\"gofollow\" data-track=\"MjgsMCwxLDYw\" href=\"https:\/\/ma-sante.news\/inscrivez-vous-a-notre-newsletter\/\" target=\"_blank\" rel=\"noopener\"><img loading=\"lazy\" decoding=\"async\" width=\"1068\" height=\"131\" src=\"data:image\/svg+xml,%3Csvg%20xmlns=\" http:=\"\" data-lazy-src=\"https:\/\/www.europesays.com\/fr\/wp-content\/uploads\/2025\/03\/banniere-newsletter.png\"\/><\/a> <\/p>\n<p><a href=\"https:\/\/ma-sante.news\/microplastiques-ce-que-vous-avalez-vraiment-en-buvant-votre-the-en-sachet\/\" target=\"_blank\" rel=\"noopener\">La pollution plastique ne cesse de s\u2019immiscer dans notre quotidien<\/a>, jusque dans l\u2019air que nous respirons. Des \u00e9tudes r\u00e9centes men\u00e9es en France et \u00e0 l\u2019international d\u00e9voilent un ph\u00e9nom\u00e8ne troublant : chaque Fran\u00e7ais inhale en moyenne plus de 60 000 microplastiques par jour, concentr\u00e9s surtout dans les espaces clos comme les logements, les voitures et les bureaux. <\/p>\n<p>Ces particules, issues de la d\u00e9gradation de mat\u00e9riaux plastiques, peuvent atteindre les voies respiratoires, soulevant des questions majeures sur leur impact sanitaire.\u00a0<\/p>\n<p>        Microplastiques dans l\u2019air : un fl\u00e9au invisible et omnipr\u00e9sent    <\/p>\n<p>Les microplastiques sont des fragments de plastique de moins de 5 millim\u00e8tres, voire microscopiques, r\u00e9sultant de la d\u00e9gradation progressive des objets plastiques (emballages, textiles synth\u00e9tiques, pneus, etc.). Leur pr\u00e9sence dans l\u2019air int\u00e9rieur est particuli\u00e8rement pr\u00e9occupante, puisque nous y passons en moyenne 80 \u00e0 90 % de notre temps.<\/p>\n<p>Selon une \u00e9tude fran\u00e7aise men\u00e9e par l\u2019INERIS (Institut National de l\u2019Environnement Industriel et des Risques), un Fran\u00e7ais inhale chaque jour environ 68 000 particules de microplastiques en moyenne, principalement \u00e0 l\u2019int\u00e9rieur des b\u00e2timents et des v\u00e9hicules (voitures, transports en commun). Ces particules flottent dans l\u2019air sous forme de fibres ou de fragments. Leur origine est multiple : <\/p>\n<ul class=\"wp-block-list\">\n<li>frottement des pneus sur la route, <\/li>\n<li>usure des textiles synth\u00e9tiques, <\/li>\n<li>d\u00e9gradation des emballages plastiques<\/li>\n<li>ou encore combustion incompl\u00e8te de d\u00e9chets.<\/li>\n<\/ul>\n<p>        Quel impact pour la sant\u00e9 respiratoire ?    <strong>Que se passe-t-il quand ces microplastiques p\u00e9n\u00e8trent dans nos poumons ?<\/strong>    <\/p>\n<p>Leur taille minuscule leur permet d\u2019atteindre les alv\u00e9oles pulmonaires, ces petites cavit\u00e9s o\u00f9 se fait l\u2019\u00e9change gazeux. Une fois d\u00e9pos\u00e9es, ces particules peuvent provoquer plusieurs r\u00e9actions, d\u2019abord inflammatoires. <\/p>\n<p>L\u2019exposition chronique pourrait contribuer \u00e0 aggraver ou d\u00e9clencher des maladies respiratoires comme<a href=\"https:\/\/ma-sante.news\/asthme-le-travail-de-nuit-amplifie-le-risque-chez-les-femmes\/\" target=\"_blank\" rel=\"noopener\"> l\u2019asthme<\/a>,<a href=\"https:\/\/ma-sante.news\/comment-soigner-une-bronchite-693687\/\" target=\"_blank\" rel=\"noopener\"> la bronchite <\/a>chronique ou m\u00eame favoriser certaines pathologies pulmonaires interstitielles.<\/p>\n<p>Une \u00e9tude publi\u00e9e en 2023 dans la revue Environmental Health Perspectives (\u00e9tude internationale impliquant des chercheurs fran\u00e7ais) met en lumi\u00e8re le potentiel irritant des fibres plastiques inhal\u00e9es, qui peuvent provoquer une r\u00e9ponse inflammatoire locale, perturber le fonctionnement des cellules pulmonaires, voire endommager les tissus.<\/p>\n<p>Par ailleurs, ces microplastiques peuvent transporter avec eux des polluants chimiques, des m\u00e9taux lourds ou des bact\u00e9ries, ce qui aggrave encore le risque sanitaire. Ces \u201cchevaux de Troie\u201d chimiques augmentent la toxicit\u00e9 des particules inhal\u00e9es.<\/p>\n<p>Enfin, le microplastique n\u2019est pas encore officiellement class\u00e9 comme canc\u00e9rog\u00e8ne, mais<a href=\"https:\/\/ma-sante.news\/pollution-aux-microplastiques-quand-notre-cerveau-en-prend-un-coup\/\" target=\"_blank\" rel=\"noopener\"> l\u2019inhalation prolong\u00e9e de particules fines plastiques, notamment les fibres, est suspect\u00e9e d\u2019augmenter le risque de troubles c\u00e9r\u00e9braux<\/a>, de cancers respiratoires, \u00e0 l\u2019image de l\u2019amiante ou de certaines poussi\u00e8res industrielles.<\/p>\n<p>        <strong>Microplastiques dans l\u2019air : pourquoi l\u2019air int\u00e9rieur est-il si contamin\u00e9 ?<\/strong>    <\/p>\n<p>Ce qui surprend, c\u2019est que nos logements et nos v\u00e9hicules sont les principaux lieux d\u2019exposition. Alors que l\u2019on imagine souvent la pollution plastique plut\u00f4t en ext\u00e9rieur, dans la nature ou en milieu urbain, c\u2019est en r\u00e9alit\u00e9 \u00e0 l\u2019int\u00e9rieur que la concentration est la plus forte.<\/p>\n<p>Cela s\u2019explique par plusieurs facteurs :<\/p>\n<ul class=\"wp-block-list\">\n<li>La pr\u00e9sence massive d\u2019objets plastiques dans nos int\u00e9rieurs (meubles, textiles, \u00e9quipements \u00e9lectroniques) qui se d\u00e9gradent lentement.<\/li>\n<li>Le manque de renouvellement d\u2019air dans les espaces clos, qui fait stagner ces particules.<\/li>\n<li>Les activit\u00e9s quotidiennes, comme le passage, le frottement des textiles synth\u00e9tiques (v\u00eatements, tapis), qui lib\u00e8rent constamment des fibres.<\/li>\n<li>La contamination des particules d\u2019air provenant de l\u2019ext\u00e9rieur, notamment issues de<a href=\"https:\/\/ma-sante.news\/pollution-de-air-lyon-restrictions-circulation-alerte-orange\/\" target=\"_blank\" rel=\"noopener\"> la circulation automobile<\/a>, riches en microplastiques issus de l\u2019usure des pneus.<\/li>\n<\/ul>\n<p>        Microplastiques : que faire pour limiter son exposition ?    <\/p>\n<p>Face \u00e0 cette pollution invisible, quelles solutions simples et efficaces peut-on adopter ?<\/p>\n<ul class=\"wp-block-list\">\n<li>A\u00e9rer r\u00e9guli\u00e8rement ses pi\u00e8ces, id\u00e9alement plusieurs fois par jour, m\u00eame en hiver, pour renouveler l\u2019air int\u00e9rieur.<\/li>\n<li>Limiter l\u2019usage de textiles synth\u00e9tiques dans la maison, privil\u00e9gier le coton, la laine ou le lin, moins sources de microfibres.<\/li>\n<li>Nettoyer r\u00e9guli\u00e8rement avec des aspirateurs \u00e9quip\u00e9s de filtres HEPA pour r\u00e9duire les poussi\u00e8res fines, y compris les microplastiques.<\/li>\n<li><a href=\"https:\/\/ma-sante.news\/comment-arreter-de-fumer-apres-50-ans-sans-stress-ni-frustration\/\" target=\"_blank\" rel=\"noopener\">\u00c9viter de fumer <\/a>\u00e0 l\u2019int\u00e9rieur, car cela aggrave la pollution de l\u2019air et la sensibilit\u00e9 des poumons.<\/li>\n<li>Limiter l\u2019usage de la voiture pour r\u00e9duire l\u2019exposition aux particules li\u00e9es \u00e0 l\u2019usure des pneus et freins.<\/li>\n<li>Soutenir les initiatives et politiques publiques visant \u00e0 r\u00e9duire la production et la diffusion des plastiques, notamment dans les emballages et les produits \u00e0 usage unique.<\/li>\n<\/ul>\n<p>La pollution aux microplastiques, jusque dans notre respiration quotidienne, est une r\u00e9alit\u00e9 dont on commence \u00e0 peine \u00e0 mesurer l\u2019ampleur. Le constat est clair : nous inhalons des dizaines de milliers de particules chaque jour, avec un impact probable sur notre sant\u00e9 respiratoire. Si les connaissances scientifiques progressent, beaucoup de questions restent ouvertes, notamment sur les effets \u00e0 long terme.<\/p>\n<blockquote class=\"wp-block-quote is-layout-flow wp-block-quote-is-layout-flow\">\n<p><strong>\u00c0 SAVOIR<\/strong><\/p>\n<p>Une \u00e9tude fran\u00e7aise de l\u2019INSERM en 2023 a d\u00e9couvert des microplastiques\u2026 dans le sang humain ! Ces minuscules particules que l\u2019on respire peuvent passer les barri\u00e8res pulmonaires et circuler dans notre organisme. Leur impact pourrait donc bien d\u00e9passer nos seuls poumons.<\/p>\n<\/blockquote>\n<p>  <a class=\"gofollow\" data-track=\"MTIsMCwxLDYw\" href=\"https:\/\/ma-sante.news\/annonceurs\/\" target=\"_blank\" rel=\"noopener\"><img loading=\"lazy\" decoding=\"async\" width=\"2560\" height=\"2133\" src=\"data:image\/svg+xml,%3Csvg%20xmlns=\" http:=\"\" data-lazy-src=\"https:\/\/www.europesays.com\/fr\/wp-content\/uploads\/2025\/03\/pub-annonceurs-4-scaled.jpg\"\/><\/a>    <img loading=\"lazy\" decoding=\"async\" width=\"755\" height=\"495\" src=\"data:image\/svg+xml,%3Csvg%20xmlns=\" http:=\"\" data-lazy-src=\"https:\/\/www.europesays.com\/fr\/wp-content\/uploads\/2025\/03\/Image1.jpg\"\/>Inscrivez-vous \u00e0 notre newsletter <br \/>Ma Sant\u00e9                      <\/p>\n","protected":false},"excerpt":{"rendered":"Chaque ann\u00e9e, la pollution aux microplastiques g\u00e9n\u00e8re environ 1,3 million de tonnes de particules qui se dispersent dans&hellip;\n","protected":false},"author":2,"featured_media":288688,"comment_status":"","ping_status":"","sticky":false,"template":"","format":"standard","meta":{"footnotes":""},"categories":[10],"tags":[1011,27,72,4855,7399,71],"class_list":{"0":"post-288687","1":"post","2":"type-post","3":"status-publish","4":"format-standard","5":"has-post-thumbnail","7":"category-sante","8":"tag-fr","9":"tag-france","10":"tag-health","11":"tag-microplastiques","12":"tag-pollution-air","13":"tag-sante"},"share_on_mastodon":{"url":"https:\/\/pubeurope.com\/@fr\/114952793259748659","error":""},"_links":{"self":[{"href":"https:\/\/www.europesays.com\/fr\/wp-json\/wp\/v2\/posts\/288687","targetHints":{"allow":["GET"]}}],"collection":[{"href":"https:\/\/www.europesays.com\/fr\/wp-json\/wp\/v2\/posts"}],"about":[{"href":"https:\/\/www.europesays.com\/fr\/wp-json\/wp\/v2\/types\/post"}],"author":[{"embeddable":true,"href":"https:\/\/www.europesays.com\/fr\/wp-json\/wp\/v2\/users\/2"}],"replies":[{"embeddable":true,"href":"https:\/\/www.europesays.com\/fr\/wp-json\/wp\/v2\/comments?post=288687"}],"version-history":[{"count":0,"href":"https:\/\/www.europesays.com\/fr\/wp-json\/wp\/v2\/posts\/288687\/revisions"}],"wp:featuredmedia":[{"embeddable":true,"href":"https:\/\/www.europesays.com\/fr\/wp-json\/wp\/v2\/media\/288688"}],"wp:attachment":[{"href":"https:\/\/www.europesays.com\/fr\/wp-json\/wp\/v2\/media?parent=288687"}],"wp:term":[{"taxonomy":"category","embeddable":true,"href":"https:\/\/www.europesays.com\/fr\/wp-json\/wp\/v2\/categories?post=288687"},{"taxonomy":"post_tag","embeddable":true,"href":"https:\/\/www.europesays.com\/fr\/wp-json\/wp\/v2\/tags?post=288687"}],"curies":[{"name":"wp","href":"https:\/\/api.w.org\/{rel}","templated":true}]}}