{"id":288695,"date":"2025-08-01T09:29:15","date_gmt":"2025-08-01T09:29:15","guid":{"rendered":"https:\/\/www.europesays.com\/fr\/288695\/"},"modified":"2025-08-01T09:29:15","modified_gmt":"2025-08-01T09:29:15","slug":"la-bourse-de-paris-en-nette-baisse-entre-resultats-et-surtaxes-americaines-01-08-2025-a-1024","status":"publish","type":"post","link":"https:\/\/www.europesays.com\/fr\/288695\/","title":{"rendered":"La Bourse de Paris en nette baisse, entre r\u00e9sultats et surtaxes am\u00e9ricaines &#8211; 01\/08\/2025 \u00e0 10:24"},"content":{"rendered":"<p>        <img fetchpriority=\"high\" decoding=\"async\" src=\"https:\/\/www.europesays.com\/fr\/wp-content\/uploads\/2025\/06\/72389d91e15f3820d7c744b25c376a03-760x392.jpg\" alt=\"La salle de contr\u00f4le d'Euronext, soci\u00e9t\u00e9 qui g\u00e8re la Bourse de Paris ( AFP \/ ERIC PIERMONT )\" loading=\"eager\" width=\"760\" height=\"392\" style=\"max-width: 100%!important; height: auto;\"\/><\/p>\n<p class=\"c-image-news__legend\">La salle de contr\u00f4le d&rsquo;Euronext, soci\u00e9t\u00e9 qui g\u00e8re la Bourse de Paris ( AFP \/ ERIC PIERMONT )<\/p>\n<p>\n La Bourse de Paris \u00e9volue en nette baisse vendredi, plomb\u00e9e \u00e0 la fois par des r\u00e9sultats d&rsquo;entreprises sanctionn\u00e9s par les investisseurs mais aussi l&rsquo;officialisation de surtaxes am\u00e9ricaines qui doivent entrer en vigueur dans les prochains jours.\n<\/p>\n<p>\n L&rsquo;indice vedette de la place de Paris, le CAC 40, s&rsquo;inscrivait en baisse de 1,55%, soit 120,83 points de baisse, pour s&rsquo;\u00e9tablir \u00e0 7.651,14 points, vers 10H00 heure locale (08H00 GMT). Il avait termin\u00e9 en baisse de 1,14% jeudi.\n<\/p>\n<p>\n Le pr\u00e9sident am\u00e9ricain Donald Trump a sign\u00e9 jeudi le d\u00e9cret fixant le montant des nouveaux droits de douane qui toucheront les produits de dizaines de pays entrant aux Etats-Unis, allant de 15% \u00e0 41%, bousculant l&rsquo;ordre \u00e9conomique mondial.\n<\/p>\n<p>\n Les produits de l&rsquo;Union europ\u00e9enne (UE) seront tax\u00e9s \u00e0 hauteur de 15% avec des exemptions pour quelques secteurs cl\u00e9s.\n<\/p>\n<p>\n \u00ab\u00a0Les droits de douane de Trump ouvriront une nouvelle \u00e8re pour le commerce mondial la semaine prochaine, et personne ne peut vraiment dire comment ces barri\u00e8res historiques et nouvelles\u00a0\u00bb auront comme cons\u00e9quences en pratique, affirme Jochen Stanzl, analyste de march\u00e9 chez CMC Markets.\n<\/p>\n<p>\n \u00ab\u00a0Le taux douanier am\u00e9ricain est pass\u00e9 \u00e0 environ 15%, contre un peu plus de 2% au d\u00e9but de l\u2019ann\u00e9e\u00a0\u00bb, a relev\u00e9 Jim Reid, \u00e9conomiste \u00e0 la Deutsche Bank. \u00ab\u00a0Il s&rsquo;agit de son niveau le plus \u00e9lev\u00e9 depuis les ann\u00e9es 1930.\u00a0\u00bb\n<\/p>\n<p>\n Les investisseurs dig\u00e8rent par ailleurs une nouvelle salve de r\u00e9sultats d&rsquo;entreprises.\n<\/p>\n<p>\n Les disparit\u00e9s sont fortes au premier semestre pour les entreprises du CAC 40, qui ont globalement vu leurs b\u00e9n\u00e9fices nets reculer sur fond de guerre commerciale, d&rsquo;apr\u00e8s un d\u00e9compte r\u00e9alis\u00e9 vendredi par l&rsquo;AFP.\n<\/p>\n<p>\n Le g\u00e9ant mondial des centres d&rsquo;appels Teleperformance a plong\u00e9 de plus de 17% vendredi \u00e0 la Bourse de Paris, au lendemain de la publication de ses r\u00e9sultats du premier semestre faisant \u00e9tat d&rsquo;une nette baisse de son b\u00e9n\u00e9fice.\n<\/p>\n<p>\n L&rsquo;action du groupe s&rsquo;inscrivait en d\u00e9gringolade de 16,10% \u00e0 71,92 euros vers 10H00 \u00e0 Paris.\n<\/p>\n<p> <a href=\"https:\/\/www.boursorama.com\/cours\/1rPCS\/\" rel=\"nofollow noopener\" target=\"_blank\"><br \/>\n  Axa<br \/>\n <\/a><br \/>\n \u00e0 la peine<\/p>\n<p>\n L&rsquo;assureur Axa a chut\u00e9 de plus de 6% vendredi dans les premiers \u00e9changes de la Bourse de Paris apr\u00e8s avoir fait \u00e9tat d&rsquo;un b\u00e9n\u00e9fice net en repli de 2% sur le premier semestre, malgr\u00e9 un chiffre d&rsquo;affaires en hausse de 7%.\n<\/p>\n<p>\n Le titre perdait toujours 5,30% vers 10H00 \u00e0 40,42 euros.\n<\/p>\n<p> <a href=\"https:\/\/www.boursorama.com\/cours\/1rPENGI\/\" rel=\"nofollow noopener\" target=\"_blank\"><br \/>\n  Engie<br \/>\n <\/a><br \/>\n dans le rouge<\/p>\n<p>\n L&rsquo;action du groupe d&rsquo;\u00e9nergie Engie c\u00e9dait 3,39% \u00e0 18,96 euros vers 10H00 \u00e0 la Bourse de Paris, se reprenant un peu apr\u00e8s avoir l\u00e2ch\u00e9 plus de 5% \u00e0 l&rsquo;ouverture.\n<\/p>\n<p>\n Sur le premier semestre 2025, le groupe a d\u00e9gag\u00e9 un b\u00e9n\u00e9fice net r\u00e9current en repli de 19% \u00e0 3,1 milliards d&rsquo;euros. Engie \u00ab\u00a0aborde les prochains mois avec confiance\u00a0\u00bb, a d\u00e9clar\u00e9 sa directrice g\u00e9n\u00e9rale Catherine MacGregor, qui a insist\u00e9 sur un contexte \u00e9conomique et g\u00e9opolitique \u00ab\u00a0assez incertain et mouvant\u00a0\u00bb.\n<\/p>\n<p>\n <a href=\"https:\/\/www.boursorama.com\/cours\/1rPENX\/\" rel=\"nofollow noopener\" target=\"_blank\"><br \/>\n  Euronext<br \/>\n <\/a><br \/>\n CAC40<\/p>\n","protected":false},"excerpt":{"rendered":"La salle de contr\u00f4le d&rsquo;Euronext, soci\u00e9t\u00e9 qui g\u00e8re la Bourse de Paris ( AFP \/ ERIC PIERMONT )&hellip;\n","protected":false},"author":2,"featured_media":200284,"comment_status":"","ping_status":"","sticky":false,"template":"","format":"standard","meta":{"footnotes":""},"categories":[6],"tags":[400,398,408,35,405,33,34,1011,27,403,402,399,404,401,406,407],"class_list":{"0":"post-288695","1":"post","2":"type-post","3":"status-publish","4":"format-standard","5":"has-post-thumbnail","7":"category-economie","8":"tag-action-cac-40","9":"tag-bourse-de-paris","10":"tag-boursorama","11":"tag-business","12":"tag-cotations","13":"tag-economie","14":"tag-economy","15":"tag-fr","16":"tag-france","17":"tag-indices-devises","18":"tag-investir","19":"tag-investissement","20":"tag-marche-boursier","21":"tag-sicav","22":"tag-trackers","23":"tag-warrants"},"share_on_mastodon":{"url":"https:\/\/pubeurope.com\/@fr\/114952809005284326","error":""},"_links":{"self":[{"href":"https:\/\/www.europesays.com\/fr\/wp-json\/wp\/v2\/posts\/288695","targetHints":{"allow":["GET"]}}],"collection":[{"href":"https:\/\/www.europesays.com\/fr\/wp-json\/wp\/v2\/posts"}],"about":[{"href":"https:\/\/www.europesays.com\/fr\/wp-json\/wp\/v2\/types\/post"}],"author":[{"embeddable":true,"href":"https:\/\/www.europesays.com\/fr\/wp-json\/wp\/v2\/users\/2"}],"replies":[{"embeddable":true,"href":"https:\/\/www.europesays.com\/fr\/wp-json\/wp\/v2\/comments?post=288695"}],"version-history":[{"count":0,"href":"https:\/\/www.europesays.com\/fr\/wp-json\/wp\/v2\/posts\/288695\/revisions"}],"wp:featuredmedia":[{"embeddable":true,"href":"https:\/\/www.europesays.com\/fr\/wp-json\/wp\/v2\/media\/200284"}],"wp:attachment":[{"href":"https:\/\/www.europesays.com\/fr\/wp-json\/wp\/v2\/media?parent=288695"}],"wp:term":[{"taxonomy":"category","embeddable":true,"href":"https:\/\/www.europesays.com\/fr\/wp-json\/wp\/v2\/categories?post=288695"},{"taxonomy":"post_tag","embeddable":true,"href":"https:\/\/www.europesays.com\/fr\/wp-json\/wp\/v2\/tags?post=288695"}],"curies":[{"name":"wp","href":"https:\/\/api.w.org\/{rel}","templated":true}]}}