{"id":288712,"date":"2025-08-01T09:38:22","date_gmt":"2025-08-01T09:38:22","guid":{"rendered":"https:\/\/www.europesays.com\/fr\/288712\/"},"modified":"2025-08-01T09:38:22","modified_gmt":"2025-08-01T09:38:22","slug":"gaza-jai-tellement-honte-de-mon-impuissance","status":"publish","type":"post","link":"https:\/\/www.europesays.com\/fr\/288712\/","title":{"rendered":"Gaza. \u00ab\u00a0J\u2019ai tellement honte de mon impuissance\u00a0\u00bb"},"content":{"rendered":"<p>Dans le cadre de notre rubrique \u00ab\u00a0Courrier des lectrices et des lecteurs\u00a0\u00bb, Corinne Le Clech (Morbihan) r\u00e9agit face au <a href=\"https:\/\/rennes.maville.com\/actu\/actudet_-editorial.-arreter-le-massacre-a-gaza-_53511-6822768_actu.Htm\" target=\"_blank\" rel=\"noopener\">massacre de la population \u00e0 Gaza<\/a>\u00a0par le gouvernement et l\u2019arm\u00e9e d\u2019Isra\u00ebl\u00a0:<\/p>\n<p>\u00ab\u00a0Quand j\u2019ai entendu parler de la Shoah pour la premi\u00e8re fois dans les ann\u00e9es 1960, alors que j\u2019\u00e9tais encore jeune, j\u2019ai pens\u00e9, comme tous ceux de mon \u00e2ge\u00a0: comment nos a\u00een\u00e9s, les adultes, avaient-ils pu laisser faire cela, laisser massacrer tout un peuple sans agir, sans intervenir\u00a0?<\/p>\n<p>Et aujourd\u2019hui, je me retrouve dans la m\u00eame situation que ces Fran\u00e7ais d\u2019autrefois et, comme eux, j\u2019assiste totalement impuissante \u00e0 la destruction d\u2019un peuple, de ses hommes, de ses femmes, de ses enfants, de leurs maisons, de leur identit\u00e9.<\/p>\n<p><strong>Lire aussi\u00a0:<\/strong>\u00a0<a href=\"https:\/\/rennes.maville.com\/actu\/actudet_-gaza.-comment-nommer-l-inqualifiable-_53511-6863535_actu.Htm\" target=\"_blank\" rel=\"noopener\">Gaza. \u00ab\u00a0Comment nommer l\u2019inqualifiable\u00a0?\u00a0\u00bb<\/a><\/p>\n<p>Et j\u2019ai honte, tellement honte de mon impuissance, de mon incapacit\u00e9 \u00e0 faire quoi que ce soit pour que tout cela cesse\u00a0! Signer des p\u00e9titions, envoyer un peu d\u2019argent, c\u2019est si d\u00e9risoire par rapport \u00e0 l\u2019urgence de la situation\u2026 Et le pire, c\u2019est que les puissants du monde semblent aussi impuissants que nous \u00e0 faire cesser ce g\u00e9nocide\u00a0!<\/p>\n<p>Alors, dans quelques ann\u00e9es, il ne servira \u00e0 rien d\u2019\u00e9riger des statues, de construire des monuments pour honorer la m\u00e9moire de toutes ces personnes massacr\u00e9es.\u00a0Cela ne servira \u00e0 rien d\u2019\u00e9crire des livres pour entretenir le souvenir de la destruction de Gaza. Il semble que nous n\u2019apprenons rien des le\u00e7ons de l\u2019Histoire\u2026 Il nous restera juste, comme nos a\u00een\u00e9s, un obscur sentiment de honte, celui de n\u2019avoir rien fait pour emp\u00eacher cela. (Mais eux, ils n\u2019\u00e9taient pas inform\u00e9s comme nous le sommes aujourd\u2019hui\u2026)\u00a0\u00bb<\/p>\n<p>\u00a0<\/p>\n","protected":false},"excerpt":{"rendered":"Dans le cadre de notre rubrique \u00ab\u00a0Courrier des lectrices et des lecteurs\u00a0\u00bb, Corinne Le Clech (Morbihan) r\u00e9agit face&hellip;\n","protected":false},"author":2,"featured_media":288713,"comment_status":"","ping_status":"","sticky":false,"template":"","format":"standard","meta":{"footnotes":""},"categories":[9619],"tags":[1111,11,1777,674,1011,27,665,7327,42776,12,882,25,42775,2310],"class_list":{"0":"post-288712","1":"post","2":"type-post","3":"status-publish","4":"format-standard","5":"has-post-thumbnail","7":"category-toulon","8":"tag-actu","9":"tag-actualites","10":"tag-eu","11":"tag-europe","12":"tag-fr","13":"tag-france","14":"tag-gaza","15":"tag-honte","16":"tag-impuissance","17":"tag-news","18":"tag-provence-alpes-cote-dazur","19":"tag-republique-francaise","20":"tag-tellement","21":"tag-toulon"},"share_on_mastodon":{"url":"https:\/\/pubeurope.com\/@fr\/114952844341739884","error":""},"_links":{"self":[{"href":"https:\/\/www.europesays.com\/fr\/wp-json\/wp\/v2\/posts\/288712","targetHints":{"allow":["GET"]}}],"collection":[{"href":"https:\/\/www.europesays.com\/fr\/wp-json\/wp\/v2\/posts"}],"about":[{"href":"https:\/\/www.europesays.com\/fr\/wp-json\/wp\/v2\/types\/post"}],"author":[{"embeddable":true,"href":"https:\/\/www.europesays.com\/fr\/wp-json\/wp\/v2\/users\/2"}],"replies":[{"embeddable":true,"href":"https:\/\/www.europesays.com\/fr\/wp-json\/wp\/v2\/comments?post=288712"}],"version-history":[{"count":0,"href":"https:\/\/www.europesays.com\/fr\/wp-json\/wp\/v2\/posts\/288712\/revisions"}],"wp:featuredmedia":[{"embeddable":true,"href":"https:\/\/www.europesays.com\/fr\/wp-json\/wp\/v2\/media\/288713"}],"wp:attachment":[{"href":"https:\/\/www.europesays.com\/fr\/wp-json\/wp\/v2\/media?parent=288712"}],"wp:term":[{"taxonomy":"category","embeddable":true,"href":"https:\/\/www.europesays.com\/fr\/wp-json\/wp\/v2\/categories?post=288712"},{"taxonomy":"post_tag","embeddable":true,"href":"https:\/\/www.europesays.com\/fr\/wp-json\/wp\/v2\/tags?post=288712"}],"curies":[{"name":"wp","href":"https:\/\/api.w.org\/{rel}","templated":true}]}}