{"id":288718,"date":"2025-08-01T09:42:18","date_gmt":"2025-08-01T09:42:18","guid":{"rendered":"https:\/\/www.europesays.com\/fr\/288718\/"},"modified":"2025-08-01T09:42:18","modified_gmt":"2025-08-01T09:42:18","slug":"la-metropole-rouen-normandie-et-le-chr-lance-une-consultation-sur-la-sante-mentale","status":"publish","type":"post","link":"https:\/\/www.europesays.com\/fr\/288718\/","title":{"rendered":"La M\u00e9tropole Rouen Normandie et le CHR lance une consultation sur la sant\u00e9 mentale"},"content":{"rendered":"<p>Cette consultation s&rsquo;inscrit dans le cadre du Contrat Local de Sant\u00e9 (CLS) sign\u00e9 en 2023 avec l&rsquo;Agence R\u00e9gionale de Sant\u00e9 Normandie et la Caisse Primaire d&rsquo;Assurance Maladie. Elle a pour objectif de coordonner plus efficacement les actions de sant\u00e9 publique \u00e0 l&rsquo;\u00e9chelle m\u00e9tropolitaine, en ciblant la r\u00e9duction des in\u00e9galit\u00e9s sociales, environnementales et territoriales, l&rsquo;am\u00e9lioration de l&rsquo;acc\u00e8s aux soins et le renforcement du pouvoir d&rsquo;agir des acteurs locaux.<\/p>\n<p>La consultation, ouverte jusqu&rsquo;au 24 ao\u00fbt, invite les habitants \u00e0 partager leurs perceptions et repr\u00e9sentations de la sant\u00e9 mentale, tant au quotidien qu&rsquo;en p\u00e9riode de vuln\u00e9rabilit\u00e9. Le questionnaire, disponible en ligne, explore diverses th\u00e9matiques li\u00e9es au bien-\u00eatre mental, aux facteurs de risque et aux ressources disponibles sur le territoire. Les r\u00e9ponses recueillies permettront d&rsquo;orienter les futures actions du CLS et de mieux r\u00e9pondre aux besoins de la population.<\/p>\n<p><strong>\u00ab\u00a0Parler de sant\u00e9 mentale, c\u2019est d\u00e9j\u00e0 en prendre soin\u00a0\u00bb<\/strong><\/p>\n<p>L&rsquo;initiative m\u00e9tropolitaine s&rsquo;inscrit dans un contexte national marqu\u00e9 par une prise de conscience croissante des enjeux de sant\u00e9 mentale. Selon Sant\u00e9 Publique France, pr\u00e8s d&rsquo;une personne sur cinq est concern\u00e9e par un trouble psychique au cours de sa vie. La crise sanitaire a par ailleurs exacerb\u00e9 certaines fragilit\u00e9s et mis en lumi\u00e8re la n\u00e9cessit\u00e9 de renforcer les dispositifs de pr\u00e9vention et de prise en charge.<\/p>\n<p>En lan\u00e7ant cette consultation citoyenne, la M\u00e9tropole Rouen Normandie entend placer les habitants au c\u0153ur de sa politique de sant\u00e9 mentale, en leur donnant la possibilit\u00e9 de s&rsquo;exprimer et de contribuer \u00e0 l&rsquo;am\u00e9lioration de leur bien-\u00eatre. Une d\u00e9marche innovante qui pourrait inspirer d&rsquo;autres territoires engag\u00e9s dans la promotion de la sant\u00e9 mentale.<\/p>\n","protected":false},"excerpt":{"rendered":"Cette consultation s&rsquo;inscrit dans le cadre du Contrat Local de Sant\u00e9 (CLS) sign\u00e9 en 2023 avec l&rsquo;Agence R\u00e9gionale&hellip;\n","protected":false},"author":2,"featured_media":288719,"comment_status":"","ping_status":"","sticky":false,"template":"","format":"standard","meta":{"footnotes":""},"categories":[9587],"tags":[1111,11,1777,674,1011,27,12,5161,25,9590],"class_list":{"0":"post-288718","1":"post","2":"type-post","3":"status-publish","4":"format-standard","5":"has-post-thumbnail","7":"category-rouen","8":"tag-actu","9":"tag-actualites","10":"tag-eu","11":"tag-europe","12":"tag-fr","13":"tag-france","14":"tag-news","15":"tag-normandie","16":"tag-republique-francaise","17":"tag-rouen"},"share_on_mastodon":{"url":"https:\/\/pubeurope.com\/@fr\/114952860012420650","error":""},"_links":{"self":[{"href":"https:\/\/www.europesays.com\/fr\/wp-json\/wp\/v2\/posts\/288718","targetHints":{"allow":["GET"]}}],"collection":[{"href":"https:\/\/www.europesays.com\/fr\/wp-json\/wp\/v2\/posts"}],"about":[{"href":"https:\/\/www.europesays.com\/fr\/wp-json\/wp\/v2\/types\/post"}],"author":[{"embeddable":true,"href":"https:\/\/www.europesays.com\/fr\/wp-json\/wp\/v2\/users\/2"}],"replies":[{"embeddable":true,"href":"https:\/\/www.europesays.com\/fr\/wp-json\/wp\/v2\/comments?post=288718"}],"version-history":[{"count":0,"href":"https:\/\/www.europesays.com\/fr\/wp-json\/wp\/v2\/posts\/288718\/revisions"}],"wp:featuredmedia":[{"embeddable":true,"href":"https:\/\/www.europesays.com\/fr\/wp-json\/wp\/v2\/media\/288719"}],"wp:attachment":[{"href":"https:\/\/www.europesays.com\/fr\/wp-json\/wp\/v2\/media?parent=288718"}],"wp:term":[{"taxonomy":"category","embeddable":true,"href":"https:\/\/www.europesays.com\/fr\/wp-json\/wp\/v2\/categories?post=288718"},{"taxonomy":"post_tag","embeddable":true,"href":"https:\/\/www.europesays.com\/fr\/wp-json\/wp\/v2\/tags?post=288718"}],"curies":[{"name":"wp","href":"https:\/\/api.w.org\/{rel}","templated":true}]}}