{"id":288724,"date":"2025-08-01T09:45:10","date_gmt":"2025-08-01T09:45:10","guid":{"rendered":"https:\/\/www.europesays.com\/fr\/288724\/"},"modified":"2025-08-01T09:45:10","modified_gmt":"2025-08-01T09:45:10","slug":"notre-selection-dexpositions-a-ne-pas-manquer-a-rennes-cet-ete","status":"publish","type":"post","link":"https:\/\/www.europesays.com\/fr\/288724\/","title":{"rendered":"Notre s\u00e9lection d\u2019expositions \u00e0 ne pas manquer \u00e0 Rennes cet \u00e9t\u00e9"},"content":{"rendered":"<p>Fleurs, au-del\u00e0 des apparences<\/p>\n<p>Elles parfument nos maisons et d\u00e9corent parfois nos int\u00e9rieurs. Les fleurs font partie int\u00e9grante de nos vies. La r\u00e9cente exposition intitul\u00e9e Fleurs, au-del\u00e0 des apparences \u00e0 l\u2018\u00c9comus\u00e9e de la Bintinais met en lumi\u00e8re les multiples facettes de ces \u00eatres vivants qu nous appr\u00e9cions tant admirer. L\u2019exposition, qui se tiendra jusqu\u2019au 31 ao\u00fbt, montre toute la richesse des fleurs, en tenant compte de leur r\u00f4le dans nos traditions, de leur pr\u00e9sence dans notre vie quotidienne et de leur importance pour l\u2019\u00e9cosyst\u00e8me.<\/p>\n<p class=\"note\">Pratique : Fleurs, au-del\u00e0 des apparences. \u00c9comus\u00e9e de la Bintinais. 5 \u20ac plein, 3 \u20ac r\u00e9duit et gratuit pour les moins de 26 ans et les titulaires de la carte Sortir !. Jusqu\u2019au 31 ao\u00fbt, du mardi au vendredi, de 9h \u00e0 12h et de 14h \u00e0 18h, samedi de 14h \u00e0 18h et dimanche de 14h \u00e0 19h. ecomusee-rennes-metropole.fr<\/p>\n<p>L\u00e9onard de Vinci, \u00e0 la crois\u00e9e des arts et des sciences<\/p>\n<p>Plongez dans l\u2018univers exceptionnel du fameux auteur de La Joconde. Jusqu\u2019au 31 ao\u00fbt, le public est invit\u00e9 \u00e0 d\u00e9couvrir l\u2019exposition L\u00e9onard de Vinci, \u00e0 la crois\u00e9e des arts et des sciences, qui offre une v\u00e9ritable immersion dans le monde de cet artiste et scientifique italien. Au programme : maquette grandeur nature, atelier de reproduction des \u0153uvres de l\u2019artiste et vid\u00e9os en 3D. Un voyage de deux heures pour mieux appr\u00e9hender la vie et l\u2019\u0153uvre de L\u00e9onard de Vinci.<\/p>\n<p class=\"note\">Pratique : L\u00e9onard de Vinci, \u00e0 la crois\u00e9e des arts et des sciences. Espace des sciences. 7 \u20ac plein tarif, 5 \u20ac tarif r\u00e9duit et gratuit pour les moins de 5 ans. Jusqu\u2019au 31 ao\u00fbt, horaires \u00e0 consulter sur leschampslibres.fr<\/p>\n<p>Troisi\u00e8me nature<\/p>\n<p>\u00c0 travers son exposition photographique, Gr\u00e9goire Eloy explore l\u2018\u00e9volution des paysages qu\u2019il a saisis au cours de ses voyages. En l\u2019espace de dix ans, il a captur\u00e9 une multitude de moments de vie gr\u00e2ce \u00e0 son objectif. Entre paysages g\u00e9ologiques, forestiers et marins, en passant par les glaciers des Pyr\u00e9n\u00e9es, l\u2019immersion est totale. Le photographe m\u00eale diff\u00e9rentes techniques de photographie pour comprendre le monde qui nous entoure.<\/p>\n<p class=\"note\">Pratique : Troisi\u00e8me nature de Gr\u00e9goire Eloy. Salle Anita-Conti, Les Champs libres. Gratuit. Jusqu\u2018\u00a0au 21 septembre, du mardi au vendredi de 12h \u00e0 19h et samedi et dimanche de 14h \u00e0 19h. leschampslibres.fr<\/p>\n<p>L\u2019alchimiste, Gilda, Suzanne et les autres<\/p>\n<p>Au mus\u00e9e des Beaux-Arts, les \u00e9tudiants du master M\u00e9tiers et arts de l\u2018exposition montrent les cr\u00e9ations artistiques d\u2019Elsa Sahal, sculptrice, jusqu\u2019au 31 ao\u00fbt. L\u2019artiste manipule la mati\u00e8re et apporte une nouvelle perspective \u00e0 la c\u00e9ramique, ce qui contribue \u00e0 son renouveau. Elsa Sahal questionne, via ses cr\u00e9ations, les st\u00e9r\u00e9otypes de genre qui demeurent ancr\u00e9s dans l\u2019imaginaire collectif.<\/p>\n<p class=\"note\">Pratique : L\u2019alchimiste, Gilda, Suzanne et les autres. Mus\u00e9e des Beaux-Arts. Gratuit. Jusqu\u2018\u00a0au 31 ao\u00fbt, du mardi au dimanche de 10h \u00e0 18h. mba.rennes.fr<\/p>\n<p>Fantaisies<\/p>\n<p>L\u2019art s\u2019installe dans le quartier de Maurepas, en collaboration avec le mus\u00e9e des Beaux-Arts de Rennes. Pour la premi\u00e8re exposition d\u2018Isabelle Arthuis, le mus\u00e9e accueille son projet artistique intitul\u00e9 Fantaisies. L\u2019artiste a fa\u00e7onn\u00e9 ses \u0153uvres, aid\u00e9e des habitants du quartier de Maurepas. Son objectif est de cr\u00e9er une histoire propre \u00e0 chacun. Au programme : photos en noir et blanc, peintures et objets divers et vari\u00e9s.<\/p>\n<p class=\"note\">Pratique : Fantaisies. Mus\u00e9e des Beaux-Arts, dans le quartier de Maurepas. Gratuit. Jusqu\u2018\u00a0au 31 ao\u00fbt, ouvert du mercredi au dimanche de 14h \u00e0 18h. mba.rennes.fr<\/p>\n<p>Les yeux dans les yeux<\/p>\n<p>Cette ann\u00e9e, la Collection Pinault s\u2019installe au Couvent des jacobins, avec pr\u00e8s de 90 \u0153uvres expos\u00e9es du 14 juin jusqu\u2019au 14 septembre. Comme l\u2019explicite tr\u00e8s bien le titre de l\u2019exposition Les Yeux dans les yeux, les visiteurs feront face \u00e0 de nombreux portraits, sous diff\u00e9rents formats. Des visages qui invitent les visiteurs \u00e0 se questionner sur le rapport \u00e0 l\u2019autre et \u00e0 soi-m\u00eame.<\/p>\n<p class=\"note\">Pratique : Les Yeux dans les yeux. Couvent des jacobins, 20 place Sainte-Anne. 12 \u20ac plein, 7 \u20ac r\u00e9duit et gratuit pour les moins de 26 ans, les titulaires de la carte Sortir !. Jusqu\u2019au 14 septembre, du mardi au dimanche de 10h \u00e0 19h. Nocturne le mercredi jusqu\u2019\u00e0 22h. centre-congres-rennes.fr<\/p>\n","protected":false},"excerpt":{"rendered":"Fleurs, au-del\u00e0 des apparences Elles parfument nos maisons et d\u00e9corent parfois nos int\u00e9rieurs. Les fleurs font partie int\u00e9grante&hellip;\n","protected":false},"author":2,"featured_media":288725,"comment_status":"","ping_status":"","sticky":false,"template":"","format":"standard","meta":{"footnotes":""},"categories":[2821],"tags":[1111,11,829,3173,1777,674,1011,27,848,12,584,25],"class_list":{"0":"post-288724","1":"post","2":"type-post","3":"status-publish","4":"format-standard","5":"has-post-thumbnail","7":"category-rennes","8":"tag-actu","9":"tag-actualites","10":"tag-bretagne","11":"tag-culture-a-rennes","12":"tag-eu","13":"tag-europe","14":"tag-fr","15":"tag-france","16":"tag-ille-et-vilaine","17":"tag-news","18":"tag-rennes","19":"tag-republique-francaise"},"share_on_mastodon":{"url":"https:\/\/pubeurope.com\/@fr\/114952872002180217","error":""},"_links":{"self":[{"href":"https:\/\/www.europesays.com\/fr\/wp-json\/wp\/v2\/posts\/288724","targetHints":{"allow":["GET"]}}],"collection":[{"href":"https:\/\/www.europesays.com\/fr\/wp-json\/wp\/v2\/posts"}],"about":[{"href":"https:\/\/www.europesays.com\/fr\/wp-json\/wp\/v2\/types\/post"}],"author":[{"embeddable":true,"href":"https:\/\/www.europesays.com\/fr\/wp-json\/wp\/v2\/users\/2"}],"replies":[{"embeddable":true,"href":"https:\/\/www.europesays.com\/fr\/wp-json\/wp\/v2\/comments?post=288724"}],"version-history":[{"count":0,"href":"https:\/\/www.europesays.com\/fr\/wp-json\/wp\/v2\/posts\/288724\/revisions"}],"wp:featuredmedia":[{"embeddable":true,"href":"https:\/\/www.europesays.com\/fr\/wp-json\/wp\/v2\/media\/288725"}],"wp:attachment":[{"href":"https:\/\/www.europesays.com\/fr\/wp-json\/wp\/v2\/media?parent=288724"}],"wp:term":[{"taxonomy":"category","embeddable":true,"href":"https:\/\/www.europesays.com\/fr\/wp-json\/wp\/v2\/categories?post=288724"},{"taxonomy":"post_tag","embeddable":true,"href":"https:\/\/www.europesays.com\/fr\/wp-json\/wp\/v2\/tags?post=288724"}],"curies":[{"name":"wp","href":"https:\/\/api.w.org\/{rel}","templated":true}]}}