{"id":288726,"date":"2025-08-01T09:46:10","date_gmt":"2025-08-01T09:46:10","guid":{"rendered":"https:\/\/www.europesays.com\/fr\/288726\/"},"modified":"2025-08-01T09:46:10","modified_gmt":"2025-08-01T09:46:10","slug":"comment-demarrer-le-mois-daout-en-beaute-voici-13-idees-sorties-a-faire-a-rennes-ce-week-end","status":"publish","type":"post","link":"https:\/\/www.europesays.com\/fr\/288726\/","title":{"rendered":"Comment d\u00e9marrer le mois d&rsquo;ao\u00fbt en beaut\u00e9 ? Voici 13 id\u00e9es sorties \u00e0 faire \u00e0 Rennes ce week-end"},"content":{"rendered":"<p>            Par<br \/>\n        <strong><br \/>\n            <a href=\"https:\/\/actu.fr\/auteur\/lou-batteux\" title=\"Consulter tous les articles de Lou Batteux\" target=\"_blank\" rel=\"noopener\">Lou Batteux<\/a><br \/>\n        <\/strong><\/p>\n<p>        Publi\u00e9 le<\/p>\n<p>            1 ao\u00fbt 2025 \u00e0 11h32        <\/p>\n<p>Cette ann\u00e9e, le mois d\u2019ao\u00fbt d\u00e9bute en douceur par un week-end. <strong>Vendredi 1er ao\u00fbt, samedi 2 ao\u00fbt et dimanche 3 ao\u00fbt 2025<\/strong>, sortez \u00e0 Rennes et profitez des nombreuses activit\u00e9s estivales propos\u00e9es dans la capitale bretonne. Voici les <strong>13 id\u00e9es sorties<\/strong> de la r\u00e9daction d\u2019<a href=\"https:\/\/actu.fr\/rennes\/\" target=\"_blank\" rel=\"noopener\">actu Rennes<\/a>.<\/p>\n<p>Jeu de piste : \u00e0 la d\u00e9couverte des quartiers rennais<\/p>\n<p class=\" wall-content\">Dans le <strong>quartier Alphonse Gu\u00e9rin et sur les Plages de Baud<\/strong>, un jeu de piste en autonomie est mis en place <strong>tout l\u2019\u00e9t\u00e9<\/strong> pour d\u00e9couvrir les secrets de ces coins de Rennes. Accessible \u00e0 <strong>tout public et \u00e0 tous les \u00e2ges<\/strong>, il se compose de petits quiz.<\/p>\n<p class=\" wall-content\">\u00c0 l\u2019aide de vos smartphones, <strong>\u00ab\u00a0partez \u00e0 la qu\u00eate des Yves\u00a0\u00bb<\/strong>, ces petits personnages tant\u00f4t artistes, tant\u00f4t architectes qui vous en apprendront davantage sur les \u0153uvres artistiques et les facettes architecturales du quartier.<\/p>\n<p>    <a href=\"https:\/\/www.google.com\/maps\/embed?pb=!1m18!1m12!1m3!1d3160.1489768975503!2d-1.6626783232777886!3d48.10832115319695!2m3!1f0!2f0!3f0!3m2!1i1024!2i768!4f13.1!3m3!1m2!1s0x480ede53319a7af5%3A0x7e40c27a433c729f!2sRENNES%20P%C3%94LE%20ASSOCIATION%20-%20Espace%20des%202%20Rives!5e1!3m2!1sfr!2sfr!4v1753955024065!5m2!1sfr!2sfr\" title=\"Ouvrie le lien\" target=\"_blank\" rel=\"noopener\">Cliquez ici pour visualiser le contenu<\/a><\/p>\n<p class=\" wall-content\">Tout le week-end, mais aussi <strong>tous les jours jusqu\u2019au lundi 15 septembre 2025<\/strong>, rendez-vous au d\u00e9part du jeu de piste \u00e0 <strong>l\u2019Espace des 2 Rives<\/strong>, au 4, all\u00e9e Georges-Palante \u00e0 Rennes, de <strong>8h \u00e0 23h<\/strong>. Pour en savoir plus sur le d\u00e9roul\u00e9 de l\u2019animation et avoir acc\u00e8s aux cartes, rendez-vous sur <a href=\"https:\/\/metropole.rennes.fr\/agenda\/2025\/en-quete-des-yves-jeu-de-piste-dans-le-quartier\/\" target=\"_blank\" rel=\"noopener\">le site de la m\u00e9tropole<\/a>.<\/p>\n<p>Soir\u00e9es festives au Parc des Bois<\/p>\n<p class=\" wall-content\">Deux soir\u00e9es musicales et dansantes sont pr\u00e9vues ce week-end \u00e0 <strong>la guinguette du Parc des Bois<\/strong>, au Parc des Gayeulles, pour vous faire bouger.<\/p>\n<p class=\" wall-content\">Vendredi 1er ao\u00fbt, l\u2019association Bailasi organise une soir\u00e9e <strong>d\u2019initiation \u00e0 la salsa et \u00e0 la bachata<\/strong> d\u00e8s <strong>19h<\/strong> et jusqu\u2019\u00e0 23h. Cette soir\u00e9e dansante en plein air est gratuite bien qu\u2019une \u00ab\u00a0consommation de courtoisie\u00a0\u00bb \u00e0 la guinguette soit la bienvenue.<\/p>\n<p class=\" wall-content\"><a href=\"https:\/\/www.instagram.com\/p\/DMlDEHGsZ78\/embed\" title=\"Ouvrir le lien sur Instagram\" target=\"_blank\" rel=\"noopener\">Visualiser le contenu sur Instagram<\/a><\/p>\n<p class=\" wall-content\">Samedi 2 ao\u00fbt, le <strong>groupe de <\/strong><strong>reggae \u2013 \u00e9lectro <\/strong><strong>Bazarr<\/strong> s\u2019invite au Parc des Bois pour un concert d\u2019\u00e9t\u00e9. \u00c0 partir de<strong> 20h30<\/strong>, le quatuor vous attend pour une soir\u00e9e pleine d\u2019\u00e9nergie jusqu\u2019\u00e0 22h.<\/p>\n<p>La f\u00eate du livre pr\u00e8s de Rennes<\/p>\n<p class=\" wall-content\">Comme chaque ann\u00e9e, la commune de <strong>B\u00e9cherel abrite la f\u00eate du livre<\/strong>. Samedi 2 ao\u00fbt, rendez-vous dans cette cit\u00e9 du livre \u00e0 <strong>14h<\/strong> pour profiter du march\u00e9 aux livres et jusqu\u2019\u00e0 minuit pour vivre la Nuit du livre, au 4, route de Montfort.<\/p>\n<p class=\" wall-content\">Jeux litt\u00e9raires, contes, ateliers, musique, th\u00e9\u00e2tre, po\u00e9sie ou encore balades seront au programme pour <strong>toute la famille<\/strong>. Une <strong>restauration<\/strong> est \u00e9galement pr\u00e9vue sur place.<\/p>\n<p>Transat en ville<\/p>\n<p class=\" wall-content\">Vendredi 1er ao\u00fbt, comme tous les autres vendredis de l\u2019\u00e9t\u00e9, le Carr\u00e9 Rennais invite les Rennais \u00e0 d\u00e9couvrir <strong>le savoir-faire des commer\u00e7ants<\/strong> de la ville. De <strong>17h \u00e0 19h<\/strong>, rendez-vous sur la place de la Mairie.<\/p>\n<p class=\" wall-content\">Samedi 2 ao\u00fbt, l\u2019association <strong>Musicienne.s<\/strong> laisse s\u2019exprimer Alicia Du Coustel sur la sc\u00e8ne du festival Transat en ville. \u00c0 <strong>14h<\/strong>, elle animera un <strong>atelier collectif de chant<\/strong>, de slam et de percussions corporelles pendant une heure. L\u2019occasion pour tous de laisser s\u2019exprimer sa voix et son corps.<\/p>\n<p class=\" wall-content\"><a href=\"https:\/\/www.instagram.com\/p\/DMp90GvPKDb\/embed\" title=\"Ouvrir le lien sur Instagram\" target=\"_blank\" rel=\"noopener\">Visualiser le contenu sur Instagram<\/a><\/p>\n<p class=\" wall-content\">\u00c0 partir de <strong>20h<\/strong>, l\u2019association laisse place \u00e0 deux autres artistes. Le <strong>duo Vilaine bouche<\/strong> abordera en chanson \u00ab\u00a0les grands th\u00e8mes de soci\u00e9t\u00e9, avec po\u00e9sie et ironie\u00a0\u00bb. Rendez-vous sur la place de la Mairie pour une heure et quart de concert a capella.<\/p>\n<p>Ap\u00e9ros slam aux P\u2019tits Bateaux<\/p>\n<p class=\" wall-content\"><strong>Prendre un ap\u00e9ro sur l\u2019eau<\/strong>, c\u2019est possible \u00e0 Rennes. Les P\u2019tits Bateaux, ces bateaux \u00e9lectriques sans permis qui voguent sur le <strong>canal Saint-Martin<\/strong> tout l\u2019\u00e9t\u00e9, proposent aux rennais des ap\u00e9ros slam.<\/p>\n<p class=\" wall-content\">R\u00e9servez votre billet, rendez-vous \u00e0 La Capitainerie des P\u2019tits Bateaux, choisissez votre boisson et embarquez pour une heure de balade avec le <strong>slameur rennais Elvi<\/strong>. Une fa\u00e7on plus po\u00e9tique de profiter du d\u00e9cor urbain et verdoyant de la capitale bretonne, en couple, entre amis, en famille et m\u00eame avec son animal de compagnie.<\/p>\n<p>Vous pouvez r\u00e9server votre place en ligne sur <a href=\"https:\/\/www.tourisme-rennes.com\/sortir\/aperos-slam\/\" target=\"_blank\" rel=\"noopener\">le site de l\u2019office de tourisme<\/a>. La balade est de 16,5 euros et la consommation (bi\u00e8re, vin ou soft) est incluse. Il reste encore 4 places disponibles vendredi 1er ao\u00fbt pour une excursion \u00e0 partir de 19h45.La Nuit des \u00e9toiles<\/p>\n<p class=\" wall-content\">Ce week-end, plusieurs associations bretilliennes d\u2019astronomie proposent des soir\u00e9es de <strong>d\u00e9couverte et de contemplation des \u00e9toiles<\/strong>, accessibles \u00e0 tous. Vendredi 1\u1d49\u02b3 ao\u00fbt, \u00e0 partir de <strong>20h30<\/strong>, rendez-vous \u00e0 la <strong>Maison de quartier Le Cadran<\/strong>, dans le quartier Beauregard, \u00e0 Rennes, pour une s\u00e9ance de plan\u00e9tarium, des conf\u00e9rences en plein air, une observation des astres et des n\u00e9buleuses au t\u00e9lescope et m\u00eame une lecture du ciel au laser.<\/p>\n<p class=\" wall-content\">Pour retrouver le reste du programme autour de Rennes, \u00e0 Bruz, Chavagne, Org\u00e8res ou encore La Couy\u00e8re te dans le reste du d\u00e9partement, <a href=\"https:\/\/actu.fr\/bretagne\/rennes_35238\/nuit-des-etoiles-2025-ce-qui-est-prevu-a-rennes-et-en-ille-et-vilaine-pour-observer-le-ciel-et-les-perseides_62972380.html\" target=\"_blank\" rel=\"noopener\">consultez notre article<\/a>.<\/p>\n<p>Partagez un moment convivial \u00e0 l\u2019Espace Lecture Carrefour 18<\/p>\n<p class=\" wall-content\">\u00c0 partir du vendredi 1\u1d49\u02b3 ao\u00fbt et jusqu\u2019au dimanche 10 ao\u00fbt, <strong>l\u2019Espace Lecture Carrefour 18<\/strong>, situ\u00e9 au 7, rue d\u2019Espagne, dans le quartier du Blosne \u00e0 Rennes, ouvre ses portes gratuitement \u00e0 tous. Tous les jours :<\/p>\n<ul class=\" wall-content\">\n<li>de <strong>9h \u00e0 18h<\/strong>, venez profiter librement de cet espace convivial pour \u00ab\u00a0vous d\u00e9tendre, jouer, lire, discuter autour d\u2019un caf\u00e9, ou tout simplement vous poser \u00e0 l\u2019ombre\u00a0\u00bb ;<\/li>\n<li>les b\u00e9n\u00e9voles de l\u2019association Lire et D\u00e9lire vous invitent \u00e0 <strong>rapporter votre pique-nique<\/strong> pour partager un repas chaleureux sous les arbres, de 12h \u00e0 14h. Des ateliers sont \u00e9galement organis\u00e9s chaque jour ;<\/li>\n<li>de 10h \u00e0 11h, un atelier d\u2019\u00e9veil et de d\u00e9couverte sera propos\u00e9 pour les tout-petits (0 \u00e0 5 ans) ;<\/li>\n<li>de 14h \u00e0 16h, vous pourrez participer \u00e0 un <strong>atelier cr\u00e9atif ouvert \u00e0 tous les \u00e2ges<\/strong>.\u00a0<\/li>\n<\/ul>\n<p>Les projections du Parlement\u00a0<\/p>\n<p class=\" wall-content\">Elles ont lieu tous les \u00e9t\u00e9s depuis plus de 10 ans, les projections du Parlement de Bretagne sont de retour \u00e0 Rennes depuis le 19 juillet 2025. Ce week-end encore, venez admirer le <strong>spectacle monumental<\/strong> projet\u00e9 sur la fa\u00e7ade de l\u2019\u00e9difice. Intitul\u00e9 Regards, la repr\u00e9sentation aborde cette ann\u00e9e le <strong>th\u00e8me du portrait<\/strong> \u00e0 travers neuf sc\u00e8nes.<\/p>\n<p class=\" wall-content\">Vendredi 1er et samedi 2 ao\u00fbt, rendez-vous sur la place face au Parlement de Bretagne de <strong>23h \u00e0 23h20<\/strong>. Dimanche 3 ao\u00fbt, la projection se d\u00e9roulera de <strong>22h30 \u00e0 22h50<\/strong>.<\/p>\n<p>Concert \u00e0 la Basse cour<\/p>\n<p class=\" wall-content\">La Basse Cour, un \u00ab\u00a0tiers-lieu agriculturel\u00a0\u00bb \u00e0 Rennes, accueille <strong>Badegna Foli<\/strong> samedi \u00a02 ao\u00fbt, de <strong>20h \u00e0 23h<\/strong>. Ce groupe de musique \u00ab\u00a0\u00e9nergique et paisible \u00e0 la fois\u00a0\u00bb est compos\u00e9 de deux fr\u00e8res mayennais et d\u2019un bassiste tout droit venu de Bamako. Sur sc\u00e8ne, ils m\u00ealent <strong>fran\u00e7ais et bambara<\/strong>, langue parl\u00e9e au Mali notamment. Ouverte \u00e0 tous, l\u2019entr\u00e9e est \u00e0 <strong>prix libre<\/strong>.<\/p>\n<p>Cabaret du march\u00e9 \u00e0 Betton<\/p>\n<p class=\" wall-content\">Cet \u00e9t\u00e9, Betton est en f\u00eate <strong>tous les dimanches<\/strong>. Les Cabarets du march\u00e9, une s\u00e9rie de <strong>concerts gratuits et conviviaux<\/strong>, se tiennent chaque dimanche matin sur la <strong>place de la Cale<\/strong>, en face du plan d\u2019eau.<\/p>\n<p class=\" wall-content\">Dimanche 3 ao\u00fbt, c\u2019est la chanteuse Aziliz Esnault et ses trois musiciens qui animeront le cabaret. Retrouvez-les d\u00e8s <strong>10h30<\/strong> pour un <strong>concert de samba populaire<\/strong> d\u2019une dur\u00e9e de 2h.<\/p>\n<p>Rassemblement de voitures et de motos\u00a0<\/p>\n<p class=\" wall-content\">Dimanche 3 ao\u00fbt, <strong>de 10h \u00e0 13h<\/strong>, l\u2019association PAPA35 vous donne rendez-vous aux \u00c9tangs d\u2019Apign\u00e9 pour d\u00e9couvrir des \u00ab\u00a0v\u00e9hicules historiques, insolites ou rares\u00a0\u00bb.<\/p>\n<p class=\" wall-content\">Comme chaque mois, venez \u00e0 la base nautique assister \u00e0 un <strong>rassemblement de voitures et de motos anciennes, sportives ou de prestige<\/strong>.\u00a0L\u2019entr\u00e9e est <strong>libre et gratuite<\/strong> et une restauration est pr\u00e9vue sur place avec des galettes saucisse, du caf\u00e9 et des boissons soft.<\/p>\n<p>Les Estivales de l\u2019Orgue<\/p>\n<p class=\" wall-content\">\u00c0 partir du dimanche 3 ao\u00fbt et jusqu\u2019au dernier dimanche du mois, les Estivales de l\u2019Orgue reviennent \u00e0 Rennes. Au programme : des <strong>concerts<\/strong> autour de cet instrument et une <strong>visite pr\u00e9alable de l\u2019\u00e9glise<\/strong> et de l\u2019orgue. Cette ann\u00e9e, le th\u00e8me est celui des <strong>\u00ab\u00a0Orgues au f\u00e9minin\u00a0\u00bb<\/strong> pour mettre en avant les compositrices qui ont \u00e9crit pour l\u2019instrument.<\/p>\n<p class=\" wall-content\">Dimanche 3 ao\u00fbt, \u00e0 <strong>16h<\/strong>, rendez-vous \u00e0 <strong>l\u2019\u00e9glise Saint-Paul<\/strong>, au 35, rue de Brest, pour \u00e9couter les musiques \u00ab\u00a0tendres et actuelles\u00a0\u00bb de Catherine Bolzinger. Chaque vendredi pr\u00e9c\u00e9dant le concert, une visite de l\u2019\u00e9glise et de l\u2019orgue est organis\u00e9e \u00e0 <strong>16h30,<\/strong> en partenariat avec Destination Rennes \u2013 Office de Tourisme. Il est conseill\u00e9 de <a href=\"https:\/\/www.tourisme-rennes.com\/billetterie\/?_recherche=estivale\" target=\"_blank\" rel=\"noopener\">r\u00e9server son billet<\/a> en ligne et le tout est <strong>gratuit<\/strong>.<\/p>\n<p>Pour finir le week-end en musique<\/p>\n<p class=\" wall-content\">Si vous n\u2019avez pas eu l\u2019occasion de prendre un ap\u00e9ro avec lui sur les P\u2019tits Bateaux ou que vous en voulez encore, retrouvez le <strong>slameur Elvi<\/strong> \u00e0 La Capitainerie (48 canal Saint-Martin \u00e0 Rennes) dimanche 3 ao\u00fbt de<strong> 17h \u00e0 18h<\/strong>.<\/p>\n<p class=\" wall-content\">Pendant une heure de concert, l\u2019artiste vous transportera par l\u2019intensit\u00e9 de ses mots, entre <strong>le slam et le hip-hop<\/strong>. Le concert est <strong>gratuit<\/strong>.<\/p>\n<p class=\" wall-content\">Suivez toute l\u2019actualit\u00e9 de vos villes et m\u00e9dias favoris en vous inscrivant \u00e0 <a href=\"https:\/\/moncompte.actu.fr\" title=\"D\u00e9couvez Mon Actu\" rel=\"nofollow noopener\" data-trk=\"{&quot;cta&quot;:{&quot;action&quot;:&quot;https:\\\/\\\/moncompte.actu.fr&quot;,&quot;category&quot;:&quot;mon compte&quot;,&quot;from&quot;:&quot;article footer&quot;,&quot;name&quot;:&quot;Mon actu&quot;,&quot;type&quot;:&quot;cta&quot;}}\" target=\"_blank\">Mon Actu<\/a>.<\/p>\n<p>                    <script async src=\"\/\/www.instagram.com\/embed.js\"><\/script><\/p>\n","protected":false},"excerpt":{"rendered":"Par Lou Batteux Publi\u00e9 le 1 ao\u00fbt 2025 \u00e0 11h32 Cette ann\u00e9e, le mois d\u2019ao\u00fbt d\u00e9bute en douceur&hellip;\n","protected":false},"author":2,"featured_media":288727,"comment_status":"","ping_status":"","sticky":false,"template":"","format":"standard","meta":{"footnotes":""},"categories":[2821],"tags":[1111,11,829,1697,31700,1777,674,1011,27,5691,1652,12,584,25],"class_list":{"0":"post-288726","1":"post","2":"type-post","3":"status-publish","4":"format-standard","5":"has-post-thumbnail","7":"category-rennes","8":"tag-actu","9":"tag-actualites","10":"tag-bretagne","11":"tag-concert","12":"tag-ete-a-rennes","13":"tag-eu","14":"tag-europe","15":"tag-fr","16":"tag-france","17":"tag-guinguette","18":"tag-loisirs-culture","19":"tag-news","20":"tag-rennes","21":"tag-republique-francaise"},"share_on_mastodon":{"url":"https:\/\/pubeurope.com\/@fr\/114952875687731223","error":""},"_links":{"self":[{"href":"https:\/\/www.europesays.com\/fr\/wp-json\/wp\/v2\/posts\/288726","targetHints":{"allow":["GET"]}}],"collection":[{"href":"https:\/\/www.europesays.com\/fr\/wp-json\/wp\/v2\/posts"}],"about":[{"href":"https:\/\/www.europesays.com\/fr\/wp-json\/wp\/v2\/types\/post"}],"author":[{"embeddable":true,"href":"https:\/\/www.europesays.com\/fr\/wp-json\/wp\/v2\/users\/2"}],"replies":[{"embeddable":true,"href":"https:\/\/www.europesays.com\/fr\/wp-json\/wp\/v2\/comments?post=288726"}],"version-history":[{"count":0,"href":"https:\/\/www.europesays.com\/fr\/wp-json\/wp\/v2\/posts\/288726\/revisions"}],"wp:featuredmedia":[{"embeddable":true,"href":"https:\/\/www.europesays.com\/fr\/wp-json\/wp\/v2\/media\/288727"}],"wp:attachment":[{"href":"https:\/\/www.europesays.com\/fr\/wp-json\/wp\/v2\/media?parent=288726"}],"wp:term":[{"taxonomy":"category","embeddable":true,"href":"https:\/\/www.europesays.com\/fr\/wp-json\/wp\/v2\/categories?post=288726"},{"taxonomy":"post_tag","embeddable":true,"href":"https:\/\/www.europesays.com\/fr\/wp-json\/wp\/v2\/tags?post=288726"}],"curies":[{"name":"wp","href":"https:\/\/api.w.org\/{rel}","templated":true}]}}