{"id":288760,"date":"2025-08-01T10:06:14","date_gmt":"2025-08-01T10:06:14","guid":{"rendered":"https:\/\/www.europesays.com\/fr\/288760\/"},"modified":"2025-08-01T10:06:14","modified_gmt":"2025-08-01T10:06:14","slug":"aurelie-aubert-quest-devenue-la-championne-paralympique-star-de-paris-2024","status":"publish","type":"post","link":"https:\/\/www.europesays.com\/fr\/288760\/","title":{"rendered":"Aur\u00e9lie Aubert : qu&rsquo;est devenue la championne paralympique, star de Paris 2024 ?"},"content":{"rendered":"<p>Propuls\u00e9e sous les feux des projecteurs lors des Jeux<br \/>\nParalympiques de <a href=\"https:\/\/www.closermag.fr\/people\/des-marches-funebres-la-prestation-daya-nakamura-aux-jo-de-paris-2024-racontee-de-linterieur-3567469\" rel=\"nofollow noopener\" target=\"_blank\"><br \/>\nParis 2024<\/a>, Aur\u00e9lie Aubert doit d\u00e9sormais g\u00e9rer sa notori\u00e9t\u00e9.<br \/>\nFaute de sponsors et de moyens financiers suffisants, sa carri\u00e8re<br \/>\naurait d\u00fb s\u2019arr\u00eater apr\u00e8s l\u2019\u00e9v\u00e9nement sportif.<\/p>\n<p>Mais elle a finalement pris un autre tournant, lorsqu\u2019elle est<br \/>\ndevenue l\u2019une des athl\u00e8tes les plus marquantes des JOP de Paris<br \/>\n2024.<\/p>\n<p>Aur\u00e9lie Aubert\u00a0: d\u2019anonyme \u00e0 star du sport<br \/>\nparalympique<\/p>\n<p>Il y a presque un an, les <a href=\"https:\/\/www.closermag.fr\/people\/jo-de-paris-2024-quels-sont-les-montants-des-primes-des-francais-medailles-3460679\" rel=\"nofollow noopener\" target=\"_blank\"><br \/>\nJeux Olympiques et Paralympiques de Paris<\/a> faisaient frissonner<br \/>\nles Fran\u00e7ais. Stades remplis, fan zone et t\u00e9l\u00e9spectateurs au<br \/>\nrendez-vous, l\u2019\u00e9v\u00e9nement a \u00e9t\u00e9 un v\u00e9ritable<br \/>\n<strong>succ\u00e8s<\/strong>. Des <a href=\"https:\/\/www.closermag.fr\/vecu\/jo-de-paris-2024-cet-objet-piquant-et-improbable-que-les-athletes-sechangent-dans-les-coulisses-3462914\" rel=\"nofollow noopener\" target=\"_blank\"><br \/>\nathl\u00e8tes<\/a> sont alors sortis de l\u2019anonymat, comme <a href=\"https:\/\/www.closermag.fr\/people\/aurelie-aubert-quel-est-le-handicap-de-la-championne-paralympique-francaise-de-boccia-3471870\" rel=\"nofollow noopener\" target=\"_blank\"><br \/>\nAur\u00e9lie Aubert<\/a>, joueuse de boccia. \u00a0La jeune femme est<br \/>\ndevenue championne paralympique et a \u00e9mu tout le pays avec son<br \/>\nincroyable r\u00e9action.<\/p>\n<p>En juin dernier, nos confr\u00e8res du Parisien ont<br \/>\nrencontr\u00e9 Aur\u00e9lie Aubert, qui venait de disputer une comp\u00e9tition en<br \/>\nChine, \u00e9tait invit\u00e9e \u00e0 inaugurer l\u2019\u00a0\u00bb<strong>Espace sportif<br \/>\nAur\u00e9lie Aubert<\/strong>\u00ab\u00a0, un terrain multisport \u00e0<br \/>\nSaint-Maurice dans le Val-de-Marne. L\u2019\u00e9tablissement est destin\u00e9 aux<br \/>\nriverains et aux patients de cette antenne des H\u00f4pitaux Paris Est<br \/>\nVal-de-Marne. \u00ab\u00a0<strong>Tout le monde sait qui est Aur\u00e9lie<br \/>\nAubert<\/strong>\u00ab\u00a0, assurait Igor Semo, le maire de la commune.<br \/>\n\u00ab\u00a0Je suis tr\u00e8s contente d\u2019\u00eatre marraine et d\u2019avoir un city stade<br \/>\n\u00e0 mon nom. Il y a un an, <strong>je n\u2019y aurais jamais cru<\/strong><br \/>\net j\u2019en suis tr\u00e8s honor\u00e9e\u00a0\u00bb a-t-elle alors d\u00e9clar\u00e9, \u00e9mue et<br \/>\ng\u00ean\u00e9e. Le public \u00e9tait pr\u00e9sent pour venir \u00e0 sa rencontre.<br \/>\n\u00ab\u00a0G\u00e9n\u00e9ralement, ils sont un peu impressionn\u00e9s (\u2026) \u00a0Ils me<br \/>\nf\u00e9licitent, ils me disent que \u00e7a leur a permis de <strong>d\u00e9couvrir<br \/>\nun sport<\/strong> qu\u2019ils ne connaissaient pas du tout\u00a0\u00bb<br \/>\na-t-elle expliqu\u00e9 au Parisien.<\/p>\n<blockquote class=\"twitter-tweet\"><p><a class=\"twitter-link\" rel=\"noindex, nofollow noopener\" href=\"https:\/\/twitter.com\/ici_hnormandie\/status\/1948295801240698904\" target=\"_blank\"><\/p><\/blockquote>\n<p>Aur\u00e9lie Aubert\u00a0: comment elle g\u00e8re<br \/>\nsa notori\u00e9t\u00e9<\/p>\n<p>La championne paralympique et Claudine Llop, son entra\u00eeneur et<br \/>\nassistante de jeu, doivent en effet faire face \u00e0 un nouvel aspect<br \/>\nde leur vie auquel elles ne s\u2019attendaient pas : la<br \/>\n<strong>notori\u00e9t\u00e9<\/strong>. \u00ab\u00a0Parfois, \u00e7a me fait plaisir mais<br \/>\nparfois c\u2019est compliqu\u00e9 \u00e0 g\u00e9rer parce qu\u2019on aime bien \u00eatre un peu<br \/>\ntranquilles. Il arrive que \u00e7a soit un peu plus<br \/>\n<strong>compliqu\u00e9<\/strong> mais on est aussi heureuses parce que \u00e7a<br \/>\na permis de mettre en lumi\u00e8re un sport qui ne l\u2019\u00e9tait pas trop<br \/>\navant. \u00c7a, c\u2019est <strong>g\u00e9nial<\/strong>\u00a0\u00bb\u00a0a assur\u00e9<br \/>\nAur\u00e9lie Aubert.<\/p>\n<p>D\u00e9sormais, le duo peut performer gr\u00e2ce au soutien de sponsors<br \/>\ncomme\u00a0la marque Ferrero, via Kinder. Les para-athl\u00e8tes<br \/>\nviennent d\u00a0\u00bb\u00eatre sacr\u00e9es aux Championnats d&rsquo;Europe de boccia. Dans<br \/>\nun an, Aur\u00e9lie Aubert et Claudine Llop participeront aux<br \/>\nChampionnats du monde pr\u00e9vus \u00e0 S\u00e9oul, en Cor\u00e9e du Sud. En plus du<br \/>\ncity stade \u00e0 Saint-Maurice, Aur\u00e9lie Aubert va donner son nom<br \/>\nau<strong>\u00a0futur coll\u00e8ge<\/strong> de Rugles dans l\u2019Eure, comme<br \/>\nl\u2019a d\u00e9voil\u00e9\u00a0Ici Normandie. L\u2019\u00e9tablissement sera<br \/>\ninaugur\u00e9 en novembre.<\/p>\n<p><script async src=\"https:\/\/platform.twitter.com\/widgets.js\" charset=\"utf-8\"><\/script><\/p>\n","protected":false},"excerpt":{"rendered":"Propuls\u00e9e sous les feux des projecteurs lors des Jeux Paralympiques de Paris 2024, Aur\u00e9lie Aubert doit d\u00e9sormais g\u00e9rer&hellip;\n","protected":false},"author":2,"featured_media":288761,"comment_status":"","ping_status":"","sticky":false,"template":"","format":"standard","meta":{"footnotes":""},"categories":[1888],"tags":[1111,1928,11,1927,548,1777,674,1011,27,42780,12,1926,626,1925,25],"class_list":{"0":"post-288760","1":"post","2":"type-post","3":"status-publish","4":"format-standard","5":"has-post-thumbnail","7":"category-paris","8":"tag-actu","9":"tag-actu-paris","10":"tag-actualites","11":"tag-actualites-paris","12":"tag-article-simple","13":"tag-eu","14":"tag-europe","15":"tag-fr","16":"tag-france","17":"tag-jo-paris","18":"tag-news","19":"tag-news-paris","20":"tag-paris","21":"tag-paris-news","22":"tag-republique-francaise"},"share_on_mastodon":{"url":"https:\/\/pubeurope.com\/@fr\/114952954615545764","error":""},"_links":{"self":[{"href":"https:\/\/www.europesays.com\/fr\/wp-json\/wp\/v2\/posts\/288760","targetHints":{"allow":["GET"]}}],"collection":[{"href":"https:\/\/www.europesays.com\/fr\/wp-json\/wp\/v2\/posts"}],"about":[{"href":"https:\/\/www.europesays.com\/fr\/wp-json\/wp\/v2\/types\/post"}],"author":[{"embeddable":true,"href":"https:\/\/www.europesays.com\/fr\/wp-json\/wp\/v2\/users\/2"}],"replies":[{"embeddable":true,"href":"https:\/\/www.europesays.com\/fr\/wp-json\/wp\/v2\/comments?post=288760"}],"version-history":[{"count":0,"href":"https:\/\/www.europesays.com\/fr\/wp-json\/wp\/v2\/posts\/288760\/revisions"}],"wp:featuredmedia":[{"embeddable":true,"href":"https:\/\/www.europesays.com\/fr\/wp-json\/wp\/v2\/media\/288761"}],"wp:attachment":[{"href":"https:\/\/www.europesays.com\/fr\/wp-json\/wp\/v2\/media?parent=288760"}],"wp:term":[{"taxonomy":"category","embeddable":true,"href":"https:\/\/www.europesays.com\/fr\/wp-json\/wp\/v2\/categories?post=288760"},{"taxonomy":"post_tag","embeddable":true,"href":"https:\/\/www.europesays.com\/fr\/wp-json\/wp\/v2\/tags?post=288760"}],"curies":[{"name":"wp","href":"https:\/\/api.w.org\/{rel}","templated":true}]}}