{"id":288766,"date":"2025-08-01T10:09:09","date_gmt":"2025-08-01T10:09:09","guid":{"rendered":"https:\/\/www.europesays.com\/fr\/288766\/"},"modified":"2025-08-01T10:09:09","modified_gmt":"2025-08-01T10:09:09","slug":"en-direct-guerre-en-ukraine-les-attaques-de-drones-russes-ont-atteint-un-nombre-record-en-juillet-le-monde-fr","status":"publish","type":"post","link":"https:\/\/www.europesays.com\/fr\/288766\/","title":{"rendered":"En direct, guerre en Ukraine : les attaques de drones russes ont atteint un nombre record en juillet &#8211; Le Monde.fr"},"content":{"rendered":"<ol>\n<li><a href=\"https:\/\/news.google.com\/rss\/articles\/CBMi_AFBVV95cUxPdkpWVExYRmRJaE1pdzBaTy01OFNET21sUVl6WVZfS3c5T3hVUTl2TllHYThrWGE1cHM3R00zTUdoRC1OU010eUZ6LTJ0R2FITkZnSmdzQS02YXBxNEozQWJFd25ENFJKOHpORWZKSW5XYnMxcjlrTE54Y2dFU08wQTFCZjkxMU1lelZRXzRocVhCb0lEaFkwbGFndjV2Qk5md3hYN3J0QTBDM2ZkOFozU0lNcE41ejlaWHdkWDduay15ZmdkZTdLOXZ1OTNLVF8taW13NURjdzlRZWNRSF9TYmg3V2wzRERXNElSREc2TTU0Zl9sMWV1QzdjWXU?oc=5\" target=\"_blank\" rel=\"nofollow noopener\">En direct, guerre en Ukraine : les attaques de drones russes ont atteint un nombre record en juillet<\/a>&nbsp;&nbsp;Le Monde.fr<\/li>\n<li><a href=\"https:\/\/news.google.com\/rss\/articles\/CBMikAJBVV95cUxPWjFrY3Z3ajE5THMydUJmOGlSYWhubllqclVWaDlqdGJoUmU3Zk5HWWthQ3dOc21odVJsaW1Ma3pJenU2cUtwbElTOVRnekY1clBjdnB0ZzBxbng2VmN6RXpjbk1hWjNTdVlxTHZGRy1BdEFVcXVVc1FfSHVnckZfNktDQTRETHhFczJFRVBNU2pacUtBVFFNNjI1bm5YT0pBZ21KV2c4Q21fWHgwcEJxYVlkUnEyODc3SXB3RTY5dHlHNGstZ2JIM0djRlpMY1VldTI2cGlCRGRRMlg4RzdXM3NfT1RaWFY2TnJXT1dCQ1RwMkZPcWx0MFFKR1NFT01jTHN4eldqRERib01MdUlzVg?oc=5\" target=\"_blank\" rel=\"nofollow noopener\">Guerre en Ukraine : avec 6 297 drones et 198 missiles lanc\u00e9s, les frappes russes ont atteint un nombre record en juillet<\/a>&nbsp;&nbsp;Sud Ouest<\/li>\n<li><a href=\"https:\/\/news.google.com\/rss\/articles\/CBMi8AFBVV95cUxObFh2UkFEeFN1OHdWTy0zWDFWWTdVbmhZQTJCRWR3cnJsNENpby03Zm11TzR6WFVyTS0wRWt2Vk8wRXV5cndXcXRtQ292dU9Fbk04R0tNRGJEaEc3bjFZZUdiN3E0Sk1uSjBLVnZWc3MzVGNRa1dFYnRZbUhxUm9sVlRVYlpncDUtSllnN0xYbUgyVWNtbkR1b2JIYXFlQWMtbFJwZDZfNk1qU3RrQ18yVGVLZW1zWXhXaU11ZHZURkRIN1RGYWVZcjQ3S2J2LVdBSXlzVVBHeHNmUjBVd2c3MS1SWVpqYjU1UEdfZGk3eGo?oc=5\" target=\"_blank\" rel=\"nofollow noopener\">Guerre en Ukraine : 6 297 frappes de drones russes recens\u00e9es en juillet, un record<\/a>&nbsp;&nbsp;Ouest-France<\/li>\n<li><a href=\"https:\/\/news.google.com\/rss\/articles\/CBMi7gFBVV95cUxPTU9uakpjMUZOcW9UN3poT2NYdjNEZWhGY0tJanlzQ2ZDOUE3eFBGNHJkbkJnNlNQMm1yNm1TUEdUMkI0ZVIxWTZzbGVTbW9FQVg1M0dVVGZxM0xFOWRtVm1ac0tQX3NfT0p2aWtXdXRRV2szVWpaeVRIVzF5ODZHRDRtZWo1Q0tQRVlEMGZIcVItRG02T3FjazhrZ0htNXExOG94Z2QzTGEzN2ZiV1VmTFdHd2h5YmRqSHN2VmpnQl9sSGpwV2U5ajRPNTNpUDB1SlhyWkh4MDZuaWpxQng5OTA3MFNEd1cxc012WVRR?oc=5\" target=\"_blank\" rel=\"nofollow noopener\">En Ukraine, des soldats \u00e9puis\u00e9s et sous-\u00e9quip\u00e9s face au d\u00e9luge de drones russes<\/a>&nbsp;&nbsp;Courrier international<\/li>\n<li><a href=\"https:\/\/news.google.com\/rss\/articles\/CBMirwJBVV95cUxOMnIzMDZoRDgyRVZyTkJlUU1IUjhkUVE1OGVmOVF1REVSM2tMTFBEWFJvRVBvSy1YRkYxMmphUUc1bWZ3QmxfVVB4S2ZlbW9tVWFLb1dtbjN2bXdfVnoyM2NyeTdkVHJjRVpmRTdrdHF3blZQZDNPdkJxN0p5TU1saGY0VjFNS2oxbDd2MGN4Wk42NkRxZmxpRjJsMEhPQ0xmN1QySkNIQ09uLS1NaXdJQl9IQ0Y0ZzdRRnpxcGU2SUF1eTN3eWctTy1tUEpwZVhlc0wxaG9wVXNDMU5ZWEFpN2pmaVUzQjNBZDRONzdxNUJMLXVoWkhCdHdObzdIQXd1dHJCTmNVcHlLbUtZd2Q0WjNQQlljODhMXzI4N3hBMVpkMzFQaWZscXpnX1dMVnM?oc=5\" target=\"_blank\" rel=\"nofollow noopener\">Guerre en Ukraine : \u00ab une arme en plastique \u00bb, c\u2019est quoi le Gerbera, ce drone russe \u00ab explosif \u00bb qui \u00e9puise Kiev<\/a>&nbsp;&nbsp;Le Parisien<\/li>\n<\/ol>\n","protected":false},"excerpt":{"rendered":"En direct, guerre en Ukraine : les attaques de drones russes ont atteint un nombre record en juillet&nbsp;&nbsp;Le&hellip;\n","protected":false},"author":2,"featured_media":1445,"comment_status":"","ping_status":"","sticky":false,"template":"","format":"standard","meta":{"footnotes":""},"categories":[1591],"tags":[11,1887,12,1885,1886,132],"class_list":{"0":"post-288766","1":"post","2":"type-post","3":"status-publish","4":"format-standard","5":"has-post-thumbnail","7":"category-russie","8":"tag-actualites","9":"tag-federation-de-russie","10":"tag-news","11":"tag-russia","12":"tag-russian-federation","13":"tag-russie"},"share_on_mastodon":{"url":"https:\/\/pubeurope.com\/@fr\/114952966292548561","error":""},"_links":{"self":[{"href":"https:\/\/www.europesays.com\/fr\/wp-json\/wp\/v2\/posts\/288766","targetHints":{"allow":["GET"]}}],"collection":[{"href":"https:\/\/www.europesays.com\/fr\/wp-json\/wp\/v2\/posts"}],"about":[{"href":"https:\/\/www.europesays.com\/fr\/wp-json\/wp\/v2\/types\/post"}],"author":[{"embeddable":true,"href":"https:\/\/www.europesays.com\/fr\/wp-json\/wp\/v2\/users\/2"}],"replies":[{"embeddable":true,"href":"https:\/\/www.europesays.com\/fr\/wp-json\/wp\/v2\/comments?post=288766"}],"version-history":[{"count":0,"href":"https:\/\/www.europesays.com\/fr\/wp-json\/wp\/v2\/posts\/288766\/revisions"}],"wp:featuredmedia":[{"embeddable":true,"href":"https:\/\/www.europesays.com\/fr\/wp-json\/wp\/v2\/media\/1445"}],"wp:attachment":[{"href":"https:\/\/www.europesays.com\/fr\/wp-json\/wp\/v2\/media?parent=288766"}],"wp:term":[{"taxonomy":"category","embeddable":true,"href":"https:\/\/www.europesays.com\/fr\/wp-json\/wp\/v2\/categories?post=288766"},{"taxonomy":"post_tag","embeddable":true,"href":"https:\/\/www.europesays.com\/fr\/wp-json\/wp\/v2\/tags?post=288766"}],"curies":[{"name":"wp","href":"https:\/\/api.w.org\/{rel}","templated":true}]}}