{"id":288771,"date":"2025-08-01T10:12:15","date_gmt":"2025-08-01T10:12:15","guid":{"rendered":"https:\/\/www.europesays.com\/fr\/288771\/"},"modified":"2025-08-01T10:12:15","modified_gmt":"2025-08-01T10:12:15","slug":"pfizer-et-biontech-perdent-leur-appel-au-royaume-uni-contre-la-victoire-de-moderna-sur-le-brevet-du-vaccin-covid","status":"publish","type":"post","link":"https:\/\/www.europesays.com\/fr\/288771\/","title":{"rendered":"Pfizer et BioNTech perdent leur appel au Royaume-Uni contre la victoire de Moderna sur le brevet du vaccin Covid"},"content":{"rendered":"<p>Pfizer et son partenaire allemand BioNTech ont perdu, vendredi, leur tentative d&rsquo;annuler une d\u00e9cision selon laquelle leur vaccin contre le Covid-19 enfreignait l&rsquo;un des brevets de Moderna, devant la Cour d&rsquo;appel de Londres.<\/p>\n<p>L&rsquo;an dernier, la Haute Cour avait jug\u00e9 qu&rsquo;un brevet de Moderna, portant sur la technologie de l&rsquo;ARN messager (ARNm) \u00e0 la base de son vaccin contre le Covid-19, \u00e9tait valide et que le vaccin Comirnaty de Pfizer et BioNTech l&rsquo;avait enfreint. Cette d\u00e9cision conf\u00e8re \u00e0 Moderna le droit de r\u00e9clamer des dommages et int\u00e9r\u00eats sur les ventes r\u00e9alis\u00e9es apr\u00e8s mars 2022.<\/p>\n<p>Pfizer et BioNTech avaient fait appel pour tenter d&rsquo;inverser ce jugement, arguant que les avanc\u00e9es de Moderna dans la technologie de l&rsquo;ARNm \u00e9taient des prolongements \u00e9vidents de travaux ant\u00e9rieurs, ce qui rendrait le brevet invalide.<\/p>\n","protected":false},"excerpt":{"rendered":"Pfizer et son partenaire allemand BioNTech ont perdu, vendredi, leur tentative d&rsquo;annuler une d\u00e9cision selon laquelle leur vaccin&hellip;\n","protected":false},"author":2,"featured_media":288772,"comment_status":"","ping_status":"","sticky":false,"template":"","format":"standard","meta":{"footnotes":""},"categories":[1588],"tags":[11,340,1777,674,12,473,1853,1851,1850,1852],"class_list":{"0":"post-288771","1":"post","2":"type-post","3":"status-publish","4":"format-standard","5":"has-post-thumbnail","7":"category-royaume-uni","8":"tag-actualites","9":"tag-bourse","10":"tag-eu","11":"tag-europe","12":"tag-news","13":"tag-royaume-uni","14":"tag-royaume-uni-de-grande-bretagne-et-dirlande-du-nord","15":"tag-uk","16":"tag-united-kingdom","17":"tag-united-kingdom-of-great-britain-and-northern-ireland"},"share_on_mastodon":{"url":"https:\/\/pubeurope.com\/@fr\/114952978066890989","error":""},"_links":{"self":[{"href":"https:\/\/www.europesays.com\/fr\/wp-json\/wp\/v2\/posts\/288771","targetHints":{"allow":["GET"]}}],"collection":[{"href":"https:\/\/www.europesays.com\/fr\/wp-json\/wp\/v2\/posts"}],"about":[{"href":"https:\/\/www.europesays.com\/fr\/wp-json\/wp\/v2\/types\/post"}],"author":[{"embeddable":true,"href":"https:\/\/www.europesays.com\/fr\/wp-json\/wp\/v2\/users\/2"}],"replies":[{"embeddable":true,"href":"https:\/\/www.europesays.com\/fr\/wp-json\/wp\/v2\/comments?post=288771"}],"version-history":[{"count":0,"href":"https:\/\/www.europesays.com\/fr\/wp-json\/wp\/v2\/posts\/288771\/revisions"}],"wp:featuredmedia":[{"embeddable":true,"href":"https:\/\/www.europesays.com\/fr\/wp-json\/wp\/v2\/media\/288772"}],"wp:attachment":[{"href":"https:\/\/www.europesays.com\/fr\/wp-json\/wp\/v2\/media?parent=288771"}],"wp:term":[{"taxonomy":"category","embeddable":true,"href":"https:\/\/www.europesays.com\/fr\/wp-json\/wp\/v2\/categories?post=288771"},{"taxonomy":"post_tag","embeddable":true,"href":"https:\/\/www.europesays.com\/fr\/wp-json\/wp\/v2\/tags?post=288771"}],"curies":[{"name":"wp","href":"https:\/\/api.w.org\/{rel}","templated":true}]}}