{"id":288785,"date":"2025-08-01T10:21:09","date_gmt":"2025-08-01T10:21:09","guid":{"rendered":"https:\/\/www.europesays.com\/fr\/288785\/"},"modified":"2025-08-01T10:21:09","modified_gmt":"2025-08-01T10:21:09","slug":"mymidol-au-coeur-de-lambiance-du-rugby-ecossais","status":"publish","type":"post","link":"https:\/\/www.europesays.com\/fr\/288785\/","title":{"rendered":"myMidol : au c\u0153ur de l\u2019ambiance du rugby \u00e9cossais !"},"content":{"rendered":"<p>\n                Gagnez votre s\u00e9jour \u00e0 Edimbourg pour le match Ecosse-France du Tournoi des 6 Nations 2026 !\n            <\/p>\n<p>Les Bleus reviennent plus motiv\u00e9s que jamais pour le Tournoi des 6 Nations 2026. Et \u00e7a promet d&rsquo;\u00eatre grandiose !<br \/>myMidol vous embarque pour un s\u00e9jour au c\u0153ur de la ville d\u2019Edimbourg afin d&rsquo;assister au match\u00a0entre deux des plus joueuses \u00e9quipes d&rsquo;Europe.<\/p>\n<p>Participez \u00e0 notre jeu et tentez de remporter un s\u00e9jour \u00e0 Edimbourg pour 2 personnes, pour assister \u00e0 l&rsquo;affrontement entre le XV de France et l\u2019Ecosse, le 7 mars 2026.<\/p>\n<p>Le XV de France compte sur vous pour d\u00e9fier la ferveur \u00e9cossaise au Murrayfield Stadium !<\/p>\n<p>Au programme : un m\u00e9lange de rugby, de f\u00eate et de rencontres !<\/p>\n<p>Ce s\u00e9jour combine : vol, transferts a\u00e9roport, 2 nuits avec petits d\u00e9jeuner et les places de stade pour 2 personnes.<\/p>\n<p>Jouez-vite, les participations ne sont possibles que jusqu&rsquo;au 3 septembre !<\/p>\n","protected":false},"excerpt":{"rendered":"Gagnez votre s\u00e9jour \u00e0 Edimbourg pour le match Ecosse-France du Tournoi des 6 Nations 2026 ! Les Bleus&hellip;\n","protected":false},"author":2,"featured_media":288786,"comment_status":"","ping_status":"","sticky":false,"template":"","format":"standard","meta":{"footnotes":""},"categories":[1416],"tags":[1011,27,479,1468,60],"class_list":{"0":"post-288785","1":"post","2":"type-post","3":"status-publish","4":"format-standard","5":"has-post-thumbnail","7":"category-rugby","8":"tag-fr","9":"tag-france","10":"tag-rugby","11":"tag-rugby-football","12":"tag-sports"},"share_on_mastodon":{"url":"https:\/\/pubeurope.com\/@fr\/114953013410064323","error":""},"_links":{"self":[{"href":"https:\/\/www.europesays.com\/fr\/wp-json\/wp\/v2\/posts\/288785","targetHints":{"allow":["GET"]}}],"collection":[{"href":"https:\/\/www.europesays.com\/fr\/wp-json\/wp\/v2\/posts"}],"about":[{"href":"https:\/\/www.europesays.com\/fr\/wp-json\/wp\/v2\/types\/post"}],"author":[{"embeddable":true,"href":"https:\/\/www.europesays.com\/fr\/wp-json\/wp\/v2\/users\/2"}],"replies":[{"embeddable":true,"href":"https:\/\/www.europesays.com\/fr\/wp-json\/wp\/v2\/comments?post=288785"}],"version-history":[{"count":0,"href":"https:\/\/www.europesays.com\/fr\/wp-json\/wp\/v2\/posts\/288785\/revisions"}],"wp:featuredmedia":[{"embeddable":true,"href":"https:\/\/www.europesays.com\/fr\/wp-json\/wp\/v2\/media\/288786"}],"wp:attachment":[{"href":"https:\/\/www.europesays.com\/fr\/wp-json\/wp\/v2\/media?parent=288785"}],"wp:term":[{"taxonomy":"category","embeddable":true,"href":"https:\/\/www.europesays.com\/fr\/wp-json\/wp\/v2\/categories?post=288785"},{"taxonomy":"post_tag","embeddable":true,"href":"https:\/\/www.europesays.com\/fr\/wp-json\/wp\/v2\/tags?post=288785"}],"curies":[{"name":"wp","href":"https:\/\/api.w.org\/{rel}","templated":true}]}}