{"id":288787,"date":"2025-08-01T10:22:11","date_gmt":"2025-08-01T10:22:11","guid":{"rendered":"https:\/\/www.europesays.com\/fr\/288787\/"},"modified":"2025-08-01T10:22:11","modified_gmt":"2025-08-01T10:22:11","slug":"arthur-fils-jiri-lehecka-atp-1000-open-du-canada-troisieme-tour-vendredi-01-aout-2025-lequipe","status":"publish","type":"post","link":"https:\/\/www.europesays.com\/fr\/288787\/","title":{"rendered":"Arthur Fils &#8211; Jiri Lehecka, ATP 1000, Open du Canada, Troisi\u00e8me tour, Vendredi 01 ao\u00fbt 2025 &#8211; L&#039;\u00c9quipe"},"content":{"rendered":"<ol>\n<li><a href=\"https:\/\/news.google.com\/rss\/articles\/CBMiygFBVV95cUxNZnVCRmJvUGk3MTdsNHVBeHEzTmx3X3RwZ0U0c0lLTldYRmZMbGFocjRvaW51aFVrWDBzdDEzLUlwbE9TWWZMa1VxVDVqSFdIempuZGNyMG9QZV9QMnp4Q2VwMzBEVUR6TTNNMUtLWjRFWTdoZU5Nd3RNOHZNQi1HeVhMNm1Ra0FNSjB5a2ZCTGYxOXhQYkh2dEdhLXBwUFV6MndlUVpubHVmVEtmbWZ2X3JsTEFncU9sd3ZHMHRUcnE0QkI4YlpCNVdR?oc=5\" target=\"_blank\" rel=\"nofollow noopener\">Arthur Fils &#8211; Jiri Lehecka, ATP 1000, Open du Canada, Troisi\u00e8me tour, Vendredi 01 ao\u00fbt 2025<\/a>&nbsp;&nbsp;L&rsquo;\u00c9quipe<\/li>\n<li><a href=\"https:\/\/news.google.com\/rss\/articles\/CBMizwFBVV95cUxQZGwzOWVGMDllQkhZTkJXRElQb3VOMHpreVVSUl9DRVB5Tm0tdHRZWWRkcGh3endlUU5oa01oOGtzUGR6SmsyMmtBLVY3dVZGdjU2QnFrcnpOZ0RLQm1DVjdPQzhMZ01FNG9Hc0hkX3F5dkxRWXJaVVV1QmhIOEdTQWdPTU12emtJZVVsR09wNHNFalhoV0xqV3pYMENUdWxXUFdrcU1CcERNYVk4VjIwX1lBYUR3YkkweFlzcldWbWoxYnlSZVFsV3R0eUJ6R1U?oc=5\" target=\"_blank\" rel=\"nofollow noopener\">Andrey Rublev &#8211; Lorenzo Sonego, ATP 1000, Open du Canada, Troisi\u00e8me tour, Vendredi 01 ao\u00fbt 2025<\/a>&nbsp;&nbsp;L&rsquo;\u00c9quipe<\/li>\n<li><a href=\"https:\/\/news.google.com\/rss\/articles\/CBMihwFBVV95cUxQblBJZzJDMDA5dHZpRVhkcFJ6dlJpaHlhcDRaekVYeGtLdWJpWHE0Q1NtYVZRSGFRLWhoMmRZMHR3OU1IV2MtZXM1MlRkMXN4OGlOS1NZb0JSU0NnY2dNQTN4UHVWTi1DUF9uc1lGaU5WSGVhZHRNY3J3WTB4Y1J4a1l1N1VTSlU?oc=5\" target=\"_blank\" rel=\"nofollow noopener\">Les Italiens en Lice au Masters 1000<\/a>&nbsp;&nbsp;Il Messaggero<\/li>\n<li><a href=\"https:\/\/news.google.com\/rss\/articles\/CBMikwFBVV95cUxPa3NxWHFNM2lwdkVKeENwT05ta2VNd3ZKZTNzVS0zcnNibFRLMmQ3UTBlNUE3YUwwYThqeVJsTVFMSWo0VjBCbHU3Mnc5MVpmbU1UT3MtRjlmZHUydTFYYk9YRHpwSU5SUmwxaTdUU3dvNlZCMkFHbkhzOFpCcXc4WUtLTVNzRkNtdWFCLXZRcXczanM?oc=5\" target=\"_blank\" rel=\"nofollow noopener\">Pronostic Christopher O Connell &#8211; Alex de Minaur<\/a>&nbsp;&nbsp;RueDesJoueurs<\/li>\n<li><a href=\"https:\/\/news.google.com\/rss\/articles\/CBMikwFBVV95cUxOUUFQSlFsaENVU24wR01RV0d6b1c1UzM3OExwUWYyekE3dUtJX3gybk9YY0Vua1hfRzhrOV9aUkRudzJmclJIUnRmRE4zWU1FRWlULWd5bFlhTlAxdGVocXZEalpkLWZlV2EwMVVHd2hQdzNSQTNrM1dLaWNCREpHVFAtZDdmU2NtNFdxdzRSc094THM?oc=5\" target=\"_blank\" rel=\"nofollow noopener\">Andrey Rublev &#8211; en direct &#8211; ATP Toronto : Tennis Scores &amp; R\u00e9sultats &#8211; 27\/07\/2025<\/a>&nbsp;&nbsp;Eurosport<\/li>\n<\/ol>\n","protected":false},"excerpt":{"rendered":"Arthur Fils &#8211; Jiri Lehecka, ATP 1000, Open du Canada, Troisi\u00e8me tour, Vendredi 01 ao\u00fbt 2025&nbsp;&nbsp;L&rsquo;\u00c9quipe Andrey Rublev&hellip;\n","protected":false},"author":2,"featured_media":1983,"comment_status":"","ping_status":"","sticky":false,"template":"","format":"standard","meta":{"footnotes":""},"categories":[1415],"tags":[1011,27,60,1467],"class_list":{"0":"post-288787","1":"post","2":"type-post","3":"status-publish","4":"format-standard","5":"has-post-thumbnail","7":"category-tennis","8":"tag-fr","9":"tag-france","10":"tag-sports","11":"tag-tennis"},"share_on_mastodon":{"url":"https:\/\/pubeurope.com\/@fr\/114953017293075000","error":""},"_links":{"self":[{"href":"https:\/\/www.europesays.com\/fr\/wp-json\/wp\/v2\/posts\/288787","targetHints":{"allow":["GET"]}}],"collection":[{"href":"https:\/\/www.europesays.com\/fr\/wp-json\/wp\/v2\/posts"}],"about":[{"href":"https:\/\/www.europesays.com\/fr\/wp-json\/wp\/v2\/types\/post"}],"author":[{"embeddable":true,"href":"https:\/\/www.europesays.com\/fr\/wp-json\/wp\/v2\/users\/2"}],"replies":[{"embeddable":true,"href":"https:\/\/www.europesays.com\/fr\/wp-json\/wp\/v2\/comments?post=288787"}],"version-history":[{"count":0,"href":"https:\/\/www.europesays.com\/fr\/wp-json\/wp\/v2\/posts\/288787\/revisions"}],"wp:featuredmedia":[{"embeddable":true,"href":"https:\/\/www.europesays.com\/fr\/wp-json\/wp\/v2\/media\/1983"}],"wp:attachment":[{"href":"https:\/\/www.europesays.com\/fr\/wp-json\/wp\/v2\/media?parent=288787"}],"wp:term":[{"taxonomy":"category","embeddable":true,"href":"https:\/\/www.europesays.com\/fr\/wp-json\/wp\/v2\/categories?post=288787"},{"taxonomy":"post_tag","embeddable":true,"href":"https:\/\/www.europesays.com\/fr\/wp-json\/wp\/v2\/tags?post=288787"}],"curies":[{"name":"wp","href":"https:\/\/api.w.org\/{rel}","templated":true}]}}