{"id":288788,"date":"2025-08-01T10:24:13","date_gmt":"2025-08-01T10:24:13","guid":{"rendered":"https:\/\/www.europesays.com\/fr\/288788\/"},"modified":"2025-08-01T10:24:13","modified_gmt":"2025-08-01T10:24:13","slug":"motogp-2026-ducati-ne-pourra-sauver-pecco-bagnaia-que-si-marc-marquez-y-met-du-sien","status":"publish","type":"post","link":"https:\/\/www.europesays.com\/fr\/288788\/","title":{"rendered":"MotoGP 2026 : Ducati ne pourra sauver Pecco Bagnaia que si Marc Marquez y met du sien"},"content":{"rendered":"<p><strong>La saison 2025 tourne au cauchemar pour Pecco Bagnaia.<br \/>\nTriple champion du monde, dont deux fois avec Ducati en MotoGP,<br \/>\nl\u2019Italien est aujourd\u2019hui m\u00e9connaissable : en difficult\u00e9 constante<br \/>\nsur la piste, incapable de jouer les premiers r\u00f4les, il est d\u00e9pass\u00e9<br \/>\nnon seulement par Marc Marquez \u2013 son co\u00e9quipier au sein de l\u2019\u00e9quipe<br \/>\nd\u2019usine Ducati \u2013 mais aussi par son fr\u00e8re Alex Marquez, sur une<br \/>\nGP24 que Pecco ne cesse de r\u00e9clamer.<\/strong><\/p>\n<p>Car c\u2019est bien l\u00e0 que se situe le c\u0153ur du probl\u00e8me : le moteur<br \/>\n<strong>GP25<\/strong>, que <strong>Bagnaia<\/strong> n\u2019arrive pas \u00e0<br \/>\ndompter, et qu\u2019il accuse d\u00e9sormais ouvertement de ruiner sa saison.<br \/>\n\u00c0 l\u2019inverse, ceux qui roulent avec le moteur de l\u2019an pass\u00e9 \u2013<br \/>\nnotamment <strong>Alex Marquez, Franco Morbidelli<\/strong> et le<br \/>\nrookie <strong>Fermin Aldeguer<\/strong> \u2013 obtiennent des r\u00e9sultats<br \/>\nbien plus solides. Le contraste est frappant. Et<br \/>\n<strong>Bagnaia<\/strong> le mart\u00e8le : la seule solution, c\u2019est de<br \/>\nrevenir au moteur 2024.<\/p>\n<p>Mais ce n\u2019est pas si simple. Selon la r\u00e9glementation actuelle de<br \/>\nla <strong>FIM<\/strong>, les moteurs <a href=\"https:\/\/www.motogp.com\/en\" rel=\"nofollow noopener\" target=\"_blank\">MotoGP<\/a> sont <strong>gel\u00e9s jusqu\u2019\u00e0<br \/>\nfin 2026<\/strong>, sauf pour les constructeurs b\u00e9n\u00e9ficiant de<br \/>\nconcessions (ce qui exclut totalement <strong>Ducati<\/strong>, au<br \/>\nsommet de la hi\u00e9rarchie technique). Impossible donc de revenir en<br \/>\narri\u00e8re\u2026 sauf si l\u2019on utilise d\u00e9j\u00e0 une version ant\u00e9rieure,<br \/>\nhomologu\u00e9e.<\/p>\n<p>Or, <strong>Ducati<\/strong> dispose de deux types de moteurs<br \/>\nhomologu\u00e9s pour 2025 : le <strong>GP25<\/strong> (utilis\u00e9 par<br \/>\n<strong>Marc Marquez, Pecco Bagnaia<\/strong> et <strong>Fabio Di<br \/>\nGiannantonio<\/strong>), et le <strong>GP24<\/strong> (confi\u00e9 \u00e0<br \/>\n<strong>Alex Marquez, Morbidelli<\/strong> et<br \/>\n<strong>Aldeguer<\/strong>). Et c\u2019est l\u00e0 que se dessine un plan de<br \/>\nsauvetage\u2026 \u00e0 condition de faire quelques sacrifices.<\/p>\n<p><img loading=\"lazy\" decoding=\"async\" class=\"aligncenter\" src=\"https:\/\/www.europesays.com\/fr\/wp-content\/uploads\/2025\/08\/517986133_1159278659561395_5714482944568852954_n-min-1024x660.jpg\" alt=\"Pecco Bagnaia Marc M\u00e1rquez Ducati MotoGP Brno Alex Barros\" width=\"821\" height=\"529\"\/><\/p>\n<p><strong>Le \u00ab plan B \u00bb pour Pecco<br \/>\nBagnaia : retour au moteur 2024 en 2026 ?<\/strong><\/p>\n<p>Techniquement, rien n\u2019emp\u00eacherait <strong>Ducati<\/strong> de<br \/>\nr\u00e9organiser sa r\u00e9partition moteur pour la saison 2026. Trois motos<br \/>\npourraient \u00eatre align\u00e9es avec le moteur GP24\u2026 et<br \/>\n<strong>Bagnaia<\/strong> pourrait en faire partie. Mais il y a une<br \/>\nclause bloquante : selon le r\u00e8glement MotoGP, <strong>les deux<br \/>\npilotes de l\u2019\u00e9quipe usine doivent utiliser la m\u00eame configuration<br \/>\nmoteur<\/strong>.<\/p>\n<p>Autrement dit, pour que <strong>Bagnaia<\/strong> puisse revenir<br \/>\nau GP24, <strong><a href=\"https:\/\/www.paddock-gp.com\/motogp-pietro-bagnaia-quand-jai-vu-que-marc-marquez-etait-a-pied-jai-reagi-comme-un-pere-pas-comme-un-fan-ou-un-adversaire-je-lai-ramene\/\" rel=\"nofollow noopener\" target=\"_blank\"><br \/>\nMarc Marquez<\/a> devrait lui aussi abandonner son GP25<\/strong> \u2013<br \/>\nle moteur avec lequel il survole actuellement le championnat. C\u2019est<br \/>\nl\u00e0 que tout se complique.<\/p>\n<p>Accepterait-il ? Rien n\u2019est moins s\u00fbr. <strong>Marquez<\/strong><br \/>\nest en route vers un neuvi\u00e8me titre mondial, sa premi\u00e8re saison en<br \/>\nrouge <strong>Ducati<\/strong> fr\u00f4le la perfection, et le GP25<br \/>\nsemble parfaitement adapt\u00e9 \u00e0 son pilotage. Le voir renoncer \u00e0 cette<br \/>\nconfiguration pour aider <strong>Bagnaia<\/strong> serait un geste<br \/>\nde solidarit\u00e9 rarissime en MotoGP, o\u00f9 la moindre concession<br \/>\ntechnique peut co\u00fbter un championnat.<\/p>\n<p>Et ce ne serait pas le seul effet domino : deux moteurs GP25<br \/>\nresteraient disponibles pour les \u00e9quipes satellites. Un serait<br \/>\npresque logiquement attribu\u00e9 \u00e0 <strong>Fermin Aldeguer<\/strong>,<br \/>\njeune espoir sous contrat direct avec <a href=\"https:\/\/www.paddock-gp.com\/motogp-alex-marquez-face-a-un-mur-rouge-pourquoi-ducati-ne-lui-ouvrira-pas-les-portes-de-son-equipe-usine\/\" rel=\"nofollow noopener\" target=\"_blank\"><br \/>\n<strong>Ducati<\/strong><\/a>. Le second, en revanche, deviendrait<br \/>\nune denr\u00e9e strat\u00e9gique\u2026 avec un dilemme entre <strong>Alex<br \/>\nMarquez<\/strong> \u2013 performant sur GP24 et fr\u00e8re de Marc \u2013 et<br \/>\n<strong>Franco Morbidelli<\/strong>, \u00e9galement li\u00e9 \u00e0 l\u2019univers<br \/>\n<strong>Ducati<\/strong> mais sans contrat usine.<\/p>\n<p>Pour <strong>Ducati<\/strong>, le dilemme est redoutable. Faut-il<br \/>\nprivil\u00e9gier l\u2019\u00e9quilibre interne et \u00e9couter son champion en<br \/>\nsouffrance ? Ou maintenir l\u2019\u00e9lan de domination incarn\u00e9 par<br \/>\n<strong>Marc Marquez<\/strong> ? Entre logique sportive, hi\u00e9rarchie<br \/>\ntechnique et enjeux contractuels, la direction de Borgo Panigale<br \/>\ndevra trancher. Et <strong>Marc Marquez<\/strong> pourrait bien<br \/>\navoir le dernier mot.<\/p>\n<p>Reste \u00e0 savoir s\u2019il sera pr\u00eat \u00e0 lever le pied pour relancer<br \/>\n<strong>Bagnaia<\/strong>\u2026 ou s\u2019il pr\u00e9f\u00e9rera continuer de tracer sa<br \/>\nroute vers l\u2019histoire.<\/p>\n<p><img loading=\"lazy\" decoding=\"async\" class=\"aligncenter\" src=\"https:\/\/www.europesays.com\/fr\/wp-content\/uploads\/2025\/08\/450_1000.jpeg\" alt=\"Bagnaia Brno MotoGP 2025\" width=\"765\" height=\"510\"\/><\/p>\n","protected":false},"excerpt":{"rendered":"La saison 2025 tourne au cauchemar pour Pecco Bagnaia. Triple champion du monde, dont deux fois avec Ducati&hellip;\n","protected":false},"author":2,"featured_media":288789,"comment_status":"","ping_status":"","sticky":false,"template":"","format":"standard","meta":{"footnotes":""},"categories":[1413],"tags":[1011,27,1457,1456,60],"class_list":{"0":"post-288788","1":"post","2":"type-post","3":"status-publish","4":"format-standard","5":"has-post-thumbnail","7":"category-moto","8":"tag-fr","9":"tag-france","10":"tag-moto","11":"tag-motocycle","12":"tag-sports"},"share_on_mastodon":{"url":"https:\/\/pubeurope.com\/@fr\/114953025290847213","error":""},"_links":{"self":[{"href":"https:\/\/www.europesays.com\/fr\/wp-json\/wp\/v2\/posts\/288788","targetHints":{"allow":["GET"]}}],"collection":[{"href":"https:\/\/www.europesays.com\/fr\/wp-json\/wp\/v2\/posts"}],"about":[{"href":"https:\/\/www.europesays.com\/fr\/wp-json\/wp\/v2\/types\/post"}],"author":[{"embeddable":true,"href":"https:\/\/www.europesays.com\/fr\/wp-json\/wp\/v2\/users\/2"}],"replies":[{"embeddable":true,"href":"https:\/\/www.europesays.com\/fr\/wp-json\/wp\/v2\/comments?post=288788"}],"version-history":[{"count":0,"href":"https:\/\/www.europesays.com\/fr\/wp-json\/wp\/v2\/posts\/288788\/revisions"}],"wp:featuredmedia":[{"embeddable":true,"href":"https:\/\/www.europesays.com\/fr\/wp-json\/wp\/v2\/media\/288789"}],"wp:attachment":[{"href":"https:\/\/www.europesays.com\/fr\/wp-json\/wp\/v2\/media?parent=288788"}],"wp:term":[{"taxonomy":"category","embeddable":true,"href":"https:\/\/www.europesays.com\/fr\/wp-json\/wp\/v2\/categories?post=288788"},{"taxonomy":"post_tag","embeddable":true,"href":"https:\/\/www.europesays.com\/fr\/wp-json\/wp\/v2\/tags?post=288788"}],"curies":[{"name":"wp","href":"https:\/\/api.w.org\/{rel}","templated":true}]}}