{"id":288796,"date":"2025-08-01T10:28:10","date_gmt":"2025-08-01T10:28:10","guid":{"rendered":"https:\/\/www.europesays.com\/fr\/288796\/"},"modified":"2025-08-01T10:28:10","modified_gmt":"2025-08-01T10:28:10","slug":"cyril-hanouna-et-anne-sophie-lapix-chez-m6-lavis-tout-sauf-clair-de-ce-journaliste-tres-connu","status":"publish","type":"post","link":"https:\/\/www.europesays.com\/fr\/288796\/","title":{"rendered":"Cyril Hanouna et Anne-Sophie Lapix chez M6 : l\u2019avis tout sauf clair de ce journaliste tr\u00e8s connu"},"content":{"rendered":"<p>Figure bien connue du 19.45 sur M6, <a href=\"https:\/\/www.closermag.fr\/people\/xavier-de-moulins-ce-jour-ou-il-a-appris-en-direct-quun-de-ses-amis-etait-aux-mains-de-terroristes-3529353\" target=\"_blank\" rel=\"noopener\"><br \/>\nXavier de Moulins<\/a> s\u2019est confi\u00e9 dans un long entretien accord\u00e9 \u00e0<br \/>\nTV Magazine, ce jeudi 31 juillet 2025. Le journaliste y<br \/>\ndresse un <strong>bilan de son parcours \u00e0 la t\u00e9l\u00e9vision<\/strong>. \u00c0<br \/>\n54 ans, il cumule 25 ans de carri\u00e8re sur le petit \u00e9cran. Dont plus<br \/>\nde quinze \u00e0 la t\u00eate du journal de la 6. Une long\u00e9vit\u00e9 qu\u2019il<br \/>\nsavoure, notamment pour la r\u00e9gularit\u00e9 qu\u2019elle lui apporte au<br \/>\nquotidien.<\/p>\n<p>\u00ab\u00a0Je suis capable de dire o\u00f9 je vais \u00eatre \u00e0 chaque heure ou<br \/>\npresque du lundi au jeudi. Ce qui est tr\u00e8s bien pour les<br \/>\nobsessionnels comme moi !\u00a0\u00bb, confie-t-il avec humour. Mais ce<br \/>\nqui retient l\u2019attention dans cet entretien, c\u2019est surtout le fait<br \/>\nque celui qui s\u2019\u00e9tait jusque-l\u00e0 soigneusement abstenu de tout<br \/>\ncommentaire a, pour la premi\u00e8re fois, <strong>pris position sur<br \/>\nl\u2019arriv\u00e9e tr\u00e8s m\u00e9diatis\u00e9e<\/strong> de Cyril Hanouna et Anne-Sophie<br \/>\nLapix dans le giron de <a href=\"https:\/\/www.closermag.fr\/people\/anne-sophie-lapix-cyril-hanouna-olivier-minne-panique-a-bord-pour-une-figure-de-m6-3555875\" target=\"_blank\" rel=\"noopener\"><br \/>\nM6<\/a>.<\/p>\n<p>L\u2019animateur refusait jusque-l\u00e0<br \/>\nde s\u2019exprimer sur Cyril Hanouna<\/p>\n<p data-start=\"259\" data-end=\"575\">Invit\u00e9 du Buzz TV du Figaro ce lundi 24 mars 2025, Xavier<br \/>\nde Moulins a esquiv\u00e9 avec habilet\u00e9 un sujet br\u00fblant ! L\u2019arriv\u00e9e<br \/>\nannonc\u00e9e de Cyril Hanouna sur M6. Interrog\u00e9 par Nicolas Vollaire,<br \/>\nle journaliste a \u00e9vit\u00e9 de s\u2019engager sur ce terrain glissant,<br \/>\npr\u00e9f\u00e9rant rester concentr\u00e9 sur l\u2019objet de sa venue. \u00ab\u00a0C\u2019est le<br \/>\ntransfert de l\u2019ann\u00e9e. Je ne peux pas ne pas vous poser la question.<br \/>\nM6 fait-il <strong>un bon choix<\/strong> ?\u00a0\u00bb, a lanc\u00e9 le<br \/>\npr\u00e9sentateur, dans l\u2019espoir d\u2019obtenir une r\u00e9action. Mais l\u2019auteur<br \/>\nde Refaire l\u2019amour n\u2019a pas<br \/>\nd\u00e9vi\u00e9 de sa ligne.<\/p>\n<p data-start=\"259\" data-end=\"575\">\u00ab\u00a0Si je commence \u00e0 parler de<br \/>\n<a href=\"https:\/\/www.closermag.fr\/people\/cyril-hanouna-a-saint-tropez-grande-nouvelle-au-coeur-de-lete-il-peut-se-frotter-les-mains-3568413https:\/\/www.closermag.fr\/people\/cyril-hanouna-a-saint-tropez-grande-nouvelle-au-coeur-de-lete-il-peut-se-frotter-les-mains-3568413\" target=\"_blank\" rel=\"noopener\"><br \/>\nCyril Hanouna<\/a> et \u00e0 vous r\u00e9pondre, \u00e7a va prendre toute la place<br \/>\ndans l\u2019interview. Vous allez le relayer sur les r\u00e9seaux sociaux. Et<br \/>\ncomme je suis venu ici pour parler de mon livre, <strong>je ne vais<br \/>\npas r\u00e9pondre \u00e0 cette question<\/strong>\u00ab\u00a0, a-t-il r\u00e9pondu sans<br \/>\nd\u00e9tour. Malgr\u00e9 les relances, il est rest\u00e9 ferme. Hors de question<br \/>\nde se laisser entra\u00eener dans une pol\u00e9mique : \u00ab\u00a0Je ne suis pas<br \/>\nvenu pour parler de \u00e7a. Je suis venu pour parler de mon livre. Si<br \/>\nje commence \u00e0 parler de \u00e7a, si je mets un pied dans la porte.<br \/>\nApr\u00e8s, c\u2019est partout sur les r\u00e9seaux sociaux. Donc, ce qu\u2019on va<br \/>\nfaire, c\u2019est que <strong>moi je la ferme<\/strong>. Vous, vous<br \/>\nd\u00e9cidez de l\u2019ouvrir. C\u2019est le jeu. \u00c7a peut durer toute l\u2019\u00e9mission<br \/>\ncomme \u00e7a.\u00a0\u00bb<\/p>\n<p>Xavier<br \/>\nde Moulins cash sur les nouvelles t\u00eates de M6<\/p>\n<p data-start=\"221\" data-end=\"500\">Dans une interview accord\u00e9e \u00e0<br \/>\nTV Magazine, Xavier de<br \/>\nMoulins n\u2019a pas fait dans la langue de bois. L\u2019animateur<br \/>\nembl\u00e9matique de 66 Minutes<br \/>\na r\u00e9agi sans d\u00e9tour \u00e0 l\u2019arriv\u00e9e de nouveaux visages sur M6 \u00e0 la<br \/>\nrentr\u00e9e, parmi lesquels <a href=\"https:\/\/www.closermag.fr\/people\/olivier-minne-quitte-fort-boyard-son-tacle-bien-senti-aux-autres-animateurs-peut-etre-le-seul-3556317\" target=\"_blank\" rel=\"noopener\"><br \/>\nOlivier Minne<\/a>, <a href=\"https:\/\/www.closermag.fr\/tv_tele_realite\/quitter-le-plateau-lea-salame-prevenue-par-anne-sophie-lapix-avant-son-grand-saut-3568158\" target=\"_blank\" rel=\"noopener\"><br \/>\nAnne-Sophie Lapix<\/a> et Cyril Hanouna.<\/p>\n<p data-start=\"502\" data-end=\"800\">Plut\u00f4t que de commenter<br \/>\nindividuellement ces recrues, il a pr\u00e9f\u00e9r\u00e9 prendre de la hauteur et<br \/>\ndonne un avis bien tranch\u00e9 : \u00ab\u00a0<strong>Il faut de tout pour<br \/>\nfaire un monde. M6 est vraiment la cha\u00eene de tous les Fran\u00e7ais et<br \/>\ncette rentr\u00e9e le d\u00e9montre tr\u00e8s bien. Il y a un \u00e9quilibre des masses<br \/>\ndans le groupe qui refl\u00e8te l\u2019\u00e9tat du pays<\/strong>\u00ab\u00a0.<\/p>\n","protected":false},"excerpt":{"rendered":"Figure bien connue du 19.45 sur M6, Xavier de Moulins s\u2019est confi\u00e9 dans un long entretien accord\u00e9 \u00e0&hellip;\n","protected":false},"author":2,"featured_media":275229,"comment_status":"","ping_status":"","sticky":false,"template":"","format":"standard","meta":{"footnotes":""},"categories":[1359],"tags":[21313,548,1083,58,59,1011,27,973],"class_list":{"0":"post-288796","1":"post","2":"type-post","3":"status-publish","4":"format-standard","5":"has-post-thumbnail","7":"category-people","8":"tag-anne-sophie-lapix","9":"tag-article-simple","10":"tag-cyril-hanouna","11":"tag-divertissement","12":"tag-entertainment","13":"tag-fr","14":"tag-france","15":"tag-people"},"share_on_mastodon":{"url":"https:\/\/pubeurope.com\/@fr\/114953040841271789","error":""},"_links":{"self":[{"href":"https:\/\/www.europesays.com\/fr\/wp-json\/wp\/v2\/posts\/288796","targetHints":{"allow":["GET"]}}],"collection":[{"href":"https:\/\/www.europesays.com\/fr\/wp-json\/wp\/v2\/posts"}],"about":[{"href":"https:\/\/www.europesays.com\/fr\/wp-json\/wp\/v2\/types\/post"}],"author":[{"embeddable":true,"href":"https:\/\/www.europesays.com\/fr\/wp-json\/wp\/v2\/users\/2"}],"replies":[{"embeddable":true,"href":"https:\/\/www.europesays.com\/fr\/wp-json\/wp\/v2\/comments?post=288796"}],"version-history":[{"count":0,"href":"https:\/\/www.europesays.com\/fr\/wp-json\/wp\/v2\/posts\/288796\/revisions"}],"wp:featuredmedia":[{"embeddable":true,"href":"https:\/\/www.europesays.com\/fr\/wp-json\/wp\/v2\/media\/275229"}],"wp:attachment":[{"href":"https:\/\/www.europesays.com\/fr\/wp-json\/wp\/v2\/media?parent=288796"}],"wp:term":[{"taxonomy":"category","embeddable":true,"href":"https:\/\/www.europesays.com\/fr\/wp-json\/wp\/v2\/categories?post=288796"},{"taxonomy":"post_tag","embeddable":true,"href":"https:\/\/www.europesays.com\/fr\/wp-json\/wp\/v2\/tags?post=288796"}],"curies":[{"name":"wp","href":"https:\/\/api.w.org\/{rel}","templated":true}]}}