{"id":288801,"date":"2025-08-01T10:32:14","date_gmt":"2025-08-01T10:32:14","guid":{"rendered":"https:\/\/www.europesays.com\/fr\/288801\/"},"modified":"2025-08-01T10:32:14","modified_gmt":"2025-08-01T10:32:14","slug":"abba-story-au-port-canal-une-soiree-revival-a-ne-pas-manquer","status":"publish","type":"post","link":"https:\/\/www.europesays.com\/fr\/288801\/","title":{"rendered":"ABBA Story\u2005au port-canal, une soir\u00e9e revival \u00e0 ne pas manquer"},"content":{"rendered":"<p>\n                                                                    l&rsquo;essentiel<br \/>\n                                                                Le 9\u00a0ao\u00fbt, la guinguette du port-canal de Valence d\u2019Agen accueillera ABBA Story pour un show spectaculaire. In\u00e8s, finaliste de \u00ab\u00a0The Voice kids\u00a0\u00bb, assurera la premi\u00e8re partie. Une soir\u00e9e festive entre nostalgie et ambiance gourmande.\n                            <\/p>\n<p>La prochaine soir\u00e9e \u00e0 la guinguette du port-canal, samedi 9\u00a0ao\u00fbt, s\u2019annonce spectaculaire avec la venue du groupe tribute ABBA Story qui viendra faire revivre, le temps d\u2019une soir\u00e9e, la belle histoire des gagnants du grand prix de l\u2019Eurovision du 6\u00a0avril 1974.<br \/>L\u2019univers d\u2019ABBA traverse les g\u00e9n\u00e9rations\u00a0; toujours ind\u00e9modable, il s\u00e9duit autant qu\u2019il y a trente ans. M\u00eame si le groupe su\u00e9dois s\u2019est s\u00e9par\u00e9 en 1982, leurs albums continuent \u00e0 se vendre\u00a0: plus de 3\u00a0millions chaque ann\u00e9e\u00a0!<br \/>On chante et on danse sur ces tubes d\u2019ABBA qui restent inoubliables\u00a0: \u00ab\u00a0Mamma Mia\u00a0\u00bb, \u00ab\u00a0Fernando\u00a0\u00bb, \u00ab\u00a0Money, Money, Money\u00a0\u00bb et beaucoup d\u2019autres. Depuis les ann\u00e9es \u00ab\u00a090\u00a0\u00bb, on assiste \u00e0 un v\u00e9ritable ph\u00e9nom\u00e8ne de soci\u00e9t\u00e9\u00a0: les ABBA revival, une mode venue d\u2019Australie. Une nostalgie du groupe qui prend des aspects de grands concerts. Partout dans le monde, des ensembles se montent pour faire revivre l\u2019histoire d\u2019ABBA. Mais seuls quelques groupes parviennent \u00e0 perp\u00e9tuer l\u2019esprit authentique du groupe. C\u2019est le cas notamment d\u2019ABBA Story, qui pr\u00e9sente un spectacle en live, interpr\u00e9t\u00e9 par deux chanteuses, deux chanteurs-musiciens et deux musiciens.<\/p>\n<p>Une r\u00e9plique cr\u00e9dible<\/p>\n<p>La similitude de leurs voix, de leurs costumes\u00a0; la r\u00e9plique parfaite de l\u2019orchestration et les chor\u00e9graphies r\u00e9veillent l\u2019euphorie des ann\u00e9es \u00ab\u00a080\u00a0\u00bb. Ils r\u00e9ussissent toujours \u00e0 recr\u00e9er l\u2019univers du groupe culte pour enflammer le public.<br \/>Le groupe se produit dans les plus grandes et les meilleures salles de France et des DOM-TOM. Le groupe ABBA Story reste fid\u00e8le aux voix, aux costumes et aux chor\u00e9graphies de leurs muses. Ils font un clin d\u2019\u0153il \u00e0 cette p\u00e9riode avec beaucoup d\u2019humour et de justesse, sans pour autant vouloir se placer au-dessus de l\u2019authentique ABBA. Le r\u00e9sultat est \u00e9tonnant et d\u00e9routant. On se l\u00e8ve, on danse, on chante et on revit les meilleurs moments d\u2019ABBA. Un vrai r\u00e9gal\u00a0!<\/p>\n<p>Pour notre plus grand bonheur, et pour nous faire revivre une \u00e9poque fantastique, leur tourn\u00e9e d\u2019\u00e9t\u00e9 fait une halte \u00e0 la guinguette du port-canal.<\/p>\n<p>        <img decoding=\"async\" class=\"std-img__img responsive-img\" src=\"https:\/\/www.europesays.com\/fr\/wp-content\/uploads\/2025\/08\/1754044334_181_image.jpg\" alt=\"In\u00e8s et son look de country girl\"\/><\/p>\n<p>                In\u00e8s et son look de country girl<br \/>\n                                    DDM &#8211; Prod.<\/p>\n<p>\nEn premi\u00e8re partie, c\u2019est la jeune In\u00e8s, finaliste de \u00ab\u00a0The Voice kids\u00a0\u00bb 2018, \u00e2g\u00e9e de tout juste 18 ans, qui se pr\u00e9sentera au public valencien. Depuis sa participation \u00e0 cette tr\u00e8s populaire \u00e9mission qui d\u00e9couvre des talents formidables, elle r\u00e9alise un beau parcours. Elle brille sur sc\u00e8ne lors de concerts, festivals, tremplins et premi\u00e8res parties de stars comme Soprano, Jenifer, Kendji Girac, et lors d\u2019autres \u00e9v\u00e9nements partout en France. Elle se caract\u00e9rise par un timbre de voix tr\u00e8s personnel et une technique vocale excellente qui lui permettent d\u2019avoir un r\u00e9pertoire vari\u00e9 en plusieurs langues.<\/p>\n<p>Repas gourmand<\/p>\n<p>Comme lors de chaque soir\u00e9e \u00e0 la guinguette du port-canal, la soir\u00e9e d\u00e9butera \u00e0 19\u00a0heures, par le traditionnel repas gourmand, que l\u2019on ne pr\u00e9sente plus tant il conna\u00eet chaque fois un beau succ\u00e8s, pour notre plus grand plaisir et celui des organisateurs. Les habituels traiteurs qui proposent leurs cuisines du monde seront pr\u00e9sents, tout comme les trois buvettes (caf\u00e9 du Nord, caf\u00e9 Le Cyrano et l\u2019Indus Caf\u00e9), ainsi que les animations r\u00e9serv\u00e9es aux jeunes, les jeux et ch\u00e2teaux gonflables.<\/p>\n","protected":false},"excerpt":{"rendered":"l&rsquo;essentiel Le 9\u00a0ao\u00fbt, la guinguette du port-canal de Valence d\u2019Agen accueillera ABBA Story pour un show spectaculaire. In\u00e8s,&hellip;\n","protected":false},"author":2,"featured_media":288802,"comment_status":"","ping_status":"","sticky":false,"template":"","format":"standard","meta":{"footnotes":""},"categories":[1355],"tags":[58,59,1011,27,1361,873],"class_list":{"0":"post-288801","1":"post","2":"type-post","3":"status-publish","4":"format-standard","5":"has-post-thumbnail","7":"category-musique","8":"tag-divertissement","9":"tag-entertainment","10":"tag-fr","11":"tag-france","12":"tag-music","13":"tag-musique"},"share_on_mastodon":{"url":"https:\/\/pubeurope.com\/@fr\/114953056694483158","error":""},"_links":{"self":[{"href":"https:\/\/www.europesays.com\/fr\/wp-json\/wp\/v2\/posts\/288801","targetHints":{"allow":["GET"]}}],"collection":[{"href":"https:\/\/www.europesays.com\/fr\/wp-json\/wp\/v2\/posts"}],"about":[{"href":"https:\/\/www.europesays.com\/fr\/wp-json\/wp\/v2\/types\/post"}],"author":[{"embeddable":true,"href":"https:\/\/www.europesays.com\/fr\/wp-json\/wp\/v2\/users\/2"}],"replies":[{"embeddable":true,"href":"https:\/\/www.europesays.com\/fr\/wp-json\/wp\/v2\/comments?post=288801"}],"version-history":[{"count":0,"href":"https:\/\/www.europesays.com\/fr\/wp-json\/wp\/v2\/posts\/288801\/revisions"}],"wp:featuredmedia":[{"embeddable":true,"href":"https:\/\/www.europesays.com\/fr\/wp-json\/wp\/v2\/media\/288802"}],"wp:attachment":[{"href":"https:\/\/www.europesays.com\/fr\/wp-json\/wp\/v2\/media?parent=288801"}],"wp:term":[{"taxonomy":"category","embeddable":true,"href":"https:\/\/www.europesays.com\/fr\/wp-json\/wp\/v2\/categories?post=288801"},{"taxonomy":"post_tag","embeddable":true,"href":"https:\/\/www.europesays.com\/fr\/wp-json\/wp\/v2\/tags?post=288801"}],"curies":[{"name":"wp","href":"https:\/\/api.w.org\/{rel}","templated":true}]}}