{"id":288803,"date":"2025-08-01T10:33:16","date_gmt":"2025-08-01T10:33:16","guid":{"rendered":"https:\/\/www.europesays.com\/fr\/288803\/"},"modified":"2025-08-01T10:33:16","modified_gmt":"2025-08-01T10:33:16","slug":"avatar-de-feu-et-de-cendres-va-casser-la-parfaite-histoire-damour-entre-jake-et-neytiri","status":"publish","type":"post","link":"https:\/\/www.europesays.com\/fr\/288803\/","title":{"rendered":"Avatar\u00a0: de feu et de cendres va \u00ab\u00a0casser la parfaite histoire d&rsquo;amour\u00a0\u00bb entre Jake et Neytiri"},"content":{"rendered":"<p>Tout change en deux semaines dans l&rsquo;univers de Pandora<\/p>\n<p class=\"ap-StoryElement ap-StoryElement--mb ap-StoryText\">Entre les deuxi\u00e8me et troisi\u00e8me volets, seulement deux semaines se seront \u00e9coul\u00e9es dans l&rsquo;univers de Pandora. Mais psychologiquement, tout a chang\u00e9 pour les Na&rsquo;vis. \u00ab\u00a0Jake \u00e9tait le garant de la paix, mais cela a chang\u00e9, parce qu&rsquo;il est en deuil, explique Sam Worthington dans Empire. Il ne sait plus comment avancer, donc il revient au monde qu&rsquo;il conna\u00eet, celui des soldats. Attaquer, faire la guerre, c&rsquo;est rassurant pour Jake.\u00a0\u00bb<\/p>\n<p class=\"ap-StoryElement ap-StoryElement--mb ap-StoryText\">Mais pas pour sa famille. La bande-annonce est tr\u00e8s claire : Neytiri autrefois si pos\u00e9e aspire d\u00e9sormais \u00e0 la vengeance. \u00ab\u00a0Tu ne peux pas vivre dans la haine\u00a0\u00bb lui balance d&rsquo;ailleurs Jake, manifestement en col\u00e8re. Une fracture d&rsquo;\u00e9vidence dans leur couple. Cela constituera d&rsquo;ailleurs le noeud de l&rsquo;intrigue, \u00e0 en croire Sam Worthington. \u00ab\u00a0\u00c0 cause de la mort de Neteyam, il y a d\u00e9sormais une division dans cette relation. C&rsquo;est la grande id\u00e9e de James Cameron : comment casser une parfaite histoire d&rsquo;amour ? Jake et Neytiri partagent cette blessure douloureuse, mais ils n&rsquo;arrivent pas \u00e0 gu\u00e9rir ensemble. Donc ils se s\u00e9parent d&rsquo;une certaine mani\u00e8re, pas parce qu&rsquo;ils le veulent, mais parce qu&rsquo;ils essaient juste de survivre en eux-m\u00eames. Jake se pr\u00e9cipite dans la bataille, tandis que Neytiri se renferme sur elle-m\u00eame.\u00a0\u00bb<\/p>\n<p><a href=\"https:\/\/www.dhnet.be\/medias\/cinema\/2025\/07\/29\/voici-la-nouvelle-bande-annonce-davatar-de-feu-et-de-cendres-SLLWYI4UHVAMVGWXIP6M734A6E\/\" target=\"_blank\" rel=\"noopener noreferrer\" class=\"ap-StoryInterstitialLink ap-StoryElement ap-StoryElement--mb\">Voici la nouvelle bande-annonce d&rsquo;Avatar : de feu et de cendres<\/a>James Cameron se verrait bien filmer lui-m\u00eame Avatar 4 et 5<\/p>\n<p class=\"ap-StoryElement ap-StoryElement--mb ap-StoryText\">Voil\u00e0 qui pourrait intriguer plus d&rsquo;un fan. Et si le succ\u00e8s est aussi retentissant que pour les deux premiers volets, cela ne pourrait que conforter James Cameron dans son id\u00e9e de filmer lui-m\u00eame les deux derniers opus. \u00ab\u00a0Il n&rsquo;y a aucune raison de ne pas les faire, a-t-il d&rsquo;ailleurs d\u00e9clar\u00e9 dans Empire. Je suis en bonne sant\u00e9, je suis pr\u00eat \u00e0 me lancer. Je ne vais pas exclure cette possibilit\u00e9. Je dois m&rsquo;y mettre avec \u00e9nergie, pour g\u00e9rer le volume et l&rsquo;intensit\u00e9 du travail pendant encore six ou sept ans. Je ne serai peut-\u00eatre pas capable de le faire\u2026 Si je peux, je le ferai.\u00a0\u00bb<\/p>\n<p class=\"ap-StoryElement ap-StoryElement--mb ap-StoryText\">C&rsquo;est s\u00fbr que dans l&rsquo;art de mettre l&rsquo;eau \u00e0 la bouche, il n&rsquo;a de le\u00e7on \u00e0 recevoir de personne.<\/p>\n","protected":false},"excerpt":{"rendered":"Tout change en deux semaines dans l&rsquo;univers de Pandora Entre les deuxi\u00e8me et troisi\u00e8me volets, seulement deux semaines&hellip;\n","protected":false},"author":2,"featured_media":288804,"comment_status":"","ping_status":"","sticky":false,"template":"","format":"standard","meta":{"footnotes":""},"categories":[1354],"tags":[13618,41036,650,58,59,1346,1011,27,2137,28114,1360,42785,42786],"class_list":{"0":"post-288803","1":"post","2":"type-post","3":"status-publish","4":"format-standard","5":"has-post-thumbnail","7":"category-films","8":"tag-avatar","9":"tag-blockbuster","10":"tag-cinema","11":"tag-divertissement","12":"tag-entertainment","13":"tag-films","14":"tag-fr","15":"tag-france","16":"tag-hollywood","17":"tag-james-cameron","18":"tag-movies","19":"tag-sam-worthington","20":"tag-zoe-saldana"},"share_on_mastodon":{"url":"https:\/\/pubeurope.com\/@fr\/114953060670600856","error":""},"_links":{"self":[{"href":"https:\/\/www.europesays.com\/fr\/wp-json\/wp\/v2\/posts\/288803","targetHints":{"allow":["GET"]}}],"collection":[{"href":"https:\/\/www.europesays.com\/fr\/wp-json\/wp\/v2\/posts"}],"about":[{"href":"https:\/\/www.europesays.com\/fr\/wp-json\/wp\/v2\/types\/post"}],"author":[{"embeddable":true,"href":"https:\/\/www.europesays.com\/fr\/wp-json\/wp\/v2\/users\/2"}],"replies":[{"embeddable":true,"href":"https:\/\/www.europesays.com\/fr\/wp-json\/wp\/v2\/comments?post=288803"}],"version-history":[{"count":0,"href":"https:\/\/www.europesays.com\/fr\/wp-json\/wp\/v2\/posts\/288803\/revisions"}],"wp:featuredmedia":[{"embeddable":true,"href":"https:\/\/www.europesays.com\/fr\/wp-json\/wp\/v2\/media\/288804"}],"wp:attachment":[{"href":"https:\/\/www.europesays.com\/fr\/wp-json\/wp\/v2\/media?parent=288803"}],"wp:term":[{"taxonomy":"category","embeddable":true,"href":"https:\/\/www.europesays.com\/fr\/wp-json\/wp\/v2\/categories?post=288803"},{"taxonomy":"post_tag","embeddable":true,"href":"https:\/\/www.europesays.com\/fr\/wp-json\/wp\/v2\/tags?post=288803"}],"curies":[{"name":"wp","href":"https:\/\/api.w.org\/{rel}","templated":true}]}}