{"id":288837,"date":"2025-08-01T10:55:22","date_gmt":"2025-08-01T10:55:22","guid":{"rendered":"https:\/\/www.europesays.com\/fr\/288837\/"},"modified":"2025-08-01T10:55:22","modified_gmt":"2025-08-01T10:55:22","slug":"incendie-a-lusine-lubrizol-a-rouen-actualite-et-info-sur-ici","status":"publish","type":"post","link":"https:\/\/www.europesays.com\/fr\/288837\/","title":{"rendered":"Incendie \u00e0 l&rsquo;usine Lubrizol \u00e0 Rouen \u2013 Actualit\u00e9 et info sur ici"},"content":{"rendered":"<p>Un violent incendie s&rsquo;est d\u00e9clar\u00e9 dans un entrep\u00f4t de l&rsquo;usine Lubrizol, class\u00e9e Seveso, \u00e0 Rouen le jeudi 26 septembre 2019 vers 2h45. Il n&rsquo;y a pas eu de bless\u00e9s mais une \u00e9paisse fum\u00e9e noire s&rsquo;est \u00e9chapp\u00e9e pendant plusieurs heures. Un panache de 22 km de long et 6 km de large qui a recouvert l&rsquo;agglom\u00e9ration de Rouen. Une forte odeur a \u00e9t\u00e9 ressentie et de la suie s&rsquo;est d\u00e9pos\u00e9e sur le sol, de quoi inqui\u00e9ter la population. Pr\u00e8s de 10.000 tonnes de produits ont br\u00fbl\u00e9 dans l&rsquo;incendie.<\/p>\n","protected":false},"excerpt":{"rendered":"Un violent incendie s&rsquo;est d\u00e9clar\u00e9 dans un entrep\u00f4t de l&rsquo;usine Lubrizol, class\u00e9e Seveso, \u00e0 Rouen le jeudi 26&hellip;\n","protected":false},"author":2,"featured_media":11291,"comment_status":"","ping_status":"","sticky":false,"template":"","format":"standard","meta":{"footnotes":""},"categories":[9587],"tags":[1111,11,1777,674,1011,27,12,5161,25,9590],"class_list":{"0":"post-288837","1":"post","2":"type-post","3":"status-publish","4":"format-standard","5":"has-post-thumbnail","7":"category-rouen","8":"tag-actu","9":"tag-actualites","10":"tag-eu","11":"tag-europe","12":"tag-fr","13":"tag-france","14":"tag-news","15":"tag-normandie","16":"tag-republique-francaise","17":"tag-rouen"},"share_on_mastodon":{"url":"https:\/\/pubeurope.com\/@fr\/114953147146950753","error":""},"_links":{"self":[{"href":"https:\/\/www.europesays.com\/fr\/wp-json\/wp\/v2\/posts\/288837","targetHints":{"allow":["GET"]}}],"collection":[{"href":"https:\/\/www.europesays.com\/fr\/wp-json\/wp\/v2\/posts"}],"about":[{"href":"https:\/\/www.europesays.com\/fr\/wp-json\/wp\/v2\/types\/post"}],"author":[{"embeddable":true,"href":"https:\/\/www.europesays.com\/fr\/wp-json\/wp\/v2\/users\/2"}],"replies":[{"embeddable":true,"href":"https:\/\/www.europesays.com\/fr\/wp-json\/wp\/v2\/comments?post=288837"}],"version-history":[{"count":0,"href":"https:\/\/www.europesays.com\/fr\/wp-json\/wp\/v2\/posts\/288837\/revisions"}],"wp:featuredmedia":[{"embeddable":true,"href":"https:\/\/www.europesays.com\/fr\/wp-json\/wp\/v2\/media\/11291"}],"wp:attachment":[{"href":"https:\/\/www.europesays.com\/fr\/wp-json\/wp\/v2\/media?parent=288837"}],"wp:term":[{"taxonomy":"category","embeddable":true,"href":"https:\/\/www.europesays.com\/fr\/wp-json\/wp\/v2\/categories?post=288837"},{"taxonomy":"post_tag","embeddable":true,"href":"https:\/\/www.europesays.com\/fr\/wp-json\/wp\/v2\/tags?post=288837"}],"curies":[{"name":"wp","href":"https:\/\/api.w.org\/{rel}","templated":true}]}}