{"id":288838,"date":"2025-08-01T10:56:09","date_gmt":"2025-08-01T10:56:09","guid":{"rendered":"https:\/\/www.europesays.com\/fr\/288838\/"},"modified":"2025-08-01T10:56:09","modified_gmt":"2025-08-01T10:56:09","slug":"grenoble-bison-fute-annonce-lenfer-sur-les-routes-ce-week-end-voici-a-quoi-sattendre","status":"publish","type":"post","link":"https:\/\/www.europesays.com\/fr\/288838\/","title":{"rendered":"Grenoble. Bison Fut\u00e9 annonce l&rsquo;enfer sur les routes ce week-end, voici \u00e0 quoi s&rsquo;attendre"},"content":{"rendered":"<p>            Par<br \/>\n        <strong><br \/>\n            <a href=\"https:\/\/actu.fr\/auteur\/julien-sournies\" title=\"Consulter tous les articles de Julien Sournies\" target=\"_blank\" rel=\"noopener\">Julien Sournies<\/a><br \/>\n        <\/strong><\/p>\n<p>        Publi\u00e9 le<\/p>\n<p>            1 ao\u00fbt 2025 \u00e0 11h53        <\/p>\n<p>Il va falloir s\u2019armer de patience sur les (auto) routes ce week-end. Alors que le premier gros <strong>chass\u00e9-crois\u00e9<\/strong> entre les juillettistes et les ao\u00fbtiens vient de d\u00e9marrer ce vendredi 1er\u00a0ao\u00fbt, la circulation va \u00eatre <strong>tr\u00e8s compliqu\u00e9e<\/strong> tout au long du week-end \u00e0 <a href=\"https:\/\/actu.fr\/grenoble\/\" target=\"_blank\" rel=\"noopener\">Grenoble<\/a>, en <a href=\"https:\/\/actu.fr\/auvergne-rhone-alpes\/isere_38\" target=\"_blank\" rel=\"noopener\">Is\u00e8re<\/a>, et plus globalement dans toute la France.<\/p>\n<p class=\" wall-content\">On fait le point avec les pr\u00e9visions de Bison Fut\u00e9.<\/p>\n<p>Un vendredi compliqu\u00e9<\/p>\n<p class=\" wall-content\">Dans le sens des d\u00e9parts ce vendredi 1er\u00a0ao\u00fbt, la circulation devrait \u00eatre difficile d\u00e8s le d\u00e9but de la matin\u00e9e et jusqu\u2019en milieu de soir\u00e9e, selon les secteurs. \u00ab\u2009Les principales difficult\u00e9s devraient \u00eatre observ\u00e9es sur les routes menant \u00e0 la c\u00f4te atlantique (A11, A10, A63), \u00e0 la c\u00f4te m\u00e9diterran\u00e9enne (A9, A50, A8), \u00e0 la vall\u00e9e Rh\u00f4ne (A7, A43) et pour la travers\u00e9e du massif central (A71 et A75)\u2009\u00bb, alerte Bison Fut\u00e9.<\/p>\n<p class=\" wall-content\">\n<p class=\" wall-content\">Selon ce dernier, qui sort le <strong>drapeau rouge<\/strong> dans le sens des d\u00e9parts en Is\u00e8re, il est conseill\u00e9 d\u2019\u00e9viter\u2009:<\/p>\n<ul class=\" wall-content\">\n<li>L\u2019A7, entre Lyon et Orange, de 14h \u00e0 18h, et entre Orange et Marseille de 12h \u00e0 18h<\/li>\n<li>L\u2019A43, entre Lyon et Chamb\u00e9ry, de 17h \u00e0 20h<\/li>\n<li>Le\u00a0tunnel du Mont-Blanc (N205), entre la France et l\u2019Italie, de 9h \u00e0 20h<\/li>\n<\/ul>\n<p class=\" wall-content\">Dans le sens des retours, des embouteillages \u00ab\u2009devraient \u00eatre observ\u00e9s sur les axes au d\u00e9part du quart Sud-Est, principalement sur les autoroutes, A9, A7, A75 et pour l\u2019acc\u00e8s au tunnel du Mont-Blanc\u2009\u00bb, poursuit Bison Fut\u00e9.<\/p>\n<p>Un samedi noir de monde<\/p>\n<p class=\" wall-content\">Mais le pire est \u00e0 pr\u00e9voir ce samedi 2\u00a0ao\u00fbt. Dans le sens des d\u00e9parts, la journ\u00e9e est class\u00e9e <strong>noire<\/strong> dans le d\u00e9partement is\u00e9rois.\u00a0Les d\u00e9placements devraient \u00eatre particuli\u00e8rement difficiles sur les grands axes de l\u2019hexagone, du d\u00e9but de la matin\u00e9e jusqu\u2019en d\u00e9but de soir\u00e9e.<\/p>\n<p class=\" wall-content\">\u00ab\u2009Une circulation tr\u00e8s importante est attendue en direction de la c\u00f4te atlantique (A10, A63, A11), de la c\u00f4te m\u00e9diterran\u00e9enne (A7, A9, A61) et pour la travers\u00e9e du Massif central (A75, A20)\u2009\u00bb, observe Bison Fut\u00e9.<\/p>\n<p class=\" wall-content\">Dans le sens des retours, les axes au d\u00e9part de la c\u00f4te m\u00e9diterran\u00e9enne seront tr\u00e8s sollicit\u00e9s \u00e0 l\u2019instar des autoroutes A9, A7 A75. Bison Fut\u00e9 recommande, entre autres, d\u2019\u00e9viter l\u2019autoroute A7 entre Orange et Lyon, de 11h \u00e0 17h, et le tunnel du Mont-Blanc (N205), entre l\u2019Italie et la France, de 14h \u00e0 19h.<\/p>\n<p>De nouvelles difficult\u00e9s lundi<\/p>\n<p class=\" wall-content\">Quant \u00e0 la journ\u00e9e de ce dimanche 3\u00a0ao\u00fbt, la circulation devrait <strong>s\u2019apaiser<\/strong>, le d\u00e9partement de l\u2019Is\u00e8re \u00e9tant class\u00e9 en jaune dans les deux sens. Mais les complications sur les routes devraient ressurgir ce lundi 4\u00a0ao\u00fbt dans le sens des d\u00e9parts, l\u2019int\u00e9gralit\u00e9 du quart sud-est de la France \u00e9tant en rouge. Dans le sens des retours en revanche, l\u2019\u00e9tat du trafic sera \u00ab\u2009habituel\u2009\u00bb.<\/p>\n<p class=\" wall-content\">Toutes les pr\u00e9visions d\u00e9taill\u00e9es sont \u00e0 retrouver sur\u00a0le site de <a href=\"https:\/\/www.bison-fute.gouv.fr\/du-01-08-au-04-08.html\" target=\"_blank\" rel=\"noopener\">Bison Fut\u00e9<\/a>.<\/p>\n<p class=\" wall-content\">Suivez toute l\u2019actualit\u00e9 de vos villes et m\u00e9dias favoris en vous inscrivant \u00e0 <a href=\"https:\/\/moncompte.actu.fr\" title=\"D\u00e9couvez Mon Actu\" rel=\"nofollow noopener\" data-trk=\"{&quot;cta&quot;:{&quot;action&quot;:&quot;https:\\\/\\\/moncompte.actu.fr&quot;,&quot;category&quot;:&quot;mon compte&quot;,&quot;from&quot;:&quot;article footer&quot;,&quot;name&quot;:&quot;Mon actu&quot;,&quot;type&quot;:&quot;cta&quot;}}\" target=\"_blank\">Mon Actu<\/a>.<\/p>\n","protected":false},"excerpt":{"rendered":"Par Julien Sournies Publi\u00e9 le 1 ao\u00fbt 2025 \u00e0 11h53 Il va falloir s\u2019armer de patience sur les&hellip;\n","protected":false},"author":2,"featured_media":288839,"comment_status":"","ping_status":"","sticky":false,"template":"","format":"standard","meta":{"footnotes":""},"categories":[9566],"tags":[1111,11,2430,6427,1777,674,1011,27,2731,803,12,25,104],"class_list":{"0":"post-288838","1":"post","2":"type-post","3":"status-publish","4":"format-standard","5":"has-post-thumbnail","7":"category-grenoble","8":"tag-actu","9":"tag-actualites","10":"tag-auvergne-rhone-alpes","11":"tag-bison-fute","12":"tag-eu","13":"tag-europe","14":"tag-fr","15":"tag-france","16":"tag-grenoble","17":"tag-info-trafic","18":"tag-news","19":"tag-republique-francaise","20":"tag-societe"},"share_on_mastodon":{"url":"https:\/\/pubeurope.com\/@fr\/114953150964930235","error":""},"_links":{"self":[{"href":"https:\/\/www.europesays.com\/fr\/wp-json\/wp\/v2\/posts\/288838","targetHints":{"allow":["GET"]}}],"collection":[{"href":"https:\/\/www.europesays.com\/fr\/wp-json\/wp\/v2\/posts"}],"about":[{"href":"https:\/\/www.europesays.com\/fr\/wp-json\/wp\/v2\/types\/post"}],"author":[{"embeddable":true,"href":"https:\/\/www.europesays.com\/fr\/wp-json\/wp\/v2\/users\/2"}],"replies":[{"embeddable":true,"href":"https:\/\/www.europesays.com\/fr\/wp-json\/wp\/v2\/comments?post=288838"}],"version-history":[{"count":0,"href":"https:\/\/www.europesays.com\/fr\/wp-json\/wp\/v2\/posts\/288838\/revisions"}],"wp:featuredmedia":[{"embeddable":true,"href":"https:\/\/www.europesays.com\/fr\/wp-json\/wp\/v2\/media\/288839"}],"wp:attachment":[{"href":"https:\/\/www.europesays.com\/fr\/wp-json\/wp\/v2\/media?parent=288838"}],"wp:term":[{"taxonomy":"category","embeddable":true,"href":"https:\/\/www.europesays.com\/fr\/wp-json\/wp\/v2\/categories?post=288838"},{"taxonomy":"post_tag","embeddable":true,"href":"https:\/\/www.europesays.com\/fr\/wp-json\/wp\/v2\/tags?post=288838"}],"curies":[{"name":"wp","href":"https:\/\/api.w.org\/{rel}","templated":true}]}}