{"id":288840,"date":"2025-08-01T10:59:09","date_gmt":"2025-08-01T10:59:09","guid":{"rendered":"https:\/\/www.europesays.com\/fr\/288840\/"},"modified":"2025-08-01T10:59:09","modified_gmt":"2025-08-01T10:59:09","slug":"meteo-en-bretagne-une-nouvelle-sequence-estivale-arrive-les-temperatures-vont-augmenter","status":"publish","type":"post","link":"https:\/\/www.europesays.com\/fr\/288840\/","title":{"rendered":"M\u00e9t\u00e9o en Bretagne. Une nouvelle s\u00e9quence estivale arrive : les temp\u00e9ratures vont augmenter"},"content":{"rendered":"<p>            Par<br \/>\n        <strong><br \/>\n            <a href=\"https:\/\/actu.fr\/auteur\/lou-batteux\" title=\"Consulter tous les articles de Lou Batteux\" target=\"_blank\" rel=\"noopener\">Lou Batteux<\/a><br \/>\n        <\/strong><\/p>\n<p>        Publi\u00e9 le<\/p>\n<p>            1 ao\u00fbt 2025 \u00e0 12h22        <\/p>\n<p>Depuis plusieurs jours, un <strong>\u00ab\u00a0toboggan nuageux\u00a0\u00bb<\/strong> r\u00e9git la m\u00e9t\u00e9o en Bretagne. \u00ab\u00a0Les nuages glissent sur l\u2019anticyclone et parviennent jusqu\u2019\u00e0 nous\u00a0\u00bb, explique <strong>St\u00e9ven Tual<\/strong>, m\u00e9t\u00e9orologue administrateur de <a href=\"https:\/\/www.facebook.com\/profile.php?id=61558051888132\" target=\"_blank\" rel=\"noopener\">la page Facebook Temps Breton<\/a>. Mais cela va changer dans les prochains jours.<\/p>\n<p class=\" wall-content\"><strong>Ce temps gris\u00e2tre durera encore<\/strong> jusqu\u2019au d\u00e9but de la semaine prochaine. D\u2019ici \u00e0 mardi 5 ao\u00fbt, l\u2019anticyclone devrait se rapprocher de la r\u00e9gion et venir \u00ab\u00a0nous prot\u00e9ger\u00a0\u00bb, indique St\u00e9ven Tual. \u00c0 partir de mercredi prochain, les temp\u00e9ratures vont donc augmenter, annon\u00e7ant (enfin)<strong> l\u2019entr\u00e9e dans une nouvelle s\u00e9quence estivale<\/strong>.<\/p>\n<p>Un temps instable jusqu\u2019\u00e0 mercredi<\/p>\n<p class=\" wall-content\">Ce week-end, un petit changement de m\u00e9t\u00e9o s\u2019op\u00e8re tout de m\u00eame. Le vent va basculer vers le sud-ouest de la Bretagne et le ciel laissera place \u00e0 plus d\u2019<strong>\u00e9claircies<\/strong>.<\/p>\n<p class=\" wall-content\">La journ\u00e9e du <strong>samedi sera ensoleill\u00e9e<\/strong> dans toute la r\u00e9gion et les temp\u00e9ratures pourront atteindre les 24\u2009\u00b0C. Dimanche, il fera entre 25\u2009\u00b0C et 26\u2009\u00b0C en Centre-Bretagne, mais le ciel se voilera pour laisser place \u00e0 la <strong>pluie en soir\u00e9e<\/strong>.<\/p>\n<p class=\" wall-content\">Lundi s\u2019annonce encore plus doux. Entre le Pays de Rennes et celui de Saint-Brieuc, les temp\u00e9ratures monteront <strong>jusqu\u2019\u00e0 27\u2009\u00b0C<\/strong>. Mais l\u2019ensoleillement sera de courte dur\u00e9e.\u00a0<\/p>\n<blockquote class=\"ac-article-quote wall-content\">\n<p>Mardi sera la journ\u00e9e la moins agr\u00e9able de la semaine.<\/p>\n<p>    <strong>St\u00e9ven Tual<\/strong><br \/>\n        M\u00e9t\u00e9orologue pour Temps Breton    <\/p><\/blockquote>\n<p class=\" wall-content\">Alors encore un peu de patience les Bretons.<\/p>\n<p>De la pluie \u00e0 la s\u00e9cheresse<\/p>\n<p class=\" wall-content\">\u00c0 partir du milieu de semaine prochaine, le <strong>temps sera \u00ab\u00a0sec et ensoleill\u00e9\u00a0\u00bb <\/strong>dans l\u2019ensemble de la r\u00e9gion, rel\u00e8ve St\u00e9ven Tual. M\u00eame s\u2019il fera \u00e9videmment <strong>plus frais sur le littoral<\/strong> que dans l\u2019int\u00e9rieur des terres.<\/p>\n<blockquote class=\"ac-article-quote wall-content\">\n<p>On ne sait pas jusqu&rsquo;\u00e0 quel niveau les temp\u00e9ratures peuvent augmenter. \u00c0 la fin de la semaine prochaine, elles tourneront autour de 30\u00b0C et c&rsquo;est une estimation basse.<\/p>\n<p>    <strong>St\u00e9ven Tual <\/strong><br \/>\n        M\u00e9t\u00e9orologue pour Temps Breton    <\/p><\/blockquote>\n<p class=\" wall-content\">Cette tendance \u00e0 la chaleur se confirme jusqu\u2019\u00e0 la mi-ao\u00fbt o\u00f9 <strong>les temp\u00e9ratures d\u00e9passeront certainement les normales de saison<\/strong>. Pour autant, \u00ab\u00a0ce n\u2019est <strong>pas une bonne nouvelle<\/strong>\u00a0\u00bb pour St\u00e9ven Tual.<\/p>\n<blockquote class=\"ac-article-quote wall-content\">\n<p>Malgr\u00e9 la pluie des derniers jours, la chaleur \u00e0 venir va puiser ces pluies dans le sol et favoriser l&rsquo;ETP (\u00e9vapotranspiration potentielle).<\/p>\n<p>    <strong>St\u00e9ven Tual<\/strong><br \/>\n        M\u00e9t\u00e9orologue pour Temps Breton    <\/p><\/blockquote>\n<p class=\" wall-content\">En clair, durant la seconde quinzaine d\u2019ao\u00fbt, on est susceptible de conna\u00eetre une <strong>situation de s\u00e9cheresse<\/strong>.<\/p>\n<p class=\" wall-content\">Suivez toute l\u2019actualit\u00e9 de vos villes et m\u00e9dias favoris en vous inscrivant \u00e0 <a href=\"https:\/\/moncompte.actu.fr\" title=\"D\u00e9couvez Mon Actu\" rel=\"nofollow noopener\" data-trk=\"{&quot;cta&quot;:{&quot;action&quot;:&quot;https:\\\/\\\/moncompte.actu.fr&quot;,&quot;category&quot;:&quot;mon compte&quot;,&quot;from&quot;:&quot;article footer&quot;,&quot;name&quot;:&quot;Mon actu&quot;,&quot;type&quot;:&quot;cta&quot;}}\" target=\"_blank\">Mon Actu<\/a>.<\/p>\n","protected":false},"excerpt":{"rendered":"Par Lou Batteux Publi\u00e9 le 1 ao\u00fbt 2025 \u00e0 12h22 Depuis plusieurs jours, un \u00ab\u00a0toboggan nuageux\u00a0\u00bb r\u00e9git la&hellip;\n","protected":false},"author":2,"featured_media":288841,"comment_status":"","ping_status":"","sticky":false,"template":"","format":"standard","meta":{"footnotes":""},"categories":[2821],"tags":[1111,11,829,10721,1777,674,1011,27,2487,12,4459,584,25,12817],"class_list":{"0":"post-288840","1":"post","2":"type-post","3":"status-publish","4":"format-standard","5":"has-post-thumbnail","7":"category-rennes","8":"tag-actu","9":"tag-actualites","10":"tag-bretagne","11":"tag-centre-bretagne","12":"tag-eu","13":"tag-europe","14":"tag-fr","15":"tag-france","16":"tag-meteo","17":"tag-news","18":"tag-pluie","19":"tag-rennes","20":"tag-republique-francaise","21":"tag-secheresse"},"share_on_mastodon":{"url":"https:\/\/pubeurope.com\/@fr\/114953162852213516","error":""},"_links":{"self":[{"href":"https:\/\/www.europesays.com\/fr\/wp-json\/wp\/v2\/posts\/288840","targetHints":{"allow":["GET"]}}],"collection":[{"href":"https:\/\/www.europesays.com\/fr\/wp-json\/wp\/v2\/posts"}],"about":[{"href":"https:\/\/www.europesays.com\/fr\/wp-json\/wp\/v2\/types\/post"}],"author":[{"embeddable":true,"href":"https:\/\/www.europesays.com\/fr\/wp-json\/wp\/v2\/users\/2"}],"replies":[{"embeddable":true,"href":"https:\/\/www.europesays.com\/fr\/wp-json\/wp\/v2\/comments?post=288840"}],"version-history":[{"count":0,"href":"https:\/\/www.europesays.com\/fr\/wp-json\/wp\/v2\/posts\/288840\/revisions"}],"wp:featuredmedia":[{"embeddable":true,"href":"https:\/\/www.europesays.com\/fr\/wp-json\/wp\/v2\/media\/288841"}],"wp:attachment":[{"href":"https:\/\/www.europesays.com\/fr\/wp-json\/wp\/v2\/media?parent=288840"}],"wp:term":[{"taxonomy":"category","embeddable":true,"href":"https:\/\/www.europesays.com\/fr\/wp-json\/wp\/v2\/categories?post=288840"},{"taxonomy":"post_tag","embeddable":true,"href":"https:\/\/www.europesays.com\/fr\/wp-json\/wp\/v2\/tags?post=288840"}],"curies":[{"name":"wp","href":"https:\/\/api.w.org\/{rel}","templated":true}]}}