{"id":288844,"date":"2025-08-01T11:01:11","date_gmt":"2025-08-01T11:01:11","guid":{"rendered":"https:\/\/www.europesays.com\/fr\/288844\/"},"modified":"2025-08-01T11:01:11","modified_gmt":"2025-08-01T11:01:11","slug":"le-festival-fluctuations-debarque-au-phare-citadelle","status":"publish","type":"post","link":"https:\/\/www.europesays.com\/fr\/288844\/","title":{"rendered":"le festival Fluctuations d\u00e9barque au Phare Citadelle"},"content":{"rendered":"<p>\u00ab\u00a0L\u2019id\u00e9e est de mobiliser les gens sur des enjeux de justice sociale et d\u2019\u00e9cologie\u00a0\u00bb. En parfait capitaine de soir\u00e9e, Nicolas Dhers fixe le cap de cette seconde \u00e9dition de Fluctuations. L\u2019\u00e9v\u00e8nement animait l\u2019an pass\u00e9 les villes de Lille, Bruxelles et Utrecht aux Pays-Bas. Il passe cette ann\u00e9e par Strasbourg, d\u2019autres escales \u00e9tant programm\u00e9es \u00e0 Paris et Budapest.<\/p>\n<p>  Itin\u00e9rance au gr\u00e9 des fleuves<\/p>\n<p>Une itin\u00e9rance qui se fait au gr\u00e9 des fleuves et rivi\u00e8res et qui inscrit ces rencontres \u00ab\u00a0dans une dimension europ\u00e9enne\u00a0\u00bb, pr\u00e9cise encore le pr\u00e9sident de l\u2019association organisatrice Smmmile. Ce rendez-vous volontiers militant s\u2019appuiera sur la p\u00e9niche Lorin \u2013 tiers lieu qui a ses habitudes \u00e0 Strasbourg- pour donner du coffre \u00e0 ses diverses rencontres autour de personnalit\u00e9s comme le globe-trotteur soucieux du vivant Marc Mortelmans, l\u2019influenceuse consciencieuse Am\u00e9lie Deloche ou encore la journaliste Nassira El Moaddem. Activistes palestiniens ou ukrainiens sont aussi attendus. Autant d\u2019intervenants pour inviter \u00e0 la prise de conscience.<\/p>\n<p>Et pour que la piq\u00fbre (de rappel) passe mieux, Fluctuations met tout cela en musique dans une ambiance qui se veut \u00ab\u00a0festive et joyeuse\u00a0\u00bb. La programmation promet du bon son pour faire vibrer le <a href=\"https:\/\/www.dna.fr\/culture-loisirs\/2025\/07\/20\/au-phare-citadelle-le-festival-de-la-sieste-fait-l-eloge-du-lent-et-seduit-son-public\" target=\"_blank\" rel=\"noopener\">Phare Citadelle<\/a> pendant trois jours.<\/p>\n<p>Ce contenu est bloqu\u00e9 car vous n&rsquo;avez pas accept\u00e9 les cookies et autres traceurs.<\/p>\n<p>En cliquant sur \u00ab J\u2019accepte \u00bb, les cookies et autres traceurs seront d\u00e9pos\u00e9s et vous pourrez visualiser les contenus  (<a href=\"\" class=\"consentModule_policy\" target=\"_blank\" title=\"Consulter la politique de protection des donn\u00e9es du fournisseur\">plus d&rsquo;informations<\/a>).<\/p>\n<p>En cliquant sur \u00ab J\u2019accepte tous les cookies \u00bb, vous autorisez des d\u00e9p\u00f4ts de cookies et autres traceurs pour le stockage de vos donn\u00e9es sur nos sites et applications \u00e0 des fins de personnalisation et de ciblage publicitaire.<\/p>\n<p class=\"consentModule_secondaryText\">Vous gardez la possibilit\u00e9 de retirer votre consentement \u00e0 tout moment en consultant notre <a href=\"https:\/\/www.dna.fr\/protection-des-donnees\" target=\"_blank\" title=\"Consulter notre politique de protection des donn\u00e9es\" rel=\"noopener\">politique de protection des donn\u00e9es<\/a>. <br \/>&#13;<br \/>\n            <a href=\"https:\/\/www.dna.fr\/culture-loisirs\/2025\/08\/01\/javascript:Didomi.notice.show()\" class=\"consentModule_cmp\" target=\"_blank\" rel=\"noopener\">G\u00e9rer mes choix<\/a>&#13;\n        <\/p>\n<p>&#13;<br \/>\n                        J&rsquo;accepte&#13;<br \/>\n            J&rsquo;accepte tous les cookies&#13;\n        <\/p>\n<p>Une sc\u00e8ne locale verra d\u00e9filer quelques pointures \u00ab\u00a0alsaciennes\u00a0\u00bb\u00a0: Exotica Lunatica et Sh\u00f4nagon en live\u00a0; Vigo et Zhar pour le DJ set. Mais Fluctuations c\u2019est aussi et d\u2019abord des artistes engag\u00e9s aux musiques solaires et rassembleuses pour sensibiliser au maximum \u00e0 la cause d\u00e9fendue. On pense \u00e0 Faravaz, chanteuse iranienne contrainte \u00e0 l\u2019exil pour avoir d\u00e9fendu les femmes et les personnes queer. Dans un registre un brin moins militant, citons le mixeur des extr\u00eames Greg (entre techno et rythme afro) ou encore Juste Shani qui a d\u00e9j\u00e0 s\u00e9vi sur de grandes sc\u00e8nes (Olympia,\u00a0etc.).<\/p>\n<p>  Parler au plus grand nombre<\/p>\n<p>Bref, tout est l\u00e0 pour parler au plus grand nombre. Fluctuations veut convaincre toutes les g\u00e9n\u00e9rations avec des activit\u00e9s circassiennes, des jeux en bois pour les enfants et surtout, une politique tarifaire qui facilite l\u2019accessibilit\u00e9 \u00e0 ce festival (des tarifs libres, du gratuit pour les moins de 16\u00a0ans,\u00a0etc.).<\/p>\n<p class=\"note\">Infos et billetterie sur fluctuatiuons.eu<\/p>\n","protected":false},"excerpt":{"rendered":"\u00ab\u00a0L\u2019id\u00e9e est de mobiliser les gens sur des enjeux de justice sociale et d\u2019\u00e9cologie\u00a0\u00bb. En parfait capitaine de&hellip;\n","protected":false},"author":2,"featured_media":288845,"comment_status":"","ping_status":"","sticky":false,"template":"","format":"standard","meta":{"footnotes":""},"categories":[2820],"tags":[1111,11,2389,2649,1687,2880,27337,1777,674,107,1011,27,775,873,12,25,640,2879],"class_list":{"0":"post-288844","1":"post","2":"type-post","3":"status-publish","4":"format-standard","5":"has-post-thumbnail","7":"category-strasbourg","8":"tag-actu","9":"tag-actualites","10":"tag-alsace","11":"tag-bas-rhin","12":"tag-culture-loisirs","13":"tag-edition-strasbourg","14":"tag-estivales","15":"tag-eu","16":"tag-europe","17":"tag-fil-info","18":"tag-fr","19":"tag-france","20":"tag-grand-est","21":"tag-musique","22":"tag-news","23":"tag-republique-francaise","24":"tag-strasbourg","25":"tag-strasbourg-ville"},"share_on_mastodon":{"url":"https:\/\/pubeurope.com\/@fr\/114953170818368086","error":""},"_links":{"self":[{"href":"https:\/\/www.europesays.com\/fr\/wp-json\/wp\/v2\/posts\/288844","targetHints":{"allow":["GET"]}}],"collection":[{"href":"https:\/\/www.europesays.com\/fr\/wp-json\/wp\/v2\/posts"}],"about":[{"href":"https:\/\/www.europesays.com\/fr\/wp-json\/wp\/v2\/types\/post"}],"author":[{"embeddable":true,"href":"https:\/\/www.europesays.com\/fr\/wp-json\/wp\/v2\/users\/2"}],"replies":[{"embeddable":true,"href":"https:\/\/www.europesays.com\/fr\/wp-json\/wp\/v2\/comments?post=288844"}],"version-history":[{"count":0,"href":"https:\/\/www.europesays.com\/fr\/wp-json\/wp\/v2\/posts\/288844\/revisions"}],"wp:featuredmedia":[{"embeddable":true,"href":"https:\/\/www.europesays.com\/fr\/wp-json\/wp\/v2\/media\/288845"}],"wp:attachment":[{"href":"https:\/\/www.europesays.com\/fr\/wp-json\/wp\/v2\/media?parent=288844"}],"wp:term":[{"taxonomy":"category","embeddable":true,"href":"https:\/\/www.europesays.com\/fr\/wp-json\/wp\/v2\/categories?post=288844"},{"taxonomy":"post_tag","embeddable":true,"href":"https:\/\/www.europesays.com\/fr\/wp-json\/wp\/v2\/tags?post=288844"}],"curies":[{"name":"wp","href":"https:\/\/api.w.org\/{rel}","templated":true}]}}