{"id":288850,"date":"2025-08-01T11:04:12","date_gmt":"2025-08-01T11:04:12","guid":{"rendered":"https:\/\/www.europesays.com\/fr\/288850\/"},"modified":"2025-08-01T11:04:12","modified_gmt":"2025-08-01T11:04:12","slug":"3-bonnes-raisons-daller-a-la-soiree-battle-des-generations-80-vs-90-a-nice-2","status":"publish","type":"post","link":"https:\/\/www.europesays.com\/fr\/288850\/","title":{"rendered":"3 bonnes raisons d\u2019aller \u00e0 la soir\u00e9e battle des g\u00e9n\u00e9rations 80 vs 90 \u00e0 Nice"},"content":{"rendered":"<p>Organis\u00e9e par Directo Prod, la soir\u00e9e Hit G\u00e9n\u00e9ration: la battle des g\u00e9n\u00e9rations vous invite \u00e0 un v\u00e9ritable face-\u00e0-face musical entre les ann\u00e9es 80 et 90.<\/p>\n<p>De 19h \u00e0 23h30, le Th\u00e9\u00e2tre de Verdure de Nice r\u00e9sonnera au son des titres embl\u00e9matiques de deux d\u00e9cennies qui ont marqu\u00e9 l\u2019histoire de la musique.<\/p>\n<p>Une immersion rythm\u00e9e, o\u00f9 chaque g\u00e9n\u00e9ration d\u00e9fendra ses classiques dans une atmosph\u00e8re festive, g\u00e9n\u00e9reuse et pleine de clins d\u2019\u0153il.<\/p>\n<p><strong>1. Ambiance festive, cadeaux \u00e0 gagner et espace food &amp; vintage<\/strong><\/p>\n<p>D\u00e8s votre arriv\u00e9e, testez vos connaissances musicales avec un blind test rythm\u00e9 et convivial. En jeu: des goodies, des bons d\u2019achat, et m\u00eame une place pour le concert de Louis Bertignac \u00e0 Nice. Bonne humeur garantie\u2026 et peut-\u00eatre la chance de repartir les bras charg\u00e9s de cadeaux!<\/p>\n<p>Pour combler les petites faims et la soif, plusieurs foodtrucks et bars seront de la partie. Envie de chiner? Une friperie r\u00e9tro et un disquaire vintage vous permettront de d\u00e9nicher des p\u00e9pites mode ou musique tout en profitant de l\u2019ambiance chaleureuse du lieu.<\/p>\n<p><strong>2. Une battle de DJ entre g\u00e9n\u00e9rations: ann\u00e9es 80 vs ann\u00e9es 90<\/strong><\/p>\n<p>Place au moment fort de la soir\u00e9e: une battle de DJ interg\u00e9n\u00e9rationnelle enflammera la piste. D\u2019un c\u00f4t\u00e9, la Team Rouge: ann\u00e9es 80, entre \u00e9lectro-pop, riffs rock et tubes cultes. De l\u2019autre, la Team Bleue: ann\u00e9es 90, avec ses beats hip-hop, ses sonorit\u00e9s dance et ses classiques R\u2019n\u2019B ou grunge.<\/p>\n<p>\u00c0 vous de choisir votre camp et de porter fi\u00e8rement ses couleurs!<\/p>\n<p>Cette confrontation musicale sera anim\u00e9e par Laurent Bara, humoriste azur\u00e9en et showman d\u00e9bordant d\u2019\u00e9nergie, et Nicolas Abed, DJ passionn\u00e9 et voix embl\u00e9matique de Nostalgie.<\/p>\n<p><strong>3. Un final \u00e9lectrisant avec Sound of Legend<\/strong><\/p>\n<p>Pour terminer la soir\u00e9e en apoth\u00e9ose, place \u00e0 un set explosif sign\u00e9 Sound of Legend, figures incontournables \u00e9lectro des hits g\u00e9n\u00e9rationnels, notamment connues pour le titre Komodo.<\/p>\n<p>Entre classiques et remixes, la formation saura faire danser toutes les g\u00e9n\u00e9rations dans une ambiance survolt\u00e9e.<\/p>\n<p>\u00c0 partir de 19h30 euros. Th\u00e9\u00e2tre de Verdure, Nice. 31 euros.<\/p>\n","protected":false},"excerpt":{"rendered":"Organis\u00e9e par Directo Prod, la soir\u00e9e Hit G\u00e9n\u00e9ration: la battle des g\u00e9n\u00e9rations vous invite \u00e0 un v\u00e9ritable face-\u00e0-face&hellip;\n","protected":false},"author":2,"featured_media":288849,"comment_status":"","ping_status":"","sticky":false,"template":"","format":"standard","meta":{"footnotes":""},"categories":[2819],"tags":[1111,11,4156,251,1777,674,1011,27,12,2401,882,25],"class_list":{"0":"post-288850","1":"post","2":"type-post","3":"status-publish","4":"format-standard","5":"has-post-thumbnail","7":"category-nice","8":"tag-actu","9":"tag-actualites","10":"tag-concerts","11":"tag-culture","12":"tag-eu","13":"tag-europe","14":"tag-fr","15":"tag-france","16":"tag-news","17":"tag-nice","18":"tag-provence-alpes-cote-dazur","19":"tag-republique-francaise"},"share_on_mastodon":{"url":"https:\/\/pubeurope.com\/@fr\/114953182478781137","error":""},"_links":{"self":[{"href":"https:\/\/www.europesays.com\/fr\/wp-json\/wp\/v2\/posts\/288850","targetHints":{"allow":["GET"]}}],"collection":[{"href":"https:\/\/www.europesays.com\/fr\/wp-json\/wp\/v2\/posts"}],"about":[{"href":"https:\/\/www.europesays.com\/fr\/wp-json\/wp\/v2\/types\/post"}],"author":[{"embeddable":true,"href":"https:\/\/www.europesays.com\/fr\/wp-json\/wp\/v2\/users\/2"}],"replies":[{"embeddable":true,"href":"https:\/\/www.europesays.com\/fr\/wp-json\/wp\/v2\/comments?post=288850"}],"version-history":[{"count":0,"href":"https:\/\/www.europesays.com\/fr\/wp-json\/wp\/v2\/posts\/288850\/revisions"}],"wp:featuredmedia":[{"embeddable":true,"href":"https:\/\/www.europesays.com\/fr\/wp-json\/wp\/v2\/media\/288849"}],"wp:attachment":[{"href":"https:\/\/www.europesays.com\/fr\/wp-json\/wp\/v2\/media?parent=288850"}],"wp:term":[{"taxonomy":"category","embeddable":true,"href":"https:\/\/www.europesays.com\/fr\/wp-json\/wp\/v2\/categories?post=288850"},{"taxonomy":"post_tag","embeddable":true,"href":"https:\/\/www.europesays.com\/fr\/wp-json\/wp\/v2\/tags?post=288850"}],"curies":[{"name":"wp","href":"https:\/\/api.w.org\/{rel}","templated":true}]}}