{"id":288852,"date":"2025-08-01T11:06:14","date_gmt":"2025-08-01T11:06:14","guid":{"rendered":"https:\/\/www.europesays.com\/fr\/288852\/"},"modified":"2025-08-01T11:06:14","modified_gmt":"2025-08-01T11:06:14","slug":"apres-cinq-jours-de-travaux-et-de-galere-le-pont-de-chevire-a-rouvert-dans-les-deux-sens-a","status":"publish","type":"post","link":"https:\/\/www.europesays.com\/fr\/288852\/","title":{"rendered":"Apr\u00e8s cinq jours de travaux et de gal\u00e8re, le pont de Chevir\u00e9 a rouvert dans les deux sens \u00e0"},"content":{"rendered":"<p>Vendredi 1er\u00a0ao\u00fbt, avant l\u2019heure officielle, peu avant midi, le pont de Chevir\u00e9 \u00e0 Nantes (Loire-Atlantique) a totalement rouvert \u00e0 la circulation <a href=\"https:\/\/nantes.maville.com\/actu\/actudet_-en-images.-top-depart-d-une-semaine-de-travaux-sur-le-pont-de-chevire-a-nantes-_8-6916841_actu.Htm\" target=\"_self\" rel=\"noopener\">apr\u00e8s cinq jours de travaux. Initialement,<\/a> la circulation devait reprendre dans le sens nord-sud d\u00e8s 12\u00a0h, puis dans le sens sud-nord \u00e0 partir de 13\u00a0h. Les premiers v\u00e9hicules traversent l\u2019\u00e9difice au compte-goutte.<\/p>\n<p><strong>Lire aussi\u00a0:<\/strong>\u00a0<a href=\"https:\/\/redon.maville.com\/actu\/actudet_-automobilistes-excedes-bouchons...-ca-coince-a-nantes-apres-la-fermeture-du-pont-de-chevire-_52698-6916835_actu.Htm\" target=\"_self\" rel=\"noopener\">Automobilistes exc\u00e9d\u00e9s, bouchons\u2026 \u00c7a coince \u00e0 Nantes apr\u00e8s la fermeture du pont de Chevir\u00e9<\/a><\/p>\n<p>La fin d\u2019un calvaire pour de nombreux usagers, encore ce matin. <strong>\u00ab\u00a0Heureusement que \u00e7a ne dure qu\u2019une semaine\u00a0\u00bb,<\/strong> lance dans un sourire Asmine Bacar, attendant patiemment avec sa coll\u00e8gue, dans leur voiture, l\u2019arriv\u00e9e du bac de Loire, \u00e0 Indret, au sud de Nantes (Loire-Atlantique), ce vendredi 1er\u00a0ao\u00fbt. Les deux employ\u00e9es de Pro Impec, un service d\u2019entretien bas\u00e9 \u00e0 Cheix-en-Retz, ne sont pas les seules. La file d\u2019attente du bac,<a href=\"https:\/\/nantes.maville.com\/actu\/actudet_-pont-de-chevire-ferme-a-nantes-je-fais-comment-pour-aller-a-l-aeroport-_8-6916271_actu.Htm\" target=\"_self\" rel=\"noopener\"> option de substitutions \u00e0 l\u2019heure de la fermeture du pont de Chevir\u00e9,<\/a> s\u2019allonge, sans jamais devenir insurmontable, ce matin-l\u00e0, vers 7\u00a0h\u00a030.<\/p>\n<p>\t<img decoding=\"async\" src=\"https:\/\/www.europesays.com\/fr\/wp-content\/uploads\/2025\/08\/P35385301D6921188G_px_640_.jpg\" alt=\"photo vendredi 1er\u00a0ao\u00fbt, de nombreux usagers ont travers\u00e9 la loire en bac, \u00e0 nantes (loire-atlantique), itin\u00e9raire bis alors que le pont de chevir\u00e9 est ferm\u00e9, jusqu\u2019\u00e0 ce midi.  \u00a9  ouest-france\" width=\"640\" title=\" Vendredi 1er\u00a0ao\u00fbt, de nombreux usagers ont travers\u00e9 la Loire en bac, \u00e0 Nantes (Loire-Atlantique), itin\u00e9raire bis alors que le pont de Chevir\u00e9 est ferm\u00e9, jusqu\u2019\u00e0 ce midi.   Ouest-France \"\/><\/p>\n<p class=\"elmt-legende\"> Vendredi 1er\u00a0ao\u00fbt, de nombreux usagers ont travers\u00e9 la Loire en bac, \u00e0 Nantes (Loire-Atlantique), itin\u00e9raire bis alors que le pont de Chevir\u00e9 est ferm\u00e9, jusqu\u2019\u00e0 ce midi.   Ouest-France <\/p>\n<p>Avec le report du trafic sur des itin\u00e9raires bis, <a href=\"https:\/\/nantes.maville.com\/actu\/actudet_-pont-de-chevire-ferme-a-nantes-je-fais-comment-pour-aller-a-l-aeroport-_8-6916271_actu.Htm\" target=\"_self\" rel=\"noopener\">elles ont subi les bouchons toute la semaine.<\/a>\u00a0<strong>\u00ab\u00a0Un midi, j\u2019ai mis plus d\u2019une heure trente pour traverser la Loire\u00a0\u00bb,<\/strong> ajoute-t-elle, avec un peu d\u2019amertume. Pour certains, \u00e7a a \u00e9t\u00e9 bien pire. <strong>\u00ab\u00a0Lundi, \u00e7a allait le matin,<\/strong> amorce Romain Duclos, habitant de Rouans. <strong>Mais le soir, en prenant le bac entre Cou\u00ebron et Le Pellerin, j\u2019ai mis trois heures trente pour rentrer chez moi.\u00a0\u00bb<\/strong> La solution pour cet informaticien d\u2019une entreprise de la m\u00e9tropole nantaise\u00a0: trois jours de t\u00e9l\u00e9travail.<\/p>\n<p>Retour au pont<\/p>\n<p>Dans la longue file d\u2019attente, les habitu\u00e9s du bac croisent les n\u00e9ophytes, surtout des travailleurs, qui n\u2019ont pas d\u2019autre choix. <strong>\u00ab\u00a0On passe ici exceptionnellement,<\/strong> insistent Anthony et son coll\u00e8gue, ma\u00e7ons sur un chantier de la r\u00e9gion nantaise, o\u00f9 ils sont attendus \u00e0 9\u00a0h\u00a030. <strong>On aurait pu faire le tour, par le centre-ville ou Bas-Chantenay, mais c\u2019est plus rapide.\u00a0\u00bb<\/strong> La chance est de leur c\u00f4t\u00e9. Apr\u00e8s cinq jours de rodage, le trafic est \u00e0 peu pr\u00e8s fluide. Les automobilistes n\u2019attendent pas plus de trente minutes pour fendre l\u2019eau avant de se disperser dans la m\u00e9tropole.<\/p>\n<p>\t<img decoding=\"async\" src=\"https:\/\/www.europesays.com\/fr\/wp-content\/uploads\/2025\/08\/P35385302D6921188G_px_640_.jpg\" alt=\"photo peu avant midi, les premiers v\u00e9hicules ont pu circuler sur le pont de chevir\u00e9, \u00e0 nantes, ce vendredi 1er ao\u00fbt, apr\u00e8s cinq jours de travaux.  \u00a9  ouest-france\" width=\"640\" title=\" Peu avant midi, les premiers v\u00e9hicules ont pu circuler sur le pont de Chevir\u00e9, \u00e0 Nantes, ce vendredi 1er ao\u00fbt, apr\u00e8s cinq jours de travaux.   Ouest-France \"\/><\/p>\n<p class=\"elmt-legende\"> Peu avant midi, les premiers v\u00e9hicules ont pu circuler sur le pont de Chevir\u00e9, \u00e0 Nantes, ce vendredi 1er ao\u00fbt, apr\u00e8s cinq jours de travaux.   Ouest-France <\/p>\n<p>Mais si on leur demande comment ils vont rentrer ce soir, la r\u00e9ponse est unanime\u00a0: par le pont de Chevir\u00e9.<\/p>\n<p>\u00a0<\/p>\n","protected":false},"excerpt":{"rendered":"Vendredi 1er\u00a0ao\u00fbt, avant l\u2019heure officielle, peu avant midi, le pont de Chevir\u00e9 \u00e0 Nantes (Loire-Atlantique) a totalement rouvert&hellip;\n","protected":false},"author":2,"featured_media":288853,"comment_status":"","ping_status":"","sticky":false,"template":"","format":"standard","meta":{"footnotes":""},"categories":[2818],"tags":[1111,11,40092,1777,674,1011,27,33956,7285,766,12,2636,5604,25,35850,4071,2086],"class_list":{"0":"post-288852","1":"post","2":"type-post","3":"status-publish","4":"format-standard","5":"has-post-thumbnail","7":"category-nantes","8":"tag-actu","9":"tag-actualites","10":"tag-chevire","11":"tag-eu","12":"tag-europe","13":"tag-fr","14":"tag-france","15":"tag-galere","16":"tag-jours","17":"tag-nantes","18":"tag-news","19":"tag-pays-de-la-loire","20":"tag-pont","21":"tag-republique-francaise","22":"tag-rouvert","23":"tag-sens","24":"tag-travaux"},"share_on_mastodon":{"url":"https:\/\/pubeurope.com\/@fr\/114953190507001565","error":""},"_links":{"self":[{"href":"https:\/\/www.europesays.com\/fr\/wp-json\/wp\/v2\/posts\/288852","targetHints":{"allow":["GET"]}}],"collection":[{"href":"https:\/\/www.europesays.com\/fr\/wp-json\/wp\/v2\/posts"}],"about":[{"href":"https:\/\/www.europesays.com\/fr\/wp-json\/wp\/v2\/types\/post"}],"author":[{"embeddable":true,"href":"https:\/\/www.europesays.com\/fr\/wp-json\/wp\/v2\/users\/2"}],"replies":[{"embeddable":true,"href":"https:\/\/www.europesays.com\/fr\/wp-json\/wp\/v2\/comments?post=288852"}],"version-history":[{"count":0,"href":"https:\/\/www.europesays.com\/fr\/wp-json\/wp\/v2\/posts\/288852\/revisions"}],"wp:featuredmedia":[{"embeddable":true,"href":"https:\/\/www.europesays.com\/fr\/wp-json\/wp\/v2\/media\/288853"}],"wp:attachment":[{"href":"https:\/\/www.europesays.com\/fr\/wp-json\/wp\/v2\/media?parent=288852"}],"wp:term":[{"taxonomy":"category","embeddable":true,"href":"https:\/\/www.europesays.com\/fr\/wp-json\/wp\/v2\/categories?post=288852"},{"taxonomy":"post_tag","embeddable":true,"href":"https:\/\/www.europesays.com\/fr\/wp-json\/wp\/v2\/tags?post=288852"}],"curies":[{"name":"wp","href":"https:\/\/api.w.org\/{rel}","templated":true}]}}