{"id":288857,"date":"2025-08-01T11:09:10","date_gmt":"2025-08-01T11:09:10","guid":{"rendered":"https:\/\/www.europesays.com\/fr\/288857\/"},"modified":"2025-08-01T11:09:10","modified_gmt":"2025-08-01T11:09:10","slug":"quelles-sont-les-heures-a-eviter-autour-de-toulouse","status":"publish","type":"post","link":"https:\/\/www.europesays.com\/fr\/288857\/","title":{"rendered":"quelles sont les heures \u00e0 \u00e9viter autour de Toulouse\u00a0?"},"content":{"rendered":"<p>            Par<br \/>\n        <strong><br \/>\n            <a href=\"https:\/\/actu.fr\/auteur\/guillaume-laurens\" title=\"Consulter tous les articles de Guillaume Laurens\" target=\"_blank\" rel=\"noopener\">Guillaume Laurens<\/a><br \/>\n        <\/strong><\/p>\n<p>        Publi\u00e9 le<\/p>\n<p>            1 ao\u00fbt 2025 \u00e0 13h01        <\/p>\n<p>Bison Fut\u00e9 voit rouge et noir\u2026 et ce n\u2019est pas pour supporter le <a href=\"https:\/\/actu.fr\/tag\/stade-toulousain\" target=\"_blank\" rel=\"noopener\">Stade Toulousain<\/a> !\u00a0Ce premier week-end d\u2019ao\u00fbt, qui est traditionnellement <strong>le pire de l\u2019ann\u00e9e <\/strong>sur les routes, avec le fameux<strong> chass\u00e9-crois\u00e9 entre \u00ab juillettistes \u00bb et \u00ab ao\u00fbtiens \u00bb, <\/strong>conna\u00eetra \u00e0 coup s\u00fbr \u00ab\u00a0une circulation extr\u00eamement dense\u00a0\u00bb dans la r\u00e9gion, pr\u00e9vient Vinci Autoroutes, qui s\u2019attend \u00e0 des bouchons \u00e9normes sur son r\u00e9seau, alors que les premi\u00e8res complications sont attendues d\u00e8s ce vendredi 1\u1d49\u02b3 ao\u00fbt 2025 autour de <strong>Toulouse<\/strong>, en particulier sur <a href=\"https:\/\/actu.fr\/tag\/autoroute-61-a61\" target=\"_blank\" rel=\"noopener\">l\u2019A61, l\u2019autoroute de la M\u00e9diterran\u00e9e<\/a>.<\/p>\n<p>\u00ab\u00a0D\u00e9calez votre d\u00e9placement de samedi\u00a0\u00bb, sugg\u00e8re Bison Fut\u00e9<\/p>\n<p class=\" wall-content\">Pour ce grand chass\u00e9-crois\u00e9, le trafic va donc commencer \u00e0 se charger s\u00e9rieusement ce vendredi sur l\u2019autoroute des vacances, sera <strong>dense \u00ab\u00a0jusqu\u2019au lundi 4 ao\u00fbt inclus\u00a0\u00bb,<\/strong> annonce Vinci Autoroutes, alors que la journ\u00e9e du <strong>samedi 2 ao\u00fbt<\/strong> est m\u00eame <a href=\"https:\/\/www.bison-fute.gouv.fr\/du-01-08-au-04-08.html\" target=\"_blank\" rel=\"noopener\"><strong>class\u00e9e noire<\/strong> par Bison Fut\u00e9, <\/a>alors que celle de dimanche sera rouge. Ce dernier recommande : \u00ab\u00a0Dans la mesure du possible, d\u00e9calez votre d\u00e9placement pour \u00e9viter de prendre la route ce jour-l\u00e0\u00a0\u00bb.<\/p>\n<blockquote class=\"ac-article-quote wall-content\">\n<p>La circulation sera tr\u00e8s difficile sur l\u2019ensemble de la p\u00e9riode dans les deux sens de circulation.<\/p>\n<p>    <strong>Bison Fut\u00e9<\/strong>\n            <\/p><\/blockquote>\n<p class=\" wall-content\">\n<p>Les horaires \u00e0 \u00e9viter sur l\u2019A61<\/p>\n<p class=\" wall-content\">Nombre de vacanciers sont sur la voie <strong>du d\u00e9part<\/strong>. Autour de la Ville rose, entre <strong>Toulouse<\/strong> et <strong>Narbonne<\/strong>, sur <strong>l\u2019autoroute A61<\/strong>, les plages horaires les plus denses en direction de la M\u00e9diterran\u00e9e seront <strong>\u00ab\u00a0le vendredi 1\u1d49\u02b3 ao\u00fbt, de 11h \u00e0 18h\u00a0\u00bb,<\/strong> mais aussi et surtout \u00ab\u00a0le <strong>samedi 2 ao\u00fbt, de 8h \u00e0 15h<\/strong>, le <strong>dimanche 3 ao\u00fbt de 10h \u00e0 17h,<\/strong> et le <strong>lundi 4 ao\u00fbt de 10h \u00e0 17h\u00a0\u00bb.<\/strong><\/p>\n<p class=\" wall-content\">Les <strong>retours de vacances<\/strong> des Toulousains devraient entra\u00eener un trafic dense aussi :<\/p>\n<blockquote class=\"ac-article-quote wall-content\">\n<p>Il faudra s\u2019attendre \u00e9galement \u00e0 de forts trafics en direction de Toulouse vendredi 1er de 10h \u00e0 20h, samedi 2 de 10h \u00e0 16h, et dimanche 3 de 10h \u00e0 16h.<\/p>\n<p>    <strong>Vinci Autoroutes<\/strong>\n            <\/p><\/blockquote>\n<p>Vid\u00e9os : en ce moment sur Actu<\/p>\n<p class=\" wall-content\">Moins disert sur les horaires, Bison Fut\u00e9 appelle essentiellement de son c\u00f4t\u00e9 \u00e0 \u00ab\u00a0\u00e9viter l\u2019autoroute A61\u00a0\u00bb dans <strong>le sens des d\u00e9parts<\/strong> depuis la Ville rose en direction de Narbonne ce samedi de 10h \u00e0 16h, puis ce dimanche de 11h \u00e0 16h.<\/p>\n<p>Gare \u00e0 l\u2019arriv\u00e9e sur l\u2019A9 \u00e0 Narbonne<\/p>\n<p class=\" wall-content\">Arriv\u00e9s sur le pourtour m\u00e9diterran\u00e9en,\u00a0<a href=\"https:\/\/actu.fr\/societe\/le-samedi-sera-noir-sur-la-route-des-vacances-mais-on-ne-roulera-pas-tres-bien-non-plus-les-autres-jours_62970261.html\" target=\"_blank\" rel=\"noopener\">outre la partie entre <strong>N\u00eemes<\/strong> et <strong>Montpellier<\/strong> o\u00f9 le trafic sera tr\u00e8s charg\u00e9<\/a>, les automobilistes seront loin d\u2019\u00eatre au bout de leur peine : \u00ab\u00a0La circulation sera \u00e9galement soutenue\u00a0\u00bb autour de <strong>l\u2019embranchement entre l\u2019A61 et l\u2019A9<\/strong> \u00e0 Narbonne, par lequel transitent de nombreux Toulousains notamment en route vers l\u2019Espagne. La situation \u00e9tait d\u00e9j\u00e0 <a href=\"https:\/\/actu.fr\/occitanie\/le-boulou_66024\/a-l-arret-complet-sur-l-autoroute-l-a9-1h30-de-bouchons-vers-l-espagne-que-se-passe-t-il_62984375.html\" target=\"_blank\" rel=\"noopener\">tr\u00e8s chaotique ce jeudi, comme le d\u00e9taillait Actu Perpignan.<\/a><\/p>\n<p class=\" wall-content\">En cons\u00e9quence, Vinci Autoroutes sugg\u00e8re d\u2019\u00e9viter la portion entre B\u00e9ziers et la fronti\u00e8re espagnole vendredi 1er ao\u00fbt, de 10h \u00e0 19h, le samedi 2 ao\u00fbt d\u00e8s 6h et jusqu\u2019\u00e0 19h. Les difficult\u00e9s se feront \u00e9galement sentir entre 9h et 17h dimanche 3 et 9h \u00e0 17h le lundi 3 ao\u00fbt.<\/p>\n<p class=\" wall-content\">De <strong>retour d\u2019Espagne<\/strong>, le trafic sera aussi tr\u00e8s dense dans l\u2019autre sens, en direction de B\u00e9ziers ou de Toulouse, vendredi 3 de 11h \u00e0 19h, samedi 2 de 9h \u00e0 17h, dimanche 3 entre 10h et 16h et lundi 4 ao\u00fbt de 10h \u00e0 17h.<\/p>\n<p class=\" wall-content\">Suivez toute l\u2019actualit\u00e9 de vos villes et m\u00e9dias favoris en vous inscrivant \u00e0 <a href=\"https:\/\/moncompte.actu.fr\" title=\"D\u00e9couvez Mon Actu\" rel=\"nofollow noopener\" data-trk=\"{&quot;cta&quot;:{&quot;action&quot;:&quot;https:\\\/\\\/moncompte.actu.fr&quot;,&quot;category&quot;:&quot;mon compte&quot;,&quot;from&quot;:&quot;article footer&quot;,&quot;name&quot;:&quot;Mon actu&quot;,&quot;type&quot;:&quot;cta&quot;}}\" target=\"_blank\">Mon Actu<\/a>.<\/p>\n<ul class=\"ac-article-tag wall-content\">\n<li><a href=\"https:\/\/actu.fr\/tag\/autoroute-61-a61\" data-trk=\"{&quot;cta&quot;:{&quot;action&quot;:&quot;Autoroute 61 (A61)&quot;,&quot;category&quot;:&quot;tag&quot;,&quot;from&quot;:&quot;article footer&quot;,&quot;name&quot;:&quot;Autoroute 61 (A61)&quot;,&quot;type&quot;:&quot;cta&quot;}}\" target=\"_blank\" rel=\"noopener\">#Autoroute 61 (A61)<\/a><\/li>\n<li><a href=\"https:\/\/actu.fr\/tag\/info-trafic\" data-trk=\"{&quot;cta&quot;:{&quot;action&quot;:&quot;Info trafic&quot;,&quot;category&quot;:&quot;tag&quot;,&quot;from&quot;:&quot;article footer&quot;,&quot;name&quot;:&quot;Info trafic&quot;,&quot;type&quot;:&quot;cta&quot;}}\" target=\"_blank\" rel=\"noopener\">#Info trafic<\/a><\/li>\n<\/ul>\n","protected":false},"excerpt":{"rendered":"Par Guillaume Laurens Publi\u00e9 le 1 ao\u00fbt 2025 \u00e0 13h01 Bison Fut\u00e9 voit rouge et noir\u2026 et ce&hellip;\n","protected":false},"author":2,"featured_media":288858,"comment_status":"","ping_status":"","sticky":false,"template":"","format":"standard","meta":{"footnotes":""},"categories":[2816],"tags":[1111,11,10437,1777,674,1011,27,803,12,2680,25,104,2312],"class_list":{"0":"post-288857","1":"post","2":"type-post","3":"status-publish","4":"format-standard","5":"has-post-thumbnail","7":"category-toulouse","8":"tag-actu","9":"tag-actualites","10":"tag-autoroute-61-a61","11":"tag-eu","12":"tag-europe","13":"tag-fr","14":"tag-france","15":"tag-info-trafic","16":"tag-news","17":"tag-occitanie","18":"tag-republique-francaise","19":"tag-societe","20":"tag-toulouse"},"share_on_mastodon":{"url":"https:\/\/pubeurope.com\/@fr\/114953202186822386","error":""},"_links":{"self":[{"href":"https:\/\/www.europesays.com\/fr\/wp-json\/wp\/v2\/posts\/288857","targetHints":{"allow":["GET"]}}],"collection":[{"href":"https:\/\/www.europesays.com\/fr\/wp-json\/wp\/v2\/posts"}],"about":[{"href":"https:\/\/www.europesays.com\/fr\/wp-json\/wp\/v2\/types\/post"}],"author":[{"embeddable":true,"href":"https:\/\/www.europesays.com\/fr\/wp-json\/wp\/v2\/users\/2"}],"replies":[{"embeddable":true,"href":"https:\/\/www.europesays.com\/fr\/wp-json\/wp\/v2\/comments?post=288857"}],"version-history":[{"count":0,"href":"https:\/\/www.europesays.com\/fr\/wp-json\/wp\/v2\/posts\/288857\/revisions"}],"wp:featuredmedia":[{"embeddable":true,"href":"https:\/\/www.europesays.com\/fr\/wp-json\/wp\/v2\/media\/288858"}],"wp:attachment":[{"href":"https:\/\/www.europesays.com\/fr\/wp-json\/wp\/v2\/media?parent=288857"}],"wp:term":[{"taxonomy":"category","embeddable":true,"href":"https:\/\/www.europesays.com\/fr\/wp-json\/wp\/v2\/categories?post=288857"},{"taxonomy":"post_tag","embeddable":true,"href":"https:\/\/www.europesays.com\/fr\/wp-json\/wp\/v2\/tags?post=288857"}],"curies":[{"name":"wp","href":"https:\/\/api.w.org\/{rel}","templated":true}]}}