{"id":288861,"date":"2025-08-01T11:11:10","date_gmt":"2025-08-01T11:11:10","guid":{"rendered":"https:\/\/www.europesays.com\/fr\/288861\/"},"modified":"2025-08-01T11:11:10","modified_gmt":"2025-08-01T11:11:10","slug":"laccuse-aurait-ete-tabasse-gratuitement-par-la-police","status":"publish","type":"post","link":"https:\/\/www.europesays.com\/fr\/288861\/","title":{"rendered":"l&rsquo;accus\u00e9 aurait \u00e9t\u00e9 tabass\u00e9 gratuitement par la police"},"content":{"rendered":"<p>            Par<br \/>\n        <strong><br \/>\n            <a href=\"https:\/\/actu.fr\/auteur\/bastien-grossin\" title=\"Consulter tous les articles de Bastien Grossin\" target=\"_blank\" rel=\"noopener\">Bastien Grossin<\/a><br \/>\n        <\/strong><\/p>\n<p>        Publi\u00e9 le<\/p>\n<p>            1 ao\u00fbt 2025 \u00e0 12h59        <\/p>\n<p>L\u2019affaire semblait banale, presque jou\u00e9e d\u2019avance. D.N, 28 ans, est accus\u00e9 d\u2019avoir <b>insult\u00e9 et agress\u00e9 des policiers<\/b> rue Jean-Jaur\u00e8s \u00e0 <a href=\"https:\/\/actu.fr\/tag\/lille\" target=\"_blank\" rel=\"noopener\">Lille<\/a><b><a href=\"https:\/\/actu.fr\/tag\/lille\" target=\"_blank\" rel=\"noopener\"> <\/a>le 25\u00a0juillet 2025 \u00e0 17h.<\/b> Il aurait tent\u00e9 de r\u00e9cup\u00e9rer sa trottinette saisie par les agents et destin\u00e9e aux objets trouv\u00e9s. Pourtant, l\u2019audience prend progressivement un tournant inattendu. \u00c0 la barre, le pr\u00e9venu raconte une toute autre histoire\u2009: <b>il ne serait pas l\u2019agresseur, mais la victime<\/b>. Selon ses mots, il aurait \u00e9t\u00e9 frapp\u00e9, gratuitement, \u00e0 plusieurs reprises par les forces de l\u2019ordre avant d\u2019\u00eatre embarqu\u00e9 au commissariat. Rapidement, des \u00e9l\u00e9ments troublants ressortent pendant le proc\u00e8s et viennent \u00e9tayer cette accusation. D\u00e9tails.<\/p>\n<p>\u00ab\u2009Violent d\u00e8s le d\u00e9part\u2009\u00bb\u2009: ce que dit le rapport des policiers<\/p>\n<p class=\" wall-content\">\u00c0 la barre, aucun policier n\u2019est pr\u00e9sent, seuls leurs avocats les repr\u00e9sentent pour assurer leur d\u00e9fense.\u00a0La pr\u00e9sidente s\u2019en tient au rapport r\u00e9dig\u00e9 par les agents pour relater les faits\u2009: le 25\u00a0juillet 2025, aux alentours de 17\u00a0heures, deux policiers rep\u00e8rent une trottinette abandonn\u00e9e sur le trottoir de la rue Jean-Jaur\u00e8s, \u00e0 Lille. L\u2019un d\u2019eux la saisit et attend ses coll\u00e8gues pour rentrer au commissariat. C\u2019est alors que le pr\u00e9venu, d\u00e9crit comme \u00ab\u2009de type africain\u2009\u00bb dans le rapport, les aborde avec virulence en les insultant pour r\u00e9cup\u00e9rer sa trottinette.\u00a0Les agents d\u00e9cident alors de l\u2019interpeller. Selon le rapport, une fois plaqu\u00e9 contre un mur, l\u2019homme se serait d\u00e9battu avec force, tentant de frapper les policiers. Emmen\u00e9 au commissariat, il aurait continu\u00e9 \u00e0 se montrer violent, allant jusqu\u2019\u00e0 porter plusieurs coups, dont un coup de t\u00eate.<\/p>\n<p>La version radicalement diff\u00e9rente du pr\u00e9venu<\/p>\n<p class=\" wall-content\">Lorsque la pr\u00e9sidente du tribunal demande au pr\u00e9venu de raconter le d\u00e9roul\u00e9 des faits, l\u2019histoire est radicalement oppos\u00e9e \u00e0 celle d\u00e9crite pr\u00e9c\u00e9demment\u2009: apr\u00e8s avoir laiss\u00e9 sa trottinette pour discuter avec une connaissance \u00e0 quelques pas de l\u00e0, il revient et aper\u00e7oit un homme install\u00e9 dessus. Intrigu\u00e9, il commence \u00e0 filmer la sc\u00e8ne tout en s\u2019approchant. Il r\u00e9alise alors que l\u2019individu est en r\u00e9alit\u00e9 un policier. \u00c0 peine a-t-il le temps de le comprendre qu\u2019une voiture arrive derri\u00e8re lui et que plusieurs agents en sortent pour contr\u00f4ler son identit\u00e9. D.N raconte avoir coop\u00e9r\u00e9 directement et avoir re\u00e7u aussit\u00f4t un coup dans le ventre et une s\u00e9rie d\u2019insultes.<\/p>\n<p class=\" wall-content\">Lors de l\u2019audience au tribunal de Lille, ce mercredi 30 ao\u00fbt \u00e0 la barre, une m\u00e8re de famille pr\u00e9sente au moment des faits confirme la version du pr\u00e9venu. Elle affirme avoir entendu l\u2019un des policiers lancer\u2009: \u00ab\u2009Qu\u2019est-ce que tu vas faire avec ton t\u00e9l\u00e9phone\u2009?\u2009\u00bb, juste avant que de nouveaux coups ne soient port\u00e9s sur l\u2019individu. Elle compl\u00e8te le r\u00e9cit\u2009: \u00ab\u2009Il [D.N] n\u2019arr\u00eatait pas de crier, il nous demandait de filmer\u2009\u00bb. Une fois l\u2019homme install\u00e9 \u00e0 l\u2019arri\u00e8re du v\u00e9hicule de police, elle dit avoir per\u00e7u d\u2019autres bruits de coups, accompagn\u00e9s d\u2019insultes \u00e9manant des agents.<\/p>\n<p class=\" wall-content\">Au final, un policier s\u2019en sort avec une plaie \u00e0 l\u2019arcade. Le pr\u00e9venu, lui, pr\u00e9sente plusieurs contusions et blessures sur le corps, un de ses yeux est s\u00e9rieusement atteint. Un m\u00e9decin l\u00e9giste lui prescrit <b>dix jours d\u2019ITT <\/b>avant son transfert aux urgences ophtalmologiques.<\/p>\n<p>\u00ab\u2009C\u2019est un peu troublant\u2009\u00bb, confie le procureur<\/p>\n<p class=\" wall-content\">Face \u00e0 ces d\u00e9clarations, le procureur de la R\u00e9publique commence lui-m\u00eame \u00e0 douter de la version officielle. \u00ab\u2009C\u2019est un peu troublant\u2009\u00bb, affirme-t-il. Plus l\u2019audience avance, plus des incoh\u00e9rences et des zones d\u2019ombre se dessinent autour du r\u00e9cit des forces de l\u2019ordre. Le procureur souligne par exemple, \u00e0 propos des rapports des policiers\u2009: \u00ab\u2009Ils sont presque identiques. Ils changent de paragraphes au m\u00eame endroit, c\u2019est presque du mot pour mot\u2009\u00bb. La situation est rare, mais le parquet demande finalement la relaxe du pr\u00e9venu.<\/p>\n<p class=\" wall-content\">L\u2019avocat des policiers ne cache pas son d\u00e9sarroi face \u00e0 cette d\u00e9cision. \u00c0 ses yeux, une telle explosion de violence, sans raison apparente, para\u00eet peu cr\u00e9dible de la part de fonctionnaires conscients qu\u2019ils devront ensuite rendre des comptes \u00e0 leur hi\u00e9rarchie. En face, l\u2019avocat du pr\u00e9venu r\u00e9agit vivement\u2009: \u00ab\u2009S\u2019il n\u2019y a pas de t\u00e9moins ou de vid\u00e9os, vous ne les croyez jamais.\u2009\u00bb Il passe ensuite en revue les zones d\u2019ombre du dossier\u2009: pourquoi aller \u00ab\u2009chercher deux coll\u00e8gues\u2009\u00bb alors qu\u2019ils \u00e9taient d\u00e9j\u00e0 cinq dans la voiture\u2009? Et surtout, comment se fait-il qu\u2019aucune vid\u00e9o n\u2019ait pu \u00eatre r\u00e9cup\u00e9r\u00e9e concernant les faits survenus au commissariat\u2009? \u00ab\u2009Je ne vous dis pas ce qu\u2019il s\u2019est pass\u00e9, je vous dis simplement que ce qui est \u00e9crit n\u2019est pas possible\u2009\u00bb, d\u00e9clare l\u2019avocat de la d\u00e9fense.<\/p>\n<p class=\" wall-content\">Finalement, face aux deux r\u00e9cits radicalement oppos\u00e9s, le<b> pr\u00e9venu est relax\u00e9 par le tribunal <\/b>au nom du b\u00e9n\u00e9fice du doute. Lors de l\u2019audience, la possibilit\u00e9 d\u2019un d\u00e9p\u00f4t de plainte de la part de D.N a \u00e9galement \u00e9t\u00e9 \u00e9voqu\u00e9e.<\/p>\n<p class=\" wall-content\">Suivez toute l\u2019actualit\u00e9 de vos villes et m\u00e9dias favoris en vous inscrivant \u00e0 <a href=\"https:\/\/moncompte.actu.fr\" title=\"D\u00e9couvez Mon Actu\" rel=\"nofollow noopener\" data-trk=\"{&quot;cta&quot;:{&quot;action&quot;:&quot;https:\\\/\\\/moncompte.actu.fr&quot;,&quot;category&quot;:&quot;mon compte&quot;,&quot;from&quot;:&quot;article footer&quot;,&quot;name&quot;:&quot;Mon actu&quot;,&quot;type&quot;:&quot;cta&quot;}}\" target=\"_blank\">Mon Actu<\/a>.<\/p>\n","protected":false},"excerpt":{"rendered":"Par Bastien Grossin Publi\u00e9 le 1 ao\u00fbt 2025 \u00e0 12h59 L\u2019affaire semblait banale, presque jou\u00e9e d\u2019avance. D.N, 28&hellip;\n","protected":false},"author":2,"featured_media":288862,"comment_status":"","ping_status":"","sticky":false,"template":"","format":"standard","meta":{"footnotes":""},"categories":[2815],"tags":[1111,11,1777,674,118,1011,27,811,1307,12,2694,25],"class_list":{"0":"post-288861","1":"post","2":"type-post","3":"status-publish","4":"format-standard","5":"has-post-thumbnail","7":"category-lille","8":"tag-actu","9":"tag-actualites","10":"tag-eu","11":"tag-europe","12":"tag-faits-divers","13":"tag-fr","14":"tag-france","15":"tag-hauts-de-france","16":"tag-lille","17":"tag-news","18":"tag-proces","19":"tag-republique-francaise"},"share_on_mastodon":{"url":"https:\/\/pubeurope.com\/@fr\/114953210000498816","error":""},"_links":{"self":[{"href":"https:\/\/www.europesays.com\/fr\/wp-json\/wp\/v2\/posts\/288861","targetHints":{"allow":["GET"]}}],"collection":[{"href":"https:\/\/www.europesays.com\/fr\/wp-json\/wp\/v2\/posts"}],"about":[{"href":"https:\/\/www.europesays.com\/fr\/wp-json\/wp\/v2\/types\/post"}],"author":[{"embeddable":true,"href":"https:\/\/www.europesays.com\/fr\/wp-json\/wp\/v2\/users\/2"}],"replies":[{"embeddable":true,"href":"https:\/\/www.europesays.com\/fr\/wp-json\/wp\/v2\/comments?post=288861"}],"version-history":[{"count":0,"href":"https:\/\/www.europesays.com\/fr\/wp-json\/wp\/v2\/posts\/288861\/revisions"}],"wp:featuredmedia":[{"embeddable":true,"href":"https:\/\/www.europesays.com\/fr\/wp-json\/wp\/v2\/media\/288862"}],"wp:attachment":[{"href":"https:\/\/www.europesays.com\/fr\/wp-json\/wp\/v2\/media?parent=288861"}],"wp:term":[{"taxonomy":"category","embeddable":true,"href":"https:\/\/www.europesays.com\/fr\/wp-json\/wp\/v2\/categories?post=288861"},{"taxonomy":"post_tag","embeddable":true,"href":"https:\/\/www.europesays.com\/fr\/wp-json\/wp\/v2\/tags?post=288861"}],"curies":[{"name":"wp","href":"https:\/\/api.w.org\/{rel}","templated":true}]}}