{"id":288869,"date":"2025-08-01T11:15:10","date_gmt":"2025-08-01T11:15:10","guid":{"rendered":"https:\/\/www.europesays.com\/fr\/288869\/"},"modified":"2025-08-01T11:15:10","modified_gmt":"2025-08-01T11:15:10","slug":"jean-michel-aulas-denonce-le-silence-coupable-de-gregory-doucet-et-bruno-bernard-apres-lepisode-des-vrais-lyonnais","status":"publish","type":"post","link":"https:\/\/www.europesays.com\/fr\/288869\/","title":{"rendered":"Jean-Michel Aulas d\u00e9nonce le silence \u00ab\u00a0coupable\u00a0\u00bb de Gr\u00e9gory Doucet et Bruno Bernard apr\u00e8s l&rsquo;\u00e9pisode des \u00ab\u00a0vrais Lyonnais\u00a0\u00bb"},"content":{"rendered":"<p>Pour avoir r\u00e9alis\u00e9 une tirade sur les \u00ab\u00a0vrais Lyonnais\u00a0\u00bb et donc sous-entendre qu&rsquo;il pourrait y avoir de \u00ab\u00a0faux Lyonnais\u00a0\u00bb \u00e0 l&rsquo;instar du \u00ab\u00a0parisien\u00a0\u00bb <a href=\"https:\/\/www.lyonmag.com\/profil-personnalite-lyonnaise\/504\/gregory-doucet\" target=\"_blank\" rel=\"noopener nofollow\">Gr\u00e9gory Doucet<\/a>, le probable candidat \u00e0 l&rsquo;\u00e9lection municipale 2026 <a href=\"https:\/\/www.lyonmag.com\/article\/145625\/comparaison-aux-heures-sombres-jean-michel-aulas-exige-des-excuses-de-la-metropole-de-lyon-apres-le-derapage-de-fabien-bagnon\" target=\"_blank\" rel=\"noopener nofollow\">s&rsquo;\u00e9tait attir\u00e9 les foudres<\/a> du vice-pr\u00e9sident \u00e9cologiste de la M\u00e9tropole de Lyon. \u00ab\u00a0Quand on commence \u00e0 parler de vrais lyonnais, on en arrive rapidement \u00e0 parler de vrais fran\u00e7ais ou de vrais allemands. D\u00e9cid\u00e9ment Jean-Michel Aulas ratisse tr\u00e8s tr\u00e8s large \u00e0 droite\u00a0\u00bb, \u00e9crivait Fabien Bagnon. Ce que l&rsquo;int\u00e9ress\u00e9 prenait pour une accusation de nazisme&#8230;<\/p>\n<p>Depuis, quelques \u00e9lus des majorit\u00e9s vertes se sont invit\u00e9s \u00e0 la bagarre sur le r\u00e9seau social. Mais Gr\u00e9gory Doucet et <a href=\"https:\/\/www.lyonmag.com\/profil-personnalite-lyonnaise\/518\/bruno-bernard\" target=\"_blank\" rel=\"noopener nofollow\">Bruno Bernard<\/a> se sont tenus \u00e0 l&rsquo;\u00e9cart de cet \u00e9pisode.<\/p>\n<p>Ce que d\u00e9plore Jean-Michel Aulas ce vendredi.<\/p>\n<p>Dans un long texte publi\u00e9, toujours sur X, l&rsquo;ancien pr\u00e9sident de l&rsquo;OL estime que \u00ab\u00a0quand un \u00e9lu s\u2019enfonce sciemment dans le d\u00e9shonneur, se taire n\u2019est plus seulement approuver, c\u2019est applaudir\u00a0\u00bb.<\/p>\n<p>Concr\u00e8tement, il reproche au maire de Lyon et au pr\u00e9sident de la M\u00e9tropole de ne pas avoir rabrou\u00e9 publiquement Fabien Bagnon. Et donc de se r\u00e9fugier derri\u00e8re un \u00ab\u00a0silence coupable\u00a0\u00bb potentiellement approbateur.<\/p>\n<p>\u00ab\u00a0O\u00f9 sont pass\u00e9s ces pr\u00e9tendus h\u00e9ritiers de l\u2019honneur et de la r\u00e9sistance lyonnais, ces dirigeants d\u2019aujourd\u2019hui et ces candidats de demain ? Depuis cinq jours, MM. Doucet et Bernard s\u2019abritent sous un silence l\u00e2che, l\u00e0 o\u00f9 il n\u2019a fallu que 48 heures \u00e0 leur collaborateur pour se vautrer dans l\u2019opprobre. O\u00f9 \u00eates-vous donc, vous qui d\u00e9tenez des mandats qui sont avant tout des titres de responsabilit\u00e9 ? Est-ce l\u2019exercice du pouvoir qui a liquid\u00e9 votre dignit\u00e9, votre courage et votre honneur ? Et o\u00f9 se cachent-ils, les complices de l\u2019ombre qui, par duplicit\u00e9, poursuivent leurs n\u00e9gociations de dispensaire, et deviennent les oblig\u00e9s serviles de l\u2019injure organis\u00e9e ? Leur silence me r\u00e9volte, car il r\u00e9v\u00e8le une triste v\u00e9rit\u00e9 : la peur de perdre leurs privil\u00e8ges d\u2019\u00e9lus justifie tout, jusqu\u2019aux intimidations syst\u00e9matiques dont ils se font une habitude lamentable, \u00e0 mon \u00e9gard comme \u00e0 l\u2019\u00e9gard des Lyonnais et des Lyonnaises\u00a0\u00bb, \u00e9crit encore Jean-Michel Aulas, sous les hourras d&rsquo;un certain Raymond Domenech qui r\u00e9pond adh\u00e9rer \u00ab\u00a0totalement \u00e0 l\u2019id\u00e9e que les politiciens sont au service de leurs \u00e9lecteurs et pas l\u2019inverse\u00a0\u00bb.<\/p>\n<p>\u00ab\u00a0Lyon n\u2019oubliera pas ce silence coupable. Moi non plus\u00a0\u00bb, conclut JMA.<\/p>\n<p>Vivement la rentr\u00e9e de septembre, l&rsquo;officialisation des candidatures et le coup d&rsquo;envoi d&rsquo;une campagne avec des projets et des d\u00e9bats d&rsquo;id\u00e9es.<\/p>\n","protected":false},"excerpt":{"rendered":"Pour avoir r\u00e9alis\u00e9 une tirade sur les \u00ab\u00a0vrais Lyonnais\u00a0\u00bb et donc sous-entendre qu&rsquo;il pourrait y avoir de \u00ab\u00a0faux&hellip;\n","protected":false},"author":2,"featured_media":288870,"comment_status":"","ping_status":"","sticky":false,"template":"","format":"standard","meta":{"footnotes":""},"categories":[1889],"tags":[1111,11,2813,2190,2430,1109,251,1112,2811,1777,674,118,1011,27,1922,1110,1114,2428,2810,12,241,316,25,2812,517,800],"class_list":{"0":"post-288869","1":"post","2":"type-post","3":"status-publish","4":"format-standard","5":"has-post-thumbnail","7":"category-lyon","8":"tag-actu","9":"tag-actualites","10":"tag-article","11":"tag-asvel","12":"tag-auvergne-rhone-alpes","13":"tag-breves","14":"tag-culture","15":"tag-depeches","16":"tag-economique","17":"tag-eu","18":"tag-europe","19":"tag-faits-divers","20":"tag-fr","21":"tag-france","22":"tag-info","23":"tag-informations","24":"tag-infos","25":"tag-lyon","26":"tag-lyonmag","27":"tag-news","28":"tag-ol","29":"tag-politique","30":"tag-republique-francaise","31":"tag-sociale","32":"tag-sport","33":"tag-transports"},"share_on_mastodon":{"url":"https:\/\/pubeurope.com\/@fr\/114953225709540027","error":""},"_links":{"self":[{"href":"https:\/\/www.europesays.com\/fr\/wp-json\/wp\/v2\/posts\/288869","targetHints":{"allow":["GET"]}}],"collection":[{"href":"https:\/\/www.europesays.com\/fr\/wp-json\/wp\/v2\/posts"}],"about":[{"href":"https:\/\/www.europesays.com\/fr\/wp-json\/wp\/v2\/types\/post"}],"author":[{"embeddable":true,"href":"https:\/\/www.europesays.com\/fr\/wp-json\/wp\/v2\/users\/2"}],"replies":[{"embeddable":true,"href":"https:\/\/www.europesays.com\/fr\/wp-json\/wp\/v2\/comments?post=288869"}],"version-history":[{"count":0,"href":"https:\/\/www.europesays.com\/fr\/wp-json\/wp\/v2\/posts\/288869\/revisions"}],"wp:featuredmedia":[{"embeddable":true,"href":"https:\/\/www.europesays.com\/fr\/wp-json\/wp\/v2\/media\/288870"}],"wp:attachment":[{"href":"https:\/\/www.europesays.com\/fr\/wp-json\/wp\/v2\/media?parent=288869"}],"wp:term":[{"taxonomy":"category","embeddable":true,"href":"https:\/\/www.europesays.com\/fr\/wp-json\/wp\/v2\/categories?post=288869"},{"taxonomy":"post_tag","embeddable":true,"href":"https:\/\/www.europesays.com\/fr\/wp-json\/wp\/v2\/tags?post=288869"}],"curies":[{"name":"wp","href":"https:\/\/api.w.org\/{rel}","templated":true}]}}