{"id":288871,"date":"2025-08-01T11:16:11","date_gmt":"2025-08-01T11:16:11","guid":{"rendered":"https:\/\/www.europesays.com\/fr\/288871\/"},"modified":"2025-08-01T11:16:11","modified_gmt":"2025-08-01T11:16:11","slug":"lyon-dans-le-quartier-de-gerland-cet-ancien-agent-sportif-de-lol-prend-les-renes-du-restaurant-argenson","status":"publish","type":"post","link":"https:\/\/www.europesays.com\/fr\/288871\/","title":{"rendered":"Lyon. Dans le quartier de Gerland, cet ancien agent sportif de l&rsquo;OL prend les r\u00eanes du restaurant Argenson"},"content":{"rendered":"<p>Au sein du personnel, ce doit \u00eatre un ouf de soulagement.\u00a0Le restaurant\u00a0Argenson, situ\u00e9 dans le quartier de Gerland (Lyon 7e), avait \u00e9t\u00e9 plac\u00e9 en redressement judiciaire. Mais aujourd\u2019hui, Le Progr\u00e8s apprend la nouvelle\u00a0: celui qui a \u00e9t\u00e9 l\u2019agent sportif de Govou, Diarra, Gonalons ou encore Ben Arfa vient de racheter l\u2019\u00e9tablissement, reconnu depuis 1908 pour sa cuisine traditionnelle et bourgeoise.\u00a0Contact\u00e9 par Le Progr\u00e8s , Fred\u00e9ric Guerra a confirm\u00e9 l\u2019information, indiquant\u00a0: \u00ab\u00a0Je suis actuellement en r\u00e9union avec le personnel\u00a0\u00bb.<\/p>\n<p>Le Lyonnais, qui, en juin, a sorti un livre autobiographique, intitul\u00e9 De l\u2019\u00e9chafaudage \u00e0 la Ligue des champions , va donc tenter de mettre fin \u00e0 la lente descente aux enfers du restaurant, longtemps partenaire de l\u2019Olympique lyonnais, avant que le club rouge et bleu ne parte pour D\u00e9cines.<\/p>\n<p>En mai dernier, sa patronne, Magali Michelon, pointait ce d\u00e9part qui avait fragilis\u00e9 son restaurant mais aussi \u00ab\u00a0la responsabilit\u00e9 du chantier du tram T10, pilot\u00e9 par Sytral Mobilit\u00e9s, faisant du quartier\u00a0une guerre des tranch\u00e9es\u00a0\u00bb. Entra\u00eenant, selon elle, une baisse d\u2019activit\u00e9 n\u2019arrangeant pas ses affaires d\u00e9j\u00e0 mises \u00e0 mal par \u00ab\u00a0la crise sanitaire du Covid, la guerre en Ukraine, l\u2019inflation du co\u00fbt des mati\u00e8res premi\u00e8res\u00a0\u00bb entre autres.<\/p>\n","protected":false},"excerpt":{"rendered":"Au sein du personnel, ce doit \u00eatre un ouf de soulagement.\u00a0Le restaurant\u00a0Argenson, situ\u00e9 dans le quartier de Gerland&hellip;\n","protected":false},"author":2,"featured_media":288872,"comment_status":"","ping_status":"","sticky":false,"template":"","format":"standard","meta":{"footnotes":""},"categories":[1889],"tags":[1111,11,2430,130,1687,33,2757,1777,674,107,1011,27,2428,2756,12,25,2429,216],"class_list":{"0":"post-288871","1":"post","2":"type-post","3":"status-publish","4":"format-standard","5":"has-post-thumbnail","7":"category-lyon","8":"tag-actu","9":"tag-actualites","10":"tag-auvergne-rhone-alpes","11":"tag-consommation","12":"tag-culture-loisirs","13":"tag-economie","14":"tag-edition-lyon-villeurbanne","15":"tag-eu","16":"tag-europe","17":"tag-fil-info","18":"tag-fr","19":"tag-france","20":"tag-lyon","21":"tag-lyon-bassin","22":"tag-news","23":"tag-republique-francaise","24":"tag-rhone","25":"tag-vie-des-entreprises"},"share_on_mastodon":{"url":"https:\/\/pubeurope.com\/@fr\/114953229681892907","error":""},"_links":{"self":[{"href":"https:\/\/www.europesays.com\/fr\/wp-json\/wp\/v2\/posts\/288871","targetHints":{"allow":["GET"]}}],"collection":[{"href":"https:\/\/www.europesays.com\/fr\/wp-json\/wp\/v2\/posts"}],"about":[{"href":"https:\/\/www.europesays.com\/fr\/wp-json\/wp\/v2\/types\/post"}],"author":[{"embeddable":true,"href":"https:\/\/www.europesays.com\/fr\/wp-json\/wp\/v2\/users\/2"}],"replies":[{"embeddable":true,"href":"https:\/\/www.europesays.com\/fr\/wp-json\/wp\/v2\/comments?post=288871"}],"version-history":[{"count":0,"href":"https:\/\/www.europesays.com\/fr\/wp-json\/wp\/v2\/posts\/288871\/revisions"}],"wp:featuredmedia":[{"embeddable":true,"href":"https:\/\/www.europesays.com\/fr\/wp-json\/wp\/v2\/media\/288872"}],"wp:attachment":[{"href":"https:\/\/www.europesays.com\/fr\/wp-json\/wp\/v2\/media?parent=288871"}],"wp:term":[{"taxonomy":"category","embeddable":true,"href":"https:\/\/www.europesays.com\/fr\/wp-json\/wp\/v2\/categories?post=288871"},{"taxonomy":"post_tag","embeddable":true,"href":"https:\/\/www.europesays.com\/fr\/wp-json\/wp\/v2\/tags?post=288871"}],"curies":[{"name":"wp","href":"https:\/\/api.w.org\/{rel}","templated":true}]}}