{"id":288873,"date":"2025-08-01T11:17:10","date_gmt":"2025-08-01T11:17:10","guid":{"rendered":"https:\/\/www.europesays.com\/fr\/288873\/"},"modified":"2025-08-01T11:17:10","modified_gmt":"2025-08-01T11:17:10","slug":"n104-viaducs-de-la4-a6a-les-perturbations-sur-les-routes-dile-de-france-en-aout","status":"publish","type":"post","link":"https:\/\/www.europesays.com\/fr\/288873\/","title":{"rendered":"N104, viaducs de l\u2019A4, A6a\u2026 Les perturbations sur les routes d\u2019\u00cele-de-France en ao\u00fbt"},"content":{"rendered":"<p class=\"paragraph text_align_left lp-f-body-02\">Automobilistes, il va falloir trouver <a href=\"https:\/\/www.leparisien.fr\/info-paris-ile-de-france-oise\/transports\/\" target=\"_blank\" rel=\"noreferrer noopener\">des itin\u00e9raires bis<\/a>. Cet \u00e9t\u00e9, la Direction des routes d\u2019\u00cele-de-France (Dirif) m\u00e8ne de grands travaux sur son r\u00e9seau francilien, profitant d\u2019une baisse de la circulation pendant les vacances. \u00ab Cette p\u00e9riode permet en effet de mener les chantiers avec des restrictions de circulation sur une dur\u00e9e qui ne serait pas envisageable le reste de l\u2019ann\u00e9e du fait de la densit\u00e9 du trafic au quotidien \u00bb, justifie Jacques Salhi, le directeur des routes d\u2019\u00cele-de-France.<\/p>\n<p class=\"paragraph text_align_left lp-f-body-02\">L\u2019objectif principal est de r\u00e9nover, comme chaque ann\u00e9e, environ 6 % du r\u00e9seau routier francilien. Des travaux plus que n\u00e9cessaires, alors que <a href=\"https:\/\/www.leparisien.fr\/info-paris-ile-de-france-oise\/transports\/la-cour-des-comptes-tire-le-signal-dalarme-sur-letat-des-routes-en-ile-de-france-24-06-2025-3K3GCPNPENDSLEVFBI4ECARGKU.php\" target=\"_self\" rel=\"noopener\">la Cour des comptes avait soulign\u00e9 en juin le mauvais \u00e9tat des routes de la r\u00e9gion.<\/a><\/p>\n<p><img decoding=\"async\" class=\"image \" loading=\"lazy\" src=\"https:\/\/www.europesays.com\/fr\/wp-content\/uploads\/2025\/08\/67PKE4LRBVGEZM4XC22DS75GPU.jpg\" alt=\"\" align=\"\" data-rubrique-principale=\"\" data-article-type=\"\" fetchpriority=\"auto\"\/><\/p>\n<p class=\"paragraph text_align_left lp-f-body-02\">Pour ce faire, dix op\u00e9rations sont mises en place pendant ces grands travaux d\u2019\u00e9t\u00e9 pour renouveler pr\u00e8s de 68 km de routes dans les d\u00e9partements des Yvelines, du Val-d\u2019Oise, des Hauts-de-Seine, du Val-de-Marne et de la Seine-et-Marne, pour un co\u00fbt total de 14 millions d\u2019euros.<\/p>\n<p class=\"paragraph text_align_left lp-f-body-02\">\u00ab Ces travaux permettront de s\u00e9curiser la chauss\u00e9e, de r\u00e9duire les risques d\u2019accident, d\u2019am\u00e9liorer la qualit\u00e9 et la durabilit\u00e9 des rev\u00eatements, et de r\u00e9pondre aux exigences environnementales \u00bb, explique la Dirif. Mais cela n\u2019est pas sans cons\u00e9quences sur les d\u00e9placements quotidiens des usagers.<\/p>\n<p>La N104 ferm\u00e9e sur 14 km<\/p>\n<p class=\"paragraph text_align_left lp-f-body-02\">Premi\u00e8re perturbation importante : la fermeture de la N104 entre les communes de Pontault-Combault et \u00c9vry-Gr\u00e9gy-sur-Yerre (Seine-et-Marne). Du 5 au 14 ao\u00fbt, la Francilienne sera coup\u00e9e uniquement dans le sens Paris-province, pour r\u00e9nover la chauss\u00e9e. Cette m\u00eame portion, d\u2019environ 14 km, sera ensuite ferm\u00e9e dans l\u2019autre sens, province-Paris, du 19 au 28 ao\u00fbt. <\/p>\n<p class=\"paragraph text_align_left lp-f-body-02\">Toujours sur la Francilienne, notez la fermeture de quatre des huit bretelles de l\u2019\u00e9changeur entre la N104 et la D316 jusqu\u2019au 19 septembre, en raison de travaux de r\u00e9novation du pont qui supporte la route.<\/p>\n<p>Des panneaux antibruit sur l\u2019A4\/A86<\/p>\n<p class=\"paragraph text_align_left lp-f-body-02\">Entre le 4 et le 13 ao\u00fbt, c\u2019est <a href=\"https:\/\/www.leparisien.fr\/val-de-marne-94\/travaux-sur-la4a86-a-saint-maurice-et-maisons-alfort-le-remplacement-des-panneaux-antibruit-a-commence-25-07-2025-VKUVAJAPYFB75E77CAEZAXFZMY.php\" target=\"_self\" rel=\"noopener\">la pose de nouveaux panneaux antibruit sur les viaducs du tronc commun<\/a> A4\/A86, qui engendre une fermeture au niveau de Maisons-Alfort, Saint-Maurice et Joinville-le-Pont (Val-de-Marne). L\u2019objectif est de r\u00e9duire les nuisances sonores pour les riverains \u00e0 proximit\u00e9 imm\u00e9diate de l\u2019autoroute.<\/p>\n<p>Des bretelles en moins sur l\u2019A6a\/A6b<\/p>\n<p class=\"paragraph text_align_left lp-f-body-02\">Attention \u00e9galement si vous empruntez l\u2019A6a. D\u00e9j\u00e0 ferm\u00e9e depuis le 15 juillet, la bretelle reliant l\u2019A6b \u00e0 l\u2019A6a au niveau de Cachan et Villejuif (Val-de-Marne) ne rouvrira que le 14 ao\u00fbt. La Dirif explique que cela est d\u00fb \u00e0 \u00ab l\u2019affaissement d\u2019une conduite d\u2019assainissement sous la chauss\u00e9e \u00bb qui n\u00e9cessite donc des travaux de r\u00e9novation. Si vous voulez rejoindre Paris, il faudra donc rester sur l\u2019A6a.<\/p>\n<p class=\"paragraph text_align_left lp-f-body-02\">Toujours sur l\u2019A6a, les travaux de r\u00e9novation du viaduc d\u2019Arcueil (Val-de-Marne) vont perturber la circulation. Du 14 ao\u00fbt au 8 septembre, il faudra rouler sur une seule voie dans le sens province-Paris et sur deux voies dans le sens Paris-province.<\/p>\n<p>La N406 bri\u00e8vement interrompue<\/p>\n<p class=\"paragraph text_align_left lp-f-body-02\">Autre fermeture totale, mais limit\u00e9e dans le temps, celle de la N406 dans le sens province-Paris entre Cr\u00e9teil et Boissy-Saint-L\u00e9ger (Val-de-Marne), du 4 au 8 ao\u00fbt. Ensuite, du 18 au 21 ao\u00fbt, c\u2019est le sens Paris-province qui sera concern\u00e9 par cette interruption, pour des travaux de r\u00e9novation de la chauss\u00e9e l\u00e0 encore.<\/p>\n<p>R\u00e9novation de la N14<\/p>\n<p class=\"paragraph text_align_left lp-f-body-02\">La N14 poursuit sa r\u00e9novation, entam\u00e9e en 2023. De fait, une portion de 1,5 km au niveau de Puiseux-Pontoise (Val-d\u2019Oise) est totalement ferm\u00e9e depuis le 28 juillet, et ce jusqu\u2019au 22 ao\u00fbt. Les autorit\u00e9s recommandent un itin\u00e9raire alternatif en passant par la D14.<\/p>\n<p>Le viaduc de V\u00e9lizy toujours en travaux<\/p>\n<p class=\"paragraph text_align_left lp-f-body-02\">Certains travaux se poursuivent, comme la r\u00e9habilitation du viaduc de V\u00e9lizy, long de 280 m. Cons\u00e9quence : la bretelle reliant la N118 \u00e0 l\u2019A86 vers Cr\u00e9teil est toujours ferm\u00e9e jusqu\u2019au 8 ao\u00fbt. Un \u00ab itin\u00e9raire fl\u00e9ch\u00e9 via V\u00e9lizy-Villacoublay facilitera les d\u00e9placements \u00bb vers les principales destinations par l\u2019A4 et l\u2019A6b.<\/p>\n<p class=\"paragraph text_align_left lp-f-body-02\">Il y a tout de m\u00eame certains axes o\u00f9 la circulation est de nouveau possible apr\u00e8s des travaux en juillet. C\u2019est le cas par exemple de <a href=\"https:\/\/www.leparisien.fr\/info-paris-ile-de-france-oise\/transports\/autoroute-a6-la-section-fermee-pour-travaux-rouvre-finalement-ce-mardi-29-juillet-29-07-2025-AZQRFWTJLZCYNGRJK5O7JLSTEI.php\" target=\"_self\" rel=\"noopener\">l\u2019A6, qui a rouvert mardi avec deux jours d\u2019avance,<\/a> ou de la N135.<\/p>\n<p class=\"paragraph text_align_left lp-f-body-02\">Pour toutes ces interruptions du mois d\u2019ao\u00fbt, la Dirif conseille \u00ab d\u2019\u00e9viter les secteurs concern\u00e9s dans la mesure du possible en anticipant vos d\u00e9placements \u00bb. Face aux \u00e9ventuelles perturbations, vous pouvez pr\u00e9parer vos trajets et visualiser les fermetures avec le site et l\u2019application Sytadin. Les autorit\u00e9s appellent \u00e9galement \u00e0 la prudence des automobilistes \u00e0 l\u2019approche d\u2019une zone de chantier, en ralentissant et s\u2019\u00e9cartant au maximum.<\/p>\n","protected":false},"excerpt":{"rendered":"Automobilistes, il va falloir trouver des itin\u00e9raires bis. Cet \u00e9t\u00e9, la Direction des routes d\u2019\u00cele-de-France (Dirif) m\u00e8ne de&hellip;\n","protected":false},"author":2,"featured_media":288874,"comment_status":"","ping_status":"","sticky":false,"template":"","format":"standard","meta":{"footnotes":""},"categories":[1592],"tags":[1111,11,1777,674,1011,27,662,1944,12,626,25,2382],"class_list":{"0":"post-288873","1":"post","2":"type-post","3":"status-publish","4":"format-standard","5":"has-post-thumbnail","7":"category-ile-de-france","8":"tag-actu","9":"tag-actualites","10":"tag-eu","11":"tag-europe","12":"tag-fr","13":"tag-france","14":"tag-ile-de-france","15":"tag-ma-ville","16":"tag-news","17":"tag-paris","18":"tag-republique-francaise","19":"tag-transport-idf-oise"},"share_on_mastodon":{"url":"https:\/\/pubeurope.com\/@fr\/114953233779436676","error":""},"_links":{"self":[{"href":"https:\/\/www.europesays.com\/fr\/wp-json\/wp\/v2\/posts\/288873","targetHints":{"allow":["GET"]}}],"collection":[{"href":"https:\/\/www.europesays.com\/fr\/wp-json\/wp\/v2\/posts"}],"about":[{"href":"https:\/\/www.europesays.com\/fr\/wp-json\/wp\/v2\/types\/post"}],"author":[{"embeddable":true,"href":"https:\/\/www.europesays.com\/fr\/wp-json\/wp\/v2\/users\/2"}],"replies":[{"embeddable":true,"href":"https:\/\/www.europesays.com\/fr\/wp-json\/wp\/v2\/comments?post=288873"}],"version-history":[{"count":0,"href":"https:\/\/www.europesays.com\/fr\/wp-json\/wp\/v2\/posts\/288873\/revisions"}],"wp:featuredmedia":[{"embeddable":true,"href":"https:\/\/www.europesays.com\/fr\/wp-json\/wp\/v2\/media\/288874"}],"wp:attachment":[{"href":"https:\/\/www.europesays.com\/fr\/wp-json\/wp\/v2\/media?parent=288873"}],"wp:term":[{"taxonomy":"category","embeddable":true,"href":"https:\/\/www.europesays.com\/fr\/wp-json\/wp\/v2\/categories?post=288873"},{"taxonomy":"post_tag","embeddable":true,"href":"https:\/\/www.europesays.com\/fr\/wp-json\/wp\/v2\/tags?post=288873"}],"curies":[{"name":"wp","href":"https:\/\/api.w.org\/{rel}","templated":true}]}}