{"id":288877,"date":"2025-08-01T11:19:10","date_gmt":"2025-08-01T11:19:10","guid":{"rendered":"https:\/\/www.europesays.com\/fr\/288877\/"},"modified":"2025-08-01T11:19:10","modified_gmt":"2025-08-01T11:19:10","slug":"liberable-depuis-aujourdhui-un-des-poseurs-de-bombe-dans-le-rer-b-bientot-expulse-vers-lalgerie","status":"publish","type":"post","link":"https:\/\/www.europesays.com\/fr\/288877\/","title":{"rendered":"lib\u00e9rable depuis aujourd&rsquo;hui, un des poseurs de bombe dans le RER B bient\u00f4t expuls\u00e9 vers l&rsquo;Alg\u00e9rie\u00a0?"},"content":{"rendered":"<p>            Par<br \/>\n        <strong><br \/>\n            <a href=\"https:\/\/actu.fr\/auteur\/redaction-paris\" title=\"Consulter tous les articles de R\u00e9daction Paris\" rel=\"nofollow noopener\" target=\"_blank\">R\u00e9daction Paris<\/a><br \/>\n        <\/strong><\/p>\n<p>        Publi\u00e9 le<\/p>\n<p>            1 ao\u00fbt 2025 \u00e0 12h18        <\/p>\n<p>Il est l\u2019un des auteurs de l\u2019attentat du <a href=\"https:\/\/actu.fr\/ile-de-france\/paris_75056\/attentat-du-rer-b-saint-michel-a-paris-une-boucherie-se-souvient-le-premier-medecin-arrive-sur-place_62956415.html\" rel=\"nofollow noopener\" target=\"_blank\">RER B survenu station Saint-Michel en 1995<\/a> \u00e0 <a href=\"https:\/\/actu.fr\/paris\/\" rel=\"nofollow noopener\" target=\"_blank\">Paris<\/a> et pourrait sortir de prison ce vendredi 1er\u00a0ao\u00fbt 2025. <strong>Boualem Bensa\u00efd<\/strong>, l\u2019un des poseurs de la bombe ayant tu\u00e9 huit personnes<strong> devrait sortir de prison ce jour<\/strong>, sous r\u00e9serve qu\u2019il soit expuls\u00e9 vers l\u2019Alg\u00e9rie, a indiqu\u00e9 le minist\u00e8re des Affaires \u00c9trang\u00e8res. \u00ab\u2009Je souhaite vivement\u2009\u00bb que l\u2019Alg\u00e9rie l\u2019accepte, \u00ab\u2009c\u2019est une obligation qui incombe aux autorit\u00e9s alg\u00e9riennes au terme des r\u00e8gles qui r\u00e9gissent notre relation\u2009\u00bb, a indiqu\u00e9 vendredi <strong>Jean-No\u00ebl Barrot<\/strong> sur <a href=\"https:\/\/www.franceinfo.fr\/faits-divers\/terrorisme\/boualem-bensaid-un-des-auteurs-des-attentats-de-1995-en-france-est-liberable-mais-attend-encore-un-laissez-passer-consulaire-pour-son-expulsion-vers-l-algerie_7411006.html\" rel=\"nofollow noopener\" target=\"_blank\">Franceinfo<\/a>.<\/p>\n<p>Condamn\u00e9 \u00e0 la perp\u00e9tuit\u00e9<\/p>\n<p class=\" wall-content\">La cour d\u2019appel de Paris a autoris\u00e9 le 10\u00a0juillet <a href=\"https:\/\/actu.fr\/ile-de-france\/paris_75056\/paris-il-avait-pose-la-bombe-qui-a-explose-dans-le-rer-b-le-terroriste-boualem-bensaid-va-etre-libere_62905488.html\" rel=\"nofollow noopener\" target=\"_blank\">la lib\u00e9ration de cet Alg\u00e9rien, \u00e2g\u00e9 de 57\u00a0ans<\/a>, reconnu notamment coupable d\u2019avoir pos\u00e9 la bombe qui a explos\u00e9 dans le RER B station Saint-Michel le 25\u00a0juillet 1995.. Il avait \u00e9t\u00e9 condamn\u00e9 en 2002 puis en appel en 2003 <strong>\u00e0 la perp\u00e9tuit\u00e9 avec une p\u00e9riode de s\u00fbret\u00e9 de 22\u00a0ans<\/strong>. Cette lib\u00e9ration est soumise \u00e0 une \u00ab\u2009mesure d\u2019\u00e9loignement et sous condition pour le condamn\u00e9 de quitter le territoire fran\u00e7ais et de ne plus y para\u00eetre\u2009\u00bb.<\/p>\n<p>Conflit diplomatique avec l\u2019Alg\u00e9rie<\/p>\n<p class=\" wall-content\">Or, Alger et Paris traversent depuis plus d\u2019un an une profonde crise diplomatique, et Alger rejette notamment<strong> les proc\u00e9dures d\u2019expulsion venant de France<\/strong>. Le ministre fran\u00e7ais de l\u2019Int\u00e9rieur <a href=\"https:\/\/actu.fr\/tag\/bruno-retailleau\" rel=\"nofollow noopener\" target=\"_blank\">Bruno Retailleau<\/a> a affirm\u00e9 le 23\u00a0juillet que 120\u00a0personnes vis\u00e9es par de telles mesures n\u2019ont pas \u00e9t\u00e9 reprises par les autorit\u00e9s alg\u00e9riennes. \u00ab\u2009A ce stade, aucun laisser-passer consulaire n\u2019a \u00e9t\u00e9 sign\u00e9 donc il reste en d\u00e9tention\u2009\u00bb, a indiqu\u00e9 vendredi matin \u00e0 l\u2019AFP une source proche du dossier.<\/p>\n<p class=\" wall-content\">\u00ab\u2009\u00c7a fait des mois qu\u2019Alger n\u2019accepte plus personne de la liste des personnes que la France veut expulser vers l\u2019Alg\u00e9rie. Dans ce cas particulier,<a href=\"https:\/\/actu.fr\/tag\/algerie\" rel=\"nofollow noopener\" target=\"_blank\"> je crois que l\u2019Alg\u00e9rie<\/a> montrerait son sens des responsabilit\u00e9s en reprenant son ressortissant\u2009\u00bb, a ajout\u00e9 M. Barrot, en regrettant que les relations entre les deux pays soient \u00ab\u2009au point mort\u2009\u00bb et en imputant cela aux autorit\u00e9s alg\u00e9riennes. Paris et Alger traversent une crise diplomatique aigu\u00eb, marqu\u00e9e par des expulsions de diplomates de part et d\u2019autre ainsi qu\u2019un gel de toutes les coop\u00e9rations, en particulier migratoire et judiciaire.<\/p>\n<p>Une vague d\u2019attentats<\/p>\n<p class=\" wall-content\">Boualem Bensa\u00efd est consid\u00e9r\u00e9 comme le coordinateur de la vague de six attentats qui ont frapp\u00e9 la France en 1995, revendiqu\u00e9s par le <strong>Groupe islamique arm\u00e9 (GIA) alg\u00e9rien,<\/strong> qui reprochait \u00e0 la France, ancienne puissance coloniale, son \u00ab\u2009soutien\u2009\u00bb au r\u00e9gime d\u2019Alger.<br \/>Son avocat Romain Ruiz a indiqu\u00e9 \u00e0 l\u2019AFP n\u2019avoir aucune nouvelle de sa lib\u00e9ration vendredi matin. Il a estim\u00e9 qu\u2019\u00ab\u2009imputer cette situation aux autorit\u00e9s alg\u00e9riennes est une r\u00e9\u00e9criture de l\u2019Histoire\u2009\u00bb, et qu\u2019elle est \u00ab\u2009tout autant\u2009\u00bb le r\u00e9sultat de la \u00ab\u2009politique irresponsable de Bruno Retailleau\u2009\u00bb, partisan d\u2019une ligne dure avec Alger.<\/p>\n<p class=\" wall-content\">Avec AFP<\/p>\n<p class=\" wall-content\">Suivez toute l\u2019actualit\u00e9 de vos villes et m\u00e9dias favoris en vous inscrivant \u00e0 <a href=\"https:\/\/moncompte.actu.fr\" title=\"D\u00e9couvez Mon Actu\" rel=\"nofollow noopener\" data-trk=\"{&quot;cta&quot;:{&quot;action&quot;:&quot;https:\\\/\\\/moncompte.actu.fr&quot;,&quot;category&quot;:&quot;mon compte&quot;,&quot;from&quot;:&quot;article footer&quot;,&quot;name&quot;:&quot;Mon actu&quot;,&quot;type&quot;:&quot;cta&quot;}}\" target=\"_blank\">Mon Actu<\/a>.<\/p>\n","protected":false},"excerpt":{"rendered":"Par R\u00e9daction Paris Publi\u00e9 le 1 ao\u00fbt 2025 \u00e0 12h18 Il est l\u2019un des auteurs de l\u2019attentat du&hellip;\n","protected":false},"author":2,"featured_media":288878,"comment_status":"","ping_status":"","sticky":false,"template":"","format":"standard","meta":{"footnotes":""},"categories":[1888],"tags":[1111,1928,11,1927,5581,1777,674,118,1011,27,303,12,1926,626,1925,25,17235],"class_list":{"0":"post-288877","1":"post","2":"type-post","3":"status-publish","4":"format-standard","5":"has-post-thumbnail","7":"category-paris","8":"tag-actu","9":"tag-actu-paris","10":"tag-actualites","11":"tag-actualites-paris","12":"tag-attentat","13":"tag-eu","14":"tag-europe","15":"tag-faits-divers","16":"tag-fr","17":"tag-france","18":"tag-justice","19":"tag-news","20":"tag-news-paris","21":"tag-paris","22":"tag-paris-news","23":"tag-republique-francaise","24":"tag-rer-b"},"share_on_mastodon":{"url":"https:\/\/pubeurope.com\/@fr\/114953241650393196","error":""},"_links":{"self":[{"href":"https:\/\/www.europesays.com\/fr\/wp-json\/wp\/v2\/posts\/288877","targetHints":{"allow":["GET"]}}],"collection":[{"href":"https:\/\/www.europesays.com\/fr\/wp-json\/wp\/v2\/posts"}],"about":[{"href":"https:\/\/www.europesays.com\/fr\/wp-json\/wp\/v2\/types\/post"}],"author":[{"embeddable":true,"href":"https:\/\/www.europesays.com\/fr\/wp-json\/wp\/v2\/users\/2"}],"replies":[{"embeddable":true,"href":"https:\/\/www.europesays.com\/fr\/wp-json\/wp\/v2\/comments?post=288877"}],"version-history":[{"count":0,"href":"https:\/\/www.europesays.com\/fr\/wp-json\/wp\/v2\/posts\/288877\/revisions"}],"wp:featuredmedia":[{"embeddable":true,"href":"https:\/\/www.europesays.com\/fr\/wp-json\/wp\/v2\/media\/288878"}],"wp:attachment":[{"href":"https:\/\/www.europesays.com\/fr\/wp-json\/wp\/v2\/media?parent=288877"}],"wp:term":[{"taxonomy":"category","embeddable":true,"href":"https:\/\/www.europesays.com\/fr\/wp-json\/wp\/v2\/categories?post=288877"},{"taxonomy":"post_tag","embeddable":true,"href":"https:\/\/www.europesays.com\/fr\/wp-json\/wp\/v2\/tags?post=288877"}],"curies":[{"name":"wp","href":"https:\/\/api.w.org\/{rel}","templated":true}]}}