{"id":288879,"date":"2025-08-01T11:20:18","date_gmt":"2025-08-01T11:20:18","guid":{"rendered":"https:\/\/www.europesays.com\/fr\/288879\/"},"modified":"2025-08-01T11:20:18","modified_gmt":"2025-08-01T11:20:18","slug":"paris-souhaite-vivement-qualger-accepte-daccueillir-boualem-bensaid-lun-des-auteurs-des-attentats-de-1995","status":"publish","type":"post","link":"https:\/\/www.europesays.com\/fr\/288879\/","title":{"rendered":"Paris souhaite \u00ab\u00a0vivement\u00a0\u00bb qu&rsquo;Alger accepte d&rsquo;accueillir Boualem Bensa\u00efd, l&rsquo;un des auteurs des attentats de 1995"},"content":{"rendered":"<ul class=\"jsx-862013697 ArticleChapo__List\">\n<li class=\"jsx-862013697 ArticleChapo__List_Item flex\">Le ressortissant alg\u00e9rien Boualem Bensa\u00efd, consid\u00e9r\u00e9 comme le coordinateur de la vague de 6 attentats de 1995, peut \u00eatre lib\u00e9r\u00e9 ce vendredi sous r\u00e9serve d&rsquo;\u00eatre expuls\u00e9 en Alg\u00e9rie.<\/li>\n<li class=\"jsx-862013697 ArticleChapo__List_Item flex\">Le chef de la diplomatie fran\u00e7aise, Jean-No\u00ebl Barrot, a estim\u00e9 qu&rsquo;Alger \u00ab\u00a0montrerait son sens des responsabilit\u00e9s\u00a0\u00bb en acceptant de l&rsquo;accueillir.<\/li>\n<li class=\"jsx-862013697 ArticleChapo__List_Item flex\">Mais pour l&rsquo;heure, \u00ab\u00a0aucun laissez-passer consulaire\u00a0\u00bb n&rsquo;a \u00e9t\u00e9 d\u00e9livr\u00e9, a indiqu\u00e9 une source \u00e0 l&rsquo;AFP.<\/li>\n<\/ul>\n<p><a href=\"https:\/\/www.tf1info.fr\/actualite\/crise-diplomatique-entre-la-france-et-l-algerie-boualem-sansal-influenceurs-doualemn-13872\/\" rel=\"noopener\" class=\"jsx-484472199 Link jsx-1428418400 jsx-554215408\" target=\"_blank\"><\/p>\n<p style=\"font-weight:400\" class=\"jsx-1837267516\">Suivez la couverture compl\u00e8te<\/p>\n<p style=\"font-weight:800\" class=\"jsx-1837267516\">Apr\u00e8s un r\u00e9chauffement, le ton remonte d&rsquo;un cran entre Paris et Alger<\/p>\n<p><\/a><\/p>\n<p data-module=\"article-paragraph\" class=\"jsx-3046738180 Paragraph\">Les relations sont glaciales entre les deux capitales, mais Paris esp\u00e8re malgr\u00e9 tout un geste d&rsquo;Alger dans un dossier important. La France souhaite \u00ab\u00a0vivement\u00a0\u00bb que l&rsquo;Alg\u00e9rie accepte <a href=\"https:\/\/www.tf1info.fr\/justice-faits-divers\/attentats-de-1995-rer-saint-michel-gia-algerien-boualem-bensaid-va-etre-remis-en-liberte-apres-30-ans-d-emprisonnement-2382416.html\" target=\"_blank\" rel=\"noopener\">d&rsquo;accueillir Boualem Bensa\u00efd (nouvelle fen\u00eatre)<\/a>, l&rsquo;un des auteurs des attentats de 1995 en France, a d\u00e9clar\u00e9 ce vendredi 1\u1d49\u02b3 ao\u00fbt le ministre fran\u00e7ais des Affaires \u00e9trang\u00e8res, Jean-No\u00ebl Barrot. Ce ressortissant alg\u00e9rien devait \u00eatre lib\u00e9r\u00e9 ce m\u00eame jour, sous r\u00e9serve qu&rsquo;il puisse \u00eatre expuls\u00e9 vers son pays d&rsquo;origine.\u00a0<\/p>\n<p data-module=\"article-paragraph\" class=\"jsx-3046738180 Paragraph Paragraph__End\">\u00ab\u00a0Je souhaite vivement\u00a0\u00bb que l&rsquo;Alg\u00e9rie l&rsquo;accepte, \u00ab\u00a0c&rsquo;est une obligation qui incombe aux autorit\u00e9s alg\u00e9riennes au terme des r\u00e8gles qui r\u00e9gissent notre relation\u00a0\u00bb, a indiqu\u00e9 le chef de la diplomatie <a href=\"https:\/\/x.com\/franceinfo\/status\/1951182604587135200\" target=\"_blank\">sur Franceinfo (nouvelle fen\u00eatre)<\/a>. \u00ab\u00a0Dans ce cas particulier, je crois que l&rsquo;Alg\u00e9rie montrerait son sens des responsabilit\u00e9s en reprenant son ressortissant\u00a0\u00bb, a-t-il ajout\u00e9, regrettant que les relations entre les deux pays soient \u00ab\u00a0au point mort\u00a0\u00bb, et en imputant cela aux autorit\u00e9s alg\u00e9riennes.<\/p>\n<p>Son avocat n&rsquo;a aucune nouvelle de sa lib\u00e9ration<\/p>\n<p data-module=\"article-paragraph\" class=\"jsx-3046738180 Paragraph Paragraph__End\">La cour d&rsquo;appel de Paris a autoris\u00e9 le 10 juillet la lib\u00e9ration de cet Alg\u00e9rien, \u00e2g\u00e9 de 57 ans, reconnu notamment coupable d&rsquo;avoir pos\u00e9 la bombe qui a explos\u00e9 dans le RER B station Saint-Michel le 25 juillet 1995, faisant huit morts et 150 bless\u00e9s. Il est consid\u00e9r\u00e9 comme le coordinateur de la vague de six attentats qui avait alors frapp\u00e9 la France, revendiqu\u00e9e par le Groupe islamique arm\u00e9 (GIA) alg\u00e9rien, qui reprochait \u00e0 la France, ancienne puissance coloniale, son \u00ab\u00a0soutien\u00a0\u00bb au r\u00e9gime d&rsquo;Alger.<\/p>\n<p><a href=\"https:\/\/www.tf1info.fr\/international\/l-algerie-accuse-la-france-d-avoir-viole-la-convention-de-vienne-que-prevoit-ce-traite-2385098.html\" rel=\"noopener\" class=\"jsx-3308031228 Link flex\" target=\"_blank\"><img decoding=\"async\" src=\"https:\/\/www.europesays.com\/fr\/wp-content\/uploads\/2025\/08\/france-algerie-drapeaux-3fdec1-0@1x.jpeg\" alt=\"AFP\" loading=\"lazy\" importance=\"low\" fetchpriority=\"low\" class=\"\" aria-hidden=\"true\"\/><\/p>\n<p class=\"jsx-3657663356 ReadMoreArticle__Title\">Lire aussi<\/p>\n<p class=\"jsx-3657663356\">L&rsquo;Alg\u00e9rie accuse la France d&rsquo;avoir viol\u00e9 la Convention de Vienne : que pr\u00e9voit ce trait\u00e9 ?<\/p>\n<p><\/a><\/p>\n<p data-module=\"article-paragraph\" class=\"jsx-3046738180 Paragraph\">Il avait \u00e9t\u00e9 condamn\u00e9 en 2002 puis en appel en 2003 \u00e0 la perp\u00e9tuit\u00e9 avec une p\u00e9riode de s\u00fbret\u00e9 de vingt-deux ans. Cette lib\u00e9ration est soumise \u00e0 une \u00ab\u00a0mesure d&rsquo;\u00e9loignement et sous condition pour le condamn\u00e9 de quitter le territoire fran\u00e7ais et de ne plus y para\u00eetre\u00a0\u00bb. Toutefois, \u00ab\u00a0\u00e0 ce stade, aucun laissez-passer consulaire n&rsquo;a \u00e9t\u00e9 sign\u00e9, donc il reste en d\u00e9tention\u00a0\u00bb, a indiqu\u00e9 vendredi matin \u00e0 l&rsquo;AFP une source proche du dossier.<\/p>\n<p data-module=\"article-paragraph\" class=\"jsx-3046738180 Paragraph Paragraph__End\">L&rsquo;avocat de Boualem Bensa\u00efd, Romain Ruiz, a indiqu\u00e9 quant \u00e0 lui \u00e0 l&rsquo;agence de presse n&rsquo;avoir aucune nouvelle de sa lib\u00e9ration vendredi matin. Il a estim\u00e9 qu'\u00a0\u00bbimputer cette situation aux autorit\u00e9s alg\u00e9riennes est une r\u00e9\u00e9criture de l&rsquo;Histoire\u00a0\u00bb, et qu&rsquo;elle est \u00ab\u00a0tout autant\u00a0\u00bb le r\u00e9sultat de la \u00ab\u00a0politique irresponsable de Bruno Retailleau\u00a0\u00bb, le ministre de l&rsquo;Int\u00e9rieur, <a href=\"https:\/\/www.tf1info.fr\/politique\/algerie-etat-de-droit-energies-renouvelables-ces-fois-ou-le-ministre-bruno-retailleau-est-sorti-du-rang-2384670.html\" target=\"_blank\" rel=\"noopener\">partisan d&rsquo;une ligne dure avec l&rsquo;Alg\u00e9rie (nouvelle fen\u00eatre)<\/a>.<\/p>\n<p>\u00ab\u00a0Pas de tabou\u00a0\u00bb sur des \u00ab\u00a0mesures restrictives\u00a0\u00bb, mais une \u00ab\u00a0escalade\u00a0\u00bb a priori \u00e9cart\u00e9e<\/p>\n<p data-module=\"article-paragraph\" class=\"jsx-3046738180 Paragraph\">Alger et Paris traversent depuis plus d&rsquo;un an une <a href=\"https:\/\/www.tf1info.fr\/international\/video-boualem-sansal-condamne-cinq-ans-de-prison-en-algerie-pourquoi-derange-t-il-le-gouvernement-algerien-2380291.html\" target=\"_blank\" rel=\"noopener\">profonde crise diplomatique (nouvelle fen\u00eatre)<\/a>, et l&rsquo;Alg\u00e9rie rejette notamment les proc\u00e9dures d&rsquo;expulsion venant de France. Bruno Retailleau a affirm\u00e9 le 23 juillet que 120 personnes vis\u00e9es par de telles mesures n&rsquo;ont pas \u00e9t\u00e9 reprises par les autorit\u00e9s alg\u00e9riennes.\u00a0Le gouvernement avait alors annonc\u00e9 \u00eatre en train de restreindre les conditions de d\u00e9placement en France d&rsquo;un <a href=\"https:\/\/www.tf1info.fr\/international\/algerie-paris-va-restreindre-les-deplacements-d-un-certain-nombre-de-dignitaires-en-france-2384709.html\" target=\"_blank\" rel=\"noopener\">\u00ab\u00a0certain nombre de dignitaires alg\u00e9riens\u00a0\u00bb (nouvelle fen\u00eatre)<\/a>.<\/p>\n<p data-module=\"article-paragraph\" class=\"jsx-3046738180 Paragraph\">Cette crise aigu\u00eb a par ailleurs \u00e9t\u00e9 marqu\u00e9e ces derniers mois par des expulsions de diplomates de part et d&rsquo;autre, ainsi que par un gel de toutes les coop\u00e9rations, en particulier migratoire et judiciaire. Sur Franceinfo, Jean-No\u00ebl Barrot a notamment reproch\u00e9 \u00e0 Alger \u00ab\u00a0la d\u00e9cision tr\u00e8s brutale d&rsquo;expulser <a href=\"https:\/\/www.tf1info.fr\/international\/la-france-va-renvoyer-a-son-tour-des-diplomates-algeriens-apres-l-expulsion-de-fonctionnaires-francais-d-algerie-2370695.html\" target=\"_blank\" rel=\"noopener\">12 agents fran\u00e7ais en poste en Alg\u00e9rie (nouvelle fen\u00eatre)<\/a>\u00a0\u00bb en avril dernier, menant selon lui \u00e0 une relation glaciale \u00ab\u00a0qui n&rsquo;est ni dans l&rsquo;int\u00e9r\u00eat du peuple alg\u00e9rien, ni dans l&rsquo;int\u00e9r\u00eat de la France\u00a0\u00bb.\u00a0<\/p>\n<p data-module=\"article-paragraph\" class=\"jsx-3046738180 Paragraph Paragraph__End\">\u00ab\u00a0Nous n&rsquo;avons pas de tabou s&rsquo;agissant des mesures restrictives prises \u00e0 l&rsquo;encontre des autorit\u00e9s alg\u00e9riennes lorsque les int\u00e9r\u00eats fran\u00e7ais sont en jeu\u00a0\u00bb, a poursuivi le ministre. Mais \u00ab\u00a0il convient de s&rsquo;assurer que nous sommes en capacit\u00e9 de ma\u00eetriser les cons\u00e9quences pour la s\u00e9curit\u00e9 des Fran\u00e7ais d&rsquo;une escalade avec l&rsquo;Alg\u00e9rie\u00a0\u00bb, a-t-il appuy\u00e9.\u00a0<\/p>\n<p>M.L. avec AFP<\/p>\n","protected":false},"excerpt":{"rendered":"Le ressortissant alg\u00e9rien Boualem Bensa\u00efd, consid\u00e9r\u00e9 comme le coordinateur de la vague de 6 attentats de 1995, peut&hellip;\n","protected":false},"author":2,"featured_media":288880,"comment_status":"","ping_status":"","sticky":false,"template":"","format":"standard","meta":{"footnotes":""},"categories":[1888],"tags":[1111,1928,11,1927,15,41228,1921,5581,1777,674,1011,27,1922,2121,41229,12,1926,626,1925,25,133,1920],"class_list":{"0":"post-288879","1":"post","2":"type-post","3":"status-publish","4":"format-standard","5":"has-post-thumbnail","7":"category-paris","8":"tag-actu","9":"tag-actu-paris","10":"tag-actualites","11":"tag-actualites-paris","12":"tag-algerie","13":"tag-apres-un-rechauffement","14":"tag-article-video","15":"tag-attentat","16":"tag-eu","17":"tag-europe","18":"tag-fr","19":"tag-france","20":"tag-info","21":"tag-jean-noel-barrot","22":"tag-le-ton-remonte-dun-cran-entre-paris-et-alger","23":"tag-news","24":"tag-news-paris","25":"tag-paris","26":"tag-paris-news","27":"tag-republique-francaise","28":"tag-video","29":"tag-video-international"},"share_on_mastodon":{"url":"https:\/\/pubeurope.com\/@fr\/114953245525555938","error":""},"_links":{"self":[{"href":"https:\/\/www.europesays.com\/fr\/wp-json\/wp\/v2\/posts\/288879","targetHints":{"allow":["GET"]}}],"collection":[{"href":"https:\/\/www.europesays.com\/fr\/wp-json\/wp\/v2\/posts"}],"about":[{"href":"https:\/\/www.europesays.com\/fr\/wp-json\/wp\/v2\/types\/post"}],"author":[{"embeddable":true,"href":"https:\/\/www.europesays.com\/fr\/wp-json\/wp\/v2\/users\/2"}],"replies":[{"embeddable":true,"href":"https:\/\/www.europesays.com\/fr\/wp-json\/wp\/v2\/comments?post=288879"}],"version-history":[{"count":0,"href":"https:\/\/www.europesays.com\/fr\/wp-json\/wp\/v2\/posts\/288879\/revisions"}],"wp:featuredmedia":[{"embeddable":true,"href":"https:\/\/www.europesays.com\/fr\/wp-json\/wp\/v2\/media\/288880"}],"wp:attachment":[{"href":"https:\/\/www.europesays.com\/fr\/wp-json\/wp\/v2\/media?parent=288879"}],"wp:term":[{"taxonomy":"category","embeddable":true,"href":"https:\/\/www.europesays.com\/fr\/wp-json\/wp\/v2\/categories?post=288879"},{"taxonomy":"post_tag","embeddable":true,"href":"https:\/\/www.europesays.com\/fr\/wp-json\/wp\/v2\/tags?post=288879"}],"curies":[{"name":"wp","href":"https:\/\/api.w.org\/{rel}","templated":true}]}}