{"id":288883,"date":"2025-08-01T11:22:20","date_gmt":"2025-08-01T11:22:20","guid":{"rendered":"https:\/\/www.europesays.com\/fr\/288883\/"},"modified":"2025-08-01T11:22:20","modified_gmt":"2025-08-01T11:22:20","slug":"la-france-espere-que-lalgerie-va-accueillir-boualem-bensaid-liberable-des-ce-1er-aout-liberation","status":"publish","type":"post","link":"https:\/\/www.europesays.com\/fr\/288883\/","title":{"rendered":"la France esp\u00e8re que l\u2019Alg\u00e9rie va accueillir Boualem Bensa\u00efd, lib\u00e9rable d\u00e8s ce 1er\u00a0ao\u00fbt \u2013 Lib\u00e9ration"},"content":{"rendered":"<p class=\"sc-ksZaOG ehjQrN text-element\">Paris souhaite \u00abvivement\u00bb que l\u2019Alg\u00e9rie accepte d\u2019accueillir Boualem Bensa\u00efd, l\u2019un des auteurs des attentats de 1995 en France <a href=\"https:\/\/www.liberation.fr\/societe\/police-justice\/boualem-bensaid-lun-des-auteurs-des-attentats-de-paris-de-1995-sera-remis-en-liberte-et-expulse-le-1er-aout-20250711_6EHZQRYROZFPXNNFC4ZMGHVNTE\/\" target=\"_blank\" rel=\"noopener\" title=\"https:\/\/www.liberation.fr\/societe\/police-justice\/boualem-bensaid-lun-des-auteurs-des-attentats-de-paris-de-1995-sera-remis-en-liberte-et-expulse-le-1er-aout-20250711_6EHZQRYROZFPXNNFC4ZMGHVNTE\/\">lib\u00e9rable ce vendredi 1er ao\u00fbt<\/a>, sous r\u00e9serve qu\u2019il puisse \u00eatre expuls\u00e9 vers son pays d\u2019origine, a d\u00e9clar\u00e9 le ministre fran\u00e7ais des Affaires \u00e9trang\u00e8res, Jean-No\u00ebl Barrot, sur France Info. \u00abC\u2019est une obligation qui incombe aux autorit\u00e9s alg\u00e9riennes au terme des r\u00e8gles qui r\u00e9gissent notre relation\u00bb, a-t-il ajout\u00e9.<\/p>\n<p class=\"sc-ksZaOG ehjQrN text-element\">La cour d\u2019appel de Paris a autoris\u00e9 le 10 juillet la lib\u00e9ration de cet Alg\u00e9rien \u00e2g\u00e9 de 57 ans reconnu notamment coupable d\u2019avoir pos\u00e9 la bombe qui a explos\u00e9 dans <a href=\"https:\/\/www.liberation.fr\/societe\/1995\/07\/26\/l-explosion-d-une-bombe-hier-peu-apres-17h30-dans-une-rame-du-rer-a-la-station-saint-michel-a-fait-4_139181\/\" target=\"_blank\" rel=\"noopener\" title=\"https:\/\/www.liberation.fr\/societe\/1995\/07\/26\/l-explosion-d-une-bombe-hier-peu-apres-17h30-dans-une-rame-du-rer-a-la-station-saint-michel-a-fait-4_139181\/\">le RER B station Saint-Michel le 25 juillet 1995<\/a>, faisant 8 morts et 150 bless\u00e9s. Boualem Bensa\u00efd est \u00e9galement consid\u00e9r\u00e9 comme le coordinateur de la vague de six attentats qui ont frapp\u00e9 la France la m\u00eame ann\u00e9e, revendiqu\u00e9s par le Groupe islamique arm\u00e9 (GIA) alg\u00e9rien, qui reprochait \u00e0 la France, ancienne puissance coloniale, son \u00absoutien\u00bb au r\u00e9gime d\u2019Alger.<\/p>\n<p class=\"sc-ksZaOG ehjQrN text-element\">Il avait \u00e9t\u00e9 condamn\u00e9 en 2002 puis en appel en 2003 \u00e0 la perp\u00e9tuit\u00e9 avec une p\u00e9riode de s\u00fbret\u00e9 de 22 ans. Cette lib\u00e9ration est soumise \u00e0 une \u00abmesure d\u2019\u00e9loignement et sous condition pour le condamn\u00e9 de quitter le territoire fran\u00e7ais et de ne plus y para\u00eetre\u00bb. Or Paris et Alger traversent une crise diplomatique aigu\u00eb depuis plus d\u2019un an, marqu\u00e9e par <a href=\"https:\/\/www.liberation.fr\/international\/lalgerie-annonce-lexpulsion-de-nouveaux-fonctionnaires-francais-20250512_NLRASQOWERASNBUTESNE7IUH24\/\" target=\"_blank\" rel=\"noopener\" title=\"https:\/\/www.liberation.fr\/international\/lalgerie-annonce-lexpulsion-de-nouveaux-fonctionnaires-francais-20250512_NLRASQOWERASNBUTESNE7IUH24\/\">des expulsions de diplomates de part et d\u2019autre<\/a>, ainsi qu\u2019un gel de toutes les coop\u00e9rations en particulier migratoire et judiciaire.<\/p>\n<p class=\"sc-ksZaOG ehjQrN text-element\">Le gouvernement alg\u00e9rien rejette notamment <a href=\"https:\/\/www.liberation.fr\/politique\/ressortissants-algeriens-en-situation-irreguliere-retailleau-menace-de-demissionner-si-la-france-cede-sur-le-dossier-20250315_WVYI5VSQ6JD5HIG6T4R56D5AN4\/\" target=\"_blank\" rel=\"noopener\" title=\"https:\/\/www.liberation.fr\/politique\/ressortissants-algeriens-en-situation-irreguliere-retailleau-menace-de-demissionner-si-la-france-cede-sur-le-dossier-20250315_WVYI5VSQ6JD5HIG6T4R56D5AN4\/\">les proc\u00e9dures d\u2019expulsion venant de France<\/a>, et <a href=\"https:\/\/www.liberation.fr\/politique\/bruno-retailleau-une-ideologie-entre-preche-et-tradition-20241027_J5KR5OF4W5DMVA2EDEG7HHTUJQ\/\" target=\"_blank\" rel=\"noopener\" title=\"https:\/\/www.liberation.fr\/politique\/bruno-retailleau-une-ideologie-entre-preche-et-tradition-20241027_J5KR5OF4W5DMVA2EDEG7HHTUJQ\/\">le ministre fran\u00e7ais de l\u2019Int\u00e9rieur, Bruno Retailleau<\/a>, a affirm\u00e9 le 23 juillet que 120 personnes vis\u00e9es par de telles mesures n\u2019ont pas \u00e9t\u00e9 reprises par l\u2019Alg\u00e9rie. Au sujet de Boualem Bensa\u00efd, \u00abje crois que l\u2019Alg\u00e9rie montrerait son sens des responsabilit\u00e9s en reprenant son ressortissant\u00bb, a soulign\u00e9 Jean-No\u00ebl Barrot, en regrettant que les relations entre les deux pays soient \u00abau point mort\u00bb et en imputant cela aux autorit\u00e9s alg\u00e9riennes.<\/p>\n<p class=\"sc-ksZaOG ehjQrN text-element\">Mais \u00ab\u00e0 ce stade, aucun laissez-passer consulaire n\u2019a \u00e9t\u00e9 sign\u00e9 donc il reste en d\u00e9tention\u00bb, a indiqu\u00e9 ce vendredi matin une source proche du dossier. Son avocat, Romain Ruiz, a indiqu\u00e9 dans la matin\u00e9e n\u2019avoir aucune nouvelle de sa lib\u00e9ration. Il a estim\u00e9 qu\u2019\u00abimputer cette situation aux autorit\u00e9s alg\u00e9riennes est une r\u00e9\u00e9criture de l\u2019histoire\u00bb et qu\u2019elle est \u00abtout autant\u00bb le r\u00e9sultat de la \u00abpolitique irresponsable de Bruno Retailleau\u00bb, partisan d\u2019une ligne dure avec Alger.<\/p>\n","protected":false},"excerpt":{"rendered":"Paris souhaite \u00abvivement\u00bb que l\u2019Alg\u00e9rie accepte d\u2019accueillir Boualem Bensa\u00efd, l\u2019un des auteurs des attentats de 1995 en France&hellip;\n","protected":false},"author":2,"featured_media":288884,"comment_status":"","ping_status":"","sticky":false,"template":"","format":"standard","meta":{"footnotes":""},"categories":[1888],"tags":[11,15,1013,1777,674,1011,27,12,626,25],"class_list":{"0":"post-288883","1":"post","2":"type-post","3":"status-publish","4":"format-standard","5":"has-post-thumbnail","7":"category-paris","8":"tag-actualites","9":"tag-algerie","10":"tag-bruno-retailleau","11":"tag-eu","12":"tag-europe","13":"tag-fr","14":"tag-france","15":"tag-news","16":"tag-paris","17":"tag-republique-francaise"},"share_on_mastodon":{"url":"https:\/\/pubeurope.com\/@fr\/114953253342843458","error":""},"_links":{"self":[{"href":"https:\/\/www.europesays.com\/fr\/wp-json\/wp\/v2\/posts\/288883","targetHints":{"allow":["GET"]}}],"collection":[{"href":"https:\/\/www.europesays.com\/fr\/wp-json\/wp\/v2\/posts"}],"about":[{"href":"https:\/\/www.europesays.com\/fr\/wp-json\/wp\/v2\/types\/post"}],"author":[{"embeddable":true,"href":"https:\/\/www.europesays.com\/fr\/wp-json\/wp\/v2\/users\/2"}],"replies":[{"embeddable":true,"href":"https:\/\/www.europesays.com\/fr\/wp-json\/wp\/v2\/comments?post=288883"}],"version-history":[{"count":0,"href":"https:\/\/www.europesays.com\/fr\/wp-json\/wp\/v2\/posts\/288883\/revisions"}],"wp:featuredmedia":[{"embeddable":true,"href":"https:\/\/www.europesays.com\/fr\/wp-json\/wp\/v2\/media\/288884"}],"wp:attachment":[{"href":"https:\/\/www.europesays.com\/fr\/wp-json\/wp\/v2\/media?parent=288883"}],"wp:term":[{"taxonomy":"category","embeddable":true,"href":"https:\/\/www.europesays.com\/fr\/wp-json\/wp\/v2\/categories?post=288883"},{"taxonomy":"post_tag","embeddable":true,"href":"https:\/\/www.europesays.com\/fr\/wp-json\/wp\/v2\/tags?post=288883"}],"curies":[{"name":"wp","href":"https:\/\/api.w.org\/{rel}","templated":true}]}}