{"id":288885,"date":"2025-08-01T11:23:12","date_gmt":"2025-08-01T11:23:12","guid":{"rendered":"https:\/\/www.europesays.com\/fr\/288885\/"},"modified":"2025-08-01T11:23:12","modified_gmt":"2025-08-01T11:23:12","slug":"les-images-dune-puissante-coulee-de-boue-deferlant-sur-une-ville-du-caucase","status":"publish","type":"post","link":"https:\/\/www.europesays.com\/fr\/288885\/","title":{"rendered":"les images d\u2019une puissante coul\u00e9e de boue d\u00e9ferlant sur une ville du Caucase"},"content":{"rendered":"<p>La ville de Tyrnyaouz en Russie a \u00e9t\u00e9 partiellement ensevelie sous une coul\u00e9e de boue jeudi 31 juillet 2025. Plus de 370 personnes ont \u00e9t\u00e9 \u00e9vacu\u00e9es selon les autorit\u00e9s locales.<\/p>\n<p class=\"fig-paragraph\">Une coul\u00e9e de boue a balay\u00e9 ce jeudi la ville russe de Tyrnyaouz, situ\u00e9e \u00e0 quelques kilom\u00e8tres au nord de la fronti\u00e8re avec la G\u00e9orgie. Des images publi\u00e9es par le minist\u00e8re russe des Situations d\u2019urgence montrent une impressionnante vague de terre d\u00e9ferlant sur cette localit\u00e9 de la r\u00e9publique de Kabardino-Balkarie.<\/p>\n<p class=\"fig-paragraph\">Le porte-parole du minist\u00e8re a rapport\u00e9 l\u2019\u00e9vacuation de 372 personnes \u00e0 titre pr\u00e9ventif en raison du risque d\u2019inondations des maisons \u00e0 proximit\u00e9 du canal emprunt\u00e9 par la coul\u00e9e de boue. Le syst\u00e8me d\u2019approvisionnement en eau a \u00e9t\u00e9 endommag\u00e9, impactant 700 habitations, a encore indiqu\u00e9 le porte-parole. L\u2019approvisionnement en gaz et en \u00e9lectricit\u00e9 n\u2019a pas \u00e9t\u00e9 impact\u00e9.<\/p>\n<p>                                    <a class=\"fig-a11y-skip a11y-hidden\" href=\"#fig-a11y-skip-main-inarticle\"><br \/>\n        Passer la publicit\u00e9<br \/>\n    <\/a><\/p>\n<p>Catastrophe en 2001<\/p>\n<p class=\"fig-paragraph\">Le minist\u00e8re a pr\u00e9cis\u00e9 que tous les services d\u2019urgence ont \u00e9t\u00e9 mis en \u00e9tat d\u2019alerte et que les services routiers entameront le nettoyage de la chauss\u00e9e une fois la situation stabilis\u00e9e.<\/p>\n<p class=\"fig-paragraph\">La ville de\u00a0<a href=\"https:\/\/www.gw2ru.com\/travel\/2947-russias-highest-town\" target=\"_blank\" rel=\"sponsored noopener nofollow\" data-gtm-custom-categorie=\"navigation\" data-gtm-custom-action=\"crossclick\" data-gtm-custom-label=\"Contextuel\" data-gtm-event=\"customEventSPE\">Tyrnyaouz\u00a0<\/a>est situ\u00e9e dans les montagnes du Caucase. Elle jouxte la rivi\u00e8re Baksan, dont le nom peut \u00eatre traduit par \u00abinondation\u00bb. Les coul\u00e9es de boue s\u2019y produisent r\u00e9guli\u00e8rement en \u00e9t\u00e9. En 2001, le ph\u00e9nom\u00e8ne avait \u00e9t\u00e9 particuli\u00e8rement intense, provoquant l\u2019effondrement de b\u00e2timents. Huit personnes avaient trouv\u00e9 la mort et une quarantaine avait \u00e9t\u00e9 port\u00e9e disparues.<\/p>\n","protected":false},"excerpt":{"rendered":"La ville de Tyrnyaouz en Russie a \u00e9t\u00e9 partiellement ensevelie sous une coul\u00e9e de boue jeudi 31 juillet&hellip;\n","protected":false},"author":2,"featured_media":288886,"comment_status":"","ping_status":"","sticky":false,"template":"","format":"standard","meta":{"footnotes":""},"categories":[1591],"tags":[11,4732,1887,12,1885,1886,132],"class_list":{"0":"post-288885","1":"post","2":"type-post","3":"status-publish","4":"format-standard","5":"has-post-thumbnail","7":"category-russie","8":"tag-actualites","9":"tag-catastrophe-naturelle","10":"tag-federation-de-russie","11":"tag-news","12":"tag-russia","13":"tag-russian-federation","14":"tag-russie"},"share_on_mastodon":{"url":"https:\/\/pubeurope.com\/@fr\/114953257224236004","error":""},"_links":{"self":[{"href":"https:\/\/www.europesays.com\/fr\/wp-json\/wp\/v2\/posts\/288885","targetHints":{"allow":["GET"]}}],"collection":[{"href":"https:\/\/www.europesays.com\/fr\/wp-json\/wp\/v2\/posts"}],"about":[{"href":"https:\/\/www.europesays.com\/fr\/wp-json\/wp\/v2\/types\/post"}],"author":[{"embeddable":true,"href":"https:\/\/www.europesays.com\/fr\/wp-json\/wp\/v2\/users\/2"}],"replies":[{"embeddable":true,"href":"https:\/\/www.europesays.com\/fr\/wp-json\/wp\/v2\/comments?post=288885"}],"version-history":[{"count":0,"href":"https:\/\/www.europesays.com\/fr\/wp-json\/wp\/v2\/posts\/288885\/revisions"}],"wp:featuredmedia":[{"embeddable":true,"href":"https:\/\/www.europesays.com\/fr\/wp-json\/wp\/v2\/media\/288886"}],"wp:attachment":[{"href":"https:\/\/www.europesays.com\/fr\/wp-json\/wp\/v2\/media?parent=288885"}],"wp:term":[{"taxonomy":"category","embeddable":true,"href":"https:\/\/www.europesays.com\/fr\/wp-json\/wp\/v2\/categories?post=288885"},{"taxonomy":"post_tag","embeddable":true,"href":"https:\/\/www.europesays.com\/fr\/wp-json\/wp\/v2\/tags?post=288885"}],"curies":[{"name":"wp","href":"https:\/\/api.w.org\/{rel}","templated":true}]}}