{"id":288889,"date":"2025-08-01T11:25:15","date_gmt":"2025-08-01T11:25:15","guid":{"rendered":"https:\/\/www.europesays.com\/fr\/288889\/"},"modified":"2025-08-01T11:25:15","modified_gmt":"2025-08-01T11:25:15","slug":"linde-intensifie-les-discussions-commerciales-avec-les-etats-unis-selon-une-source-gouvernementale","status":"publish","type":"post","link":"https:\/\/www.europesays.com\/fr\/288889\/","title":{"rendered":"L&rsquo;Inde intensifie les discussions commerciales avec les \u00c9tats-Unis, selon une source gouvernementale"},"content":{"rendered":"<p>L&rsquo;Inde est engag\u00e9e dans des discussions commerciales avec les \u00c9tats-Unis apr\u00e8s que Washington a impos\u00e9 un droit de douane de 25\u00a0% sur New Delhi, une mesure susceptible d&rsquo;affecter pr\u00e8s de 40\u00a0milliards de dollars d&rsquo;exportations du pays d&rsquo;Asie du Sud, a indiqu\u00e9 vendredi \u00e0 Reuters une source gouvernementale indienne au fait des n\u00e9gociations.<\/p>\n<p>\nUne d\u00e9l\u00e9gation am\u00e9ricaine est attendue \u00e0 New Delhi plus tard ce mois-ci, a ajout\u00e9 la m\u00eame source.<\/p>\n","protected":false},"excerpt":{"rendered":"L&rsquo;Inde est engag\u00e9e dans des discussions commerciales avec les \u00c9tats-Unis apr\u00e8s que Washington a impos\u00e9 un droit de&hellip;\n","protected":false},"author":2,"featured_media":288890,"comment_status":"","ping_status":"","sticky":false,"template":"","format":"standard","meta":{"footnotes":""},"categories":[1589],"tags":[11,340,73,1866,12,1864,1865,1863,308],"class_list":{"0":"post-288889","1":"post","2":"type-post","3":"status-publish","4":"format-standard","5":"has-post-thumbnail","7":"category-etats-unis","8":"tag-actualites","9":"tag-bourse","10":"tag-etats-unis","11":"tag-etats-unis-damerique","12":"tag-news","13":"tag-united-states","14":"tag-united-states-of-america","15":"tag-us","16":"tag-usa"},"share_on_mastodon":{"url":"https:\/\/pubeurope.com\/@fr\/114953265498557360","error":""},"_links":{"self":[{"href":"https:\/\/www.europesays.com\/fr\/wp-json\/wp\/v2\/posts\/288889","targetHints":{"allow":["GET"]}}],"collection":[{"href":"https:\/\/www.europesays.com\/fr\/wp-json\/wp\/v2\/posts"}],"about":[{"href":"https:\/\/www.europesays.com\/fr\/wp-json\/wp\/v2\/types\/post"}],"author":[{"embeddable":true,"href":"https:\/\/www.europesays.com\/fr\/wp-json\/wp\/v2\/users\/2"}],"replies":[{"embeddable":true,"href":"https:\/\/www.europesays.com\/fr\/wp-json\/wp\/v2\/comments?post=288889"}],"version-history":[{"count":0,"href":"https:\/\/www.europesays.com\/fr\/wp-json\/wp\/v2\/posts\/288889\/revisions"}],"wp:featuredmedia":[{"embeddable":true,"href":"https:\/\/www.europesays.com\/fr\/wp-json\/wp\/v2\/media\/288890"}],"wp:attachment":[{"href":"https:\/\/www.europesays.com\/fr\/wp-json\/wp\/v2\/media?parent=288889"}],"wp:term":[{"taxonomy":"category","embeddable":true,"href":"https:\/\/www.europesays.com\/fr\/wp-json\/wp\/v2\/categories?post=288889"},{"taxonomy":"post_tag","embeddable":true,"href":"https:\/\/www.europesays.com\/fr\/wp-json\/wp\/v2\/tags?post=288889"}],"curies":[{"name":"wp","href":"https:\/\/api.w.org\/{rel}","templated":true}]}}