{"id":288891,"date":"2025-08-01T11:26:15","date_gmt":"2025-08-01T11:26:15","guid":{"rendered":"https:\/\/www.europesays.com\/fr\/288891\/"},"modified":"2025-08-01T11:26:15","modified_gmt":"2025-08-01T11:26:15","slug":"londres-attend-toujours-une-offre-claire-pour-integrer-le-programme-de-financement-de-la-defense-safe-de-lue","status":"publish","type":"post","link":"https:\/\/www.europesays.com\/fr\/288891\/","title":{"rendered":"Londres attend toujours une offre claire pour int\u00e9grer le programme de financement de la d\u00e9fense SAFE de l\u2019UE"},"content":{"rendered":"<p style=\"text-align: left\">Le Royaume-Uni souhaite que ses industriels de la d\u00e9fense aient acc\u00e8s au <a href=\"https:\/\/www.euractiv.fr\/section\/defence\/news\/defense-18-etats-membres-veulent-beneficier-du-programme-de-prets-safe\/\" target=\"_blank\" rel=\"noopener nofollow\">programme europ\u00e9en Security Action for Europe (SAFE)<\/a>, dot\u00e9 de 150 milliards d\u2019euros pour le financement de la d\u00e9fense. Mais malgr\u00e9 des discussions ouvertes au printemps, aucun cadre de participation n\u2019a encore \u00e9t\u00e9 propos\u00e9, et le temps presse pour que Londres puisse en b\u00e9n\u00e9ficier.<\/p>\n<p style=\"text-align: left\">Alors que les discussions semblaient bien engag\u00e9es au printemps, les vacances d\u2019\u00e9t\u00e9 et des d\u00e9saccords politiques internes \u00e0 l\u2019UE ont frein\u00e9 les avanc\u00e9es. Pendant ce temps, les \u00c9tats membres s\u2019activent pour soumettre leurs plans de d\u00e9penses avant la date butoir de novembre, r\u00e9duisant encore la marge de man\u0153uvre pour un accord rapide avec Londres.<\/p>\n<p style=\"text-align: left\">En mai, le chef de la diplomatie britannique David Lammy <a href=\"https:\/\/www.euractiv.fr\/section\/politics\/news\/royaume-uni-ue-un-climat-dapaisement-apres-la-tempete-du-brexit\/\" target=\"_blank\" rel=\"noopener nofollow\">s\u2019\u00e9tait montr\u00e9 optimiste<\/a>, esp\u00e9rant n\u00e9gocier un accord \u00ab\u2009en quelques semaines\u2009\u00bb. Mais fin juillet, il \u00e9tait d\u00e9j\u00e0 clair qu\u2019aucune proposition officielle ne serait formul\u00e9e avant au moins un mois, r\u00e9duisant les chances de n\u00e9gocier des conditions avantageuses dans les temps, ce qui r\u00e9duit le d\u00e9lai dont dispose Londres pour n\u00e9gocier des conditions favorables pour ses entreprises.<\/p>\n<p style=\"text-align: left\">Le temps presse. Les \u00c9tats membres de l\u2019UE doivent soumettre leurs listes de souhaits en mati\u00e8re de march\u00e9s publics avant le 30\u00a0novembre. Si Londres veut que les entreprises britanniques soient prises en consid\u00e9ration, elle doit s\u2019aligner sur ce calendrier.<\/p>\n<p style=\"text-align: left\">Mais les discussions entre \u00c9tats membres sur la nature de l\u2019accord \u00e0 proposer \u00e0 Londres compliquent la donne. Le r\u00e8glement de SAFE pr\u00e9voit en effet qu\u2019un \u00ab\u2009juste \u00e9quilibre\u2009\u00bb soit trouv\u00e9 entre la contribution du Royaume-Uni \u2014 financi\u00e8re et industrielle \u2014 et les b\u00e9n\u00e9fices qu\u2019il tirera du programme.<\/p>\n<p style=\"text-align: left\">Ce \u00ab\u2009juste \u00e9quilibre\u2009\u00bb reste pour l\u2019instant tr\u00e8s flou. Ce que signifie cet \u00e9quilibre dans la pratique est laiss\u00e9 \u00e0 l\u2019interpr\u00e9tation de la Commission europ\u00e9enne et des \u00c9tats membres, ont d\u00e9clar\u00e9 trois diplomates europ\u00e9ens \u00e0 Euractiv.<\/p>\n<p>Les d\u00e9fis<\/p>\n<p style=\"text-align: left\">Le partenariat s\u00e9curit\u00e9-d\u00e9fense sign\u00e9 au printemps entre l\u2019UE et le Royaume-Uni autorise d\u00e9j\u00e0 ce dernier \u00e0 participer aux march\u00e9s publics financ\u00e9s par SAFE. Mais pour l\u2019instant, les entreprises britanniques sont plafonn\u00e9es \u00e0 35\u00a0% de la valeur de chaque projet.<\/p>\n<p style=\"text-align: left\">Un accord compl\u00e9mentaire est donc n\u00e9cessaire pour pr\u00e9ciser les crit\u00e8res d\u2019\u00e9ligibilit\u00e9 des entreprises et fournisseurs britanniques, ainsi que le montant que Londres devra injecter dans le fonds. Deux points politiquement sensibles.<\/p>\n<p style=\"text-align: left\">La France pousse pour une application stricte\u00a0: elle veut que les fonds europ\u00e9ens profitent d\u2019abord aux entreprises bas\u00e9es dans l\u2019Union. \u00c0 l\u2019inverse, l\u2019Allemagne et les Pays-Bas plaident pour une approche plus pragmatique, jugeant que l\u2019int\u00e9gration du Royaume-Uni peut \u00eatre b\u00e9n\u00e9fique pour tous.<\/p>\n<p style=\"text-align: left\">Certaines entreprises, comme Rheinmetall, poss\u00e8dent d\u2019ailleurs d\u00e9j\u00e0 d\u2019importants sites de production outre-Manche, renfor\u00e7ant les arguments en faveur d\u2019un acc\u00e8s britannique.<\/p>\n<p style=\"text-align: left\">La m\u00e9thode de calcul de la contribution financi\u00e8re du Royaume-Uni devrait \u00eatre \u00ab\u2009complexe\u2009\u00bb, a indiqu\u00e9 une autre source europ\u00e9enne. D\u2019une part, il n\u2019existe pas de mod\u00e8le pour calculer la facture, a rappel\u00e9 un fonctionnaire de la Commission europ\u00e9enne.<\/p>\n<p style=\"text-align: left\">Un document interne de la Commission consult\u00e9 par Euractiv, dans lequel Bruxelles s\u2019engage \u00e0 tenir les pays inform\u00e9s pendant les n\u00e9gociations, souligne l\u2019influence consid\u00e9rable que les \u00c9tats membres exerceront sur les n\u00e9gociations.<\/p>\n<p style=\"text-align: left\">Placer le Conseil au centre du processus donne aux gouvernements de l\u2019UE la latitude n\u00e9cessaire pour traiter diff\u00e9remment des pays tiers tels que le Royaume-Uni, le Canada ou la Turquie, a sugg\u00e9r\u00e9 le responsable europ\u00e9en.<\/p>\n<p style=\"text-align: left\">Le Royaume-Uni doit encore surmonter de nombreux obstacles, selon le document interne de la Commission examin\u00e9 par Euractiv. Le d\u00e9fi le plus imm\u00e9diat consiste \u00e0 obtenir l\u2019accord des 27\u00a0\u00c9tats membres de l\u2019UE, non pas une seule fois, mais \u00e0 plusieurs reprises.<\/p>\n<p style=\"text-align: left\">Une majorit\u00e9 qualifi\u00e9e suffit techniquement pour que la Commission entame les n\u00e9gociations sur la base d\u2019un mandat propos\u00e9. Mais dans la pratique, les dossiers relatifs \u00e0 l\u2019industrie de la d\u00e9fense font presque toujours l\u2019objet d\u2019un consensus, en raison de leur nature politiquement sensible. Cela rend les n\u00e9gociations plus lentes et plus complexes.<\/p>\n<p style=\"text-align: left\">Le Parlement europ\u00e9en aura \u00e9galement son mot \u00e0 dire, puisqu\u2019il devra donner son feu vert \u00e0 l\u2019accord final avant qu\u2019il ne soit renvoy\u00e9 au Conseil, o\u00f9 un autre vote \u00e0 l\u2019unanimit\u00e9 sera probablement n\u00e9cessaire.<\/p>\n","protected":false},"excerpt":{"rendered":"Le Royaume-Uni souhaite que ses industriels de la d\u00e9fense aient acc\u00e8s au programme europ\u00e9en Security Action for Europe&hellip;\n","protected":false},"author":2,"featured_media":288892,"comment_status":"","ping_status":"","sticky":false,"template":"","format":"standard","meta":{"footnotes":""},"categories":[1588],"tags":[11,1777,674,12,473,1853,1851,1850,1852],"class_list":{"0":"post-288891","1":"post","2":"type-post","3":"status-publish","4":"format-standard","5":"has-post-thumbnail","7":"category-royaume-uni","8":"tag-actualites","9":"tag-eu","10":"tag-europe","11":"tag-news","12":"tag-royaume-uni","13":"tag-royaume-uni-de-grande-bretagne-et-dirlande-du-nord","14":"tag-uk","15":"tag-united-kingdom","16":"tag-united-kingdom-of-great-britain-and-northern-ireland"},"share_on_mastodon":{"url":"https:\/\/pubeurope.com\/@fr\/114953269004478734","error":""},"_links":{"self":[{"href":"https:\/\/www.europesays.com\/fr\/wp-json\/wp\/v2\/posts\/288891","targetHints":{"allow":["GET"]}}],"collection":[{"href":"https:\/\/www.europesays.com\/fr\/wp-json\/wp\/v2\/posts"}],"about":[{"href":"https:\/\/www.europesays.com\/fr\/wp-json\/wp\/v2\/types\/post"}],"author":[{"embeddable":true,"href":"https:\/\/www.europesays.com\/fr\/wp-json\/wp\/v2\/users\/2"}],"replies":[{"embeddable":true,"href":"https:\/\/www.europesays.com\/fr\/wp-json\/wp\/v2\/comments?post=288891"}],"version-history":[{"count":0,"href":"https:\/\/www.europesays.com\/fr\/wp-json\/wp\/v2\/posts\/288891\/revisions"}],"wp:featuredmedia":[{"embeddable":true,"href":"https:\/\/www.europesays.com\/fr\/wp-json\/wp\/v2\/media\/288892"}],"wp:attachment":[{"href":"https:\/\/www.europesays.com\/fr\/wp-json\/wp\/v2\/media?parent=288891"}],"wp:term":[{"taxonomy":"category","embeddable":true,"href":"https:\/\/www.europesays.com\/fr\/wp-json\/wp\/v2\/categories?post=288891"},{"taxonomy":"post_tag","embeddable":true,"href":"https:\/\/www.europesays.com\/fr\/wp-json\/wp\/v2\/tags?post=288891"}],"curies":[{"name":"wp","href":"https:\/\/api.w.org\/{rel}","templated":true}]}}