{"id":288893,"date":"2025-08-01T11:27:14","date_gmt":"2025-08-01T11:27:14","guid":{"rendered":"https:\/\/www.europesays.com\/fr\/288893\/"},"modified":"2025-08-01T11:27:14","modified_gmt":"2025-08-01T11:27:14","slug":"une-nouvelle-lettre-ouverte-appelle-lallemagne-a-stopper-ses-livraisons-darmes-en-israel","status":"publish","type":"post","link":"https:\/\/www.europesays.com\/fr\/288893\/","title":{"rendered":"Une nouvelle lettre ouverte appelle l\u2019Allemagne \u00e0 stopper ses livraisons d\u2019armes en Isra\u00ebl"},"content":{"rendered":"\n<p>\u201cLe ministre des Affaires \u00e9trang\u00e8res chr\u00e9tien-d\u00e9mocrate, Johann Wadephul, entend se rendre en Isra\u00ebl et en Cisjordanie pendant deux jours. Et \u00e0 J\u00e9rusalem\u00a0et \u00e0 Ramallah, on pr\u00e9voit des discussions sur la catastrophe humanitaire qui se d\u00e9roule \u00e0 Gaza\u201d, <a href=\"https:\/\/www.spiegel.de\/kultur\/gaza-krieg-mehr-als-200-kulturschaffende-fordern-stopp-deutscher-waffenexporte-an-israel-a-08495477-45b1-4415-b8cc-f192f965193c\" target=\"_blank\" rel=\"noopener\">indique <strong>Der Spiegel<\/strong><\/a><strong>. <\/strong>Mais, d\u2019apr\u00e8s l\u2019hebdomadaire centriste, \u201cpour nombre de personnalit\u00e9s allemandes, discuter ne suffit pas\u201d.<\/p>\n<p>Dans une nouvelle lettre ouverte, plus de 200 artistes et personnalit\u00e9s du milieu de la culture ont appel\u00e9 le gouvernement des conservateurs chr\u00e9tiens et des sociaux-d\u00e9mocrates \u00e0 mettre en place des \u201cmesures plus concr\u00e8tes\u201d pour ramener la paix \u00e0 Gaza. Ils proposent notamment de suspendre l\u2019accord d\u2019association entre l\u2019Union europ\u00e9enne (UE) et Isra\u00ebl, et de r\u00e9it\u00e9rer les appels \u00e0 un cessez-le-feu et ainsi qu\u2019\u00e0 laisser passer l\u2019aide humanitaire.<\/p>\n<p>Mais surtout, les signataires de la tribune \u2013 parmi lesquels on compte les artistes Christiane Paul, Daniel Br\u00fchl, J\u00fcrgen Vogel et Shirin David \u2013 demandent l\u2019arr\u00eat des livraisons d\u2019armes allemandes en Isra\u00ebl. S\u2019adressant directement au chancelier chr\u00e9tien-d\u00e9mocrate, <a href=\"https:\/\/www.courrierinternational.com\/sujet\/friedrich-merz\" target=\"_blank\" rel=\"noopener\">Friedrich Merz<\/a>, dont ils estiment qu\u2019il est \u201cl\u2019un des rares \u00e0 pouvoir persuader Isra\u00ebl de changer de cap\u201d, ils \u00e9crivent\u00a0:<\/p>\n<blockquote><p>\u201cVous avez critiqu\u00e9 ouvertement le r\u00e9gime isra\u00e9lien ces derniers jours, et nous sal<\/p><\/blockquote>\n","protected":false},"excerpt":{"rendered":"\u201cLe ministre des Affaires \u00e9trang\u00e8res chr\u00e9tien-d\u00e9mocrate, Johann Wadephul, entend se rendre en Isra\u00ebl et en Cisjordanie pendant deux&hellip;\n","protected":false},"author":2,"featured_media":288894,"comment_status":"","ping_status":"","sticky":false,"template":"","format":"standard","meta":{"footnotes":""},"categories":[1587],"tags":[11,672,4628,1804,27137,1805,1803,1777,674,1801,1892,4629,3257,12,3518,316,1802],"class_list":{"0":"post-288893","1":"post","2":"type-post","3":"status-publish","4":"format-standard","5":"has-post-thumbnail","7":"category-allemagne","8":"tag-actualites","9":"tag-allemagne","10":"tag-bande-de-gaza","11":"tag-bundesrepublik-deutschland","12":"tag-conflit-israu00e9lo-palestinien","13":"tag-de","14":"tag-deutschland","15":"tag-eu","16":"tag-europe","17":"tag-germany","18":"tag-gu00e9opolitique","19":"tag-guerre-israu00ebl-hamas","20":"tag-moyen-orient","21":"tag-news","22":"tag-palestine","23":"tag-politique","24":"tag-republique-federale-dallemagne"},"share_on_mastodon":{"url":"https:\/\/pubeurope.com\/@fr\/114953272985406102","error":""},"_links":{"self":[{"href":"https:\/\/www.europesays.com\/fr\/wp-json\/wp\/v2\/posts\/288893","targetHints":{"allow":["GET"]}}],"collection":[{"href":"https:\/\/www.europesays.com\/fr\/wp-json\/wp\/v2\/posts"}],"about":[{"href":"https:\/\/www.europesays.com\/fr\/wp-json\/wp\/v2\/types\/post"}],"author":[{"embeddable":true,"href":"https:\/\/www.europesays.com\/fr\/wp-json\/wp\/v2\/users\/2"}],"replies":[{"embeddable":true,"href":"https:\/\/www.europesays.com\/fr\/wp-json\/wp\/v2\/comments?post=288893"}],"version-history":[{"count":0,"href":"https:\/\/www.europesays.com\/fr\/wp-json\/wp\/v2\/posts\/288893\/revisions"}],"wp:featuredmedia":[{"embeddable":true,"href":"https:\/\/www.europesays.com\/fr\/wp-json\/wp\/v2\/media\/288894"}],"wp:attachment":[{"href":"https:\/\/www.europesays.com\/fr\/wp-json\/wp\/v2\/media?parent=288893"}],"wp:term":[{"taxonomy":"category","embeddable":true,"href":"https:\/\/www.europesays.com\/fr\/wp-json\/wp\/v2\/categories?post=288893"},{"taxonomy":"post_tag","embeddable":true,"href":"https:\/\/www.europesays.com\/fr\/wp-json\/wp\/v2\/tags?post=288893"}],"curies":[{"name":"wp","href":"https:\/\/api.w.org\/{rel}","templated":true}]}}