{"id":288897,"date":"2025-08-01T11:29:14","date_gmt":"2025-08-01T11:29:14","guid":{"rendered":"https:\/\/www.europesays.com\/fr\/288897\/"},"modified":"2025-08-01T11:29:14","modified_gmt":"2025-08-01T11:29:14","slug":"surtaxes-douanieres-entree-en-vigueur-le-7-aout-pour-lue-le-canada-et-la-suisse-durement-touches","status":"publish","type":"post","link":"https:\/\/www.europesays.com\/fr\/288897\/","title":{"rendered":"Surtaxes douani\u00e8res: entr\u00e9e en vigueur le 7 ao\u00fbt pour l\u2019UE, le Canada et la Suisse durement touch\u00e9s"},"content":{"rendered":"<p class=\"Paragraph_root__xJSDF Paragraph_default-lg-default__txMNQ articleParagraph\">Le pr\u00e9sident am\u00e9ricain Donald Trump a sign\u00e9 le d\u00e9cret fixant le montant des nouvelles surtaxes douani\u00e8res qui toucheront les produits de dizaines de pays, bousculant l\u2019ordre \u00e9conomique mondial avec ces barri\u00e8res commerciales particuli\u00e8rement prohibitives pour le Canada et la Suisse.<\/p>\n<p><a href=\"https:\/\/www.virgule.lu\/granderegion\/ce-qui-change-au-1er-aout-au-luxembourg-en-france-en-belgique-et-en-allemagne\/80493549.html\" class=\"RelatedTeaser_related-teaser__awFnD RelatedTeaser_related-teaser--image__oZDce read-more_withImage__1YJa_\" data-article-id=\"80493549\" rel=\"nofollow noopener\" target=\"_blank\"><\/p>\n<p>Lire aussi :Ce qui change au 1er ao\u00fbt au Luxembourg, en France, en Belgique et en Allemagne<\/p>\n<p><\/a><\/p>\n<p class=\"Paragraph_root__xJSDF Paragraph_default-lg-default__txMNQ articleParagraph\">Certains pays d\u2019Asie, qui redoutaient une facture plus lourde, ont accueilli malgr\u00e9 tout avec des ouf de soulagement vendredi ces nouveaux droits de douane, qui s\u2019ajouteront \u00e0 ceux qui existaient avant le retour de M. Trump au pouvoir.<\/p>\n<p>Le 7 ao\u00fbt pour permettre aux douanes de s\u2019organiser<\/p>\n<p class=\"Paragraph_root__xJSDF Paragraph_default-lg-default__txMNQ articleParagraph\">La Maison Blanche, qui a l\u2019ambition de \u00abrestructurer le commerce mondial au b\u00e9n\u00e9fice des salari\u00e9s am\u00e9ricains\u00bb, a accord\u00e9 un r\u00e9pit de quelques jours. Ces taxes sur les importations prendront effet le 7 ao\u00fbt, et non le 1er ao\u00fbt comme attendu initialement, pour permettre aux douanes de s\u2019organiser pour la collecte, a indiqu\u00e9 un responsable de la Maison Blanche \u00e0 la presse.<\/p>\n<p class=\"Paragraph_root__xJSDF Paragraph_default-lg-default__txMNQ articleParagraph\">Les Bourses asiatiques ont n\u00e9anmoins recul\u00e9 de concert vendredi apr\u00e8s la publication des surtaxes.<\/p>\n<p class=\"Paragraph_root__xJSDF Paragraph_default-lg-default__txMNQ articleParagraph\">Celles-ci menacent, selon les experts, de freiner les \u00e9changes, d\u2019augmenter les co\u00fbts des entreprises et les prix pay\u00e9s par les consommateurs et d&rsquo;entra\u00eener un ralentissement de l\u2019\u00e9conomie mondiale.<\/p>\n<p><a href=\"https:\/\/www.virgule.lu\/international\/les-taxes-douanieres-americaines-erodent-la-rentabilite-d-arcelormittal\/80946996.html\" class=\"RelatedTeaser_related-teaser__awFnD RelatedTeaser_related-teaser--image__oZDce read-more_withImage__1YJa_\" data-article-id=\"80946996\" rel=\"nofollow noopener\" target=\"_blank\"><\/p>\n<p>Lire aussi :Les taxes douani\u00e8res am\u00e9ricaines \u00e9rodent la rentabilit\u00e9 d\u2019ArcelorMittal<\/p>\n<p><\/a><\/p>\n<p class=\"Paragraph_root__xJSDF Paragraph_default-lg-default__txMNQ articleParagraph\">\u00abIl n\u2019y a pas doute: le d\u00e9cret et les accords commerciaux conclus ces derniers mois rompent avec les r\u00e8gles qui r\u00e9gissaient le commerce international depuis la Seconde Guerre mondiale\u00bb, a r\u00e9agi Wendy Cutler, vice-pr\u00e9sidente de l\u2019Asia Society Policy Institute.<\/p>\n<p class=\"Paragraph_root__xJSDF Paragraph_default-lg-default__txMNQ articleParagraph\">Pour certains pays, pas de surprise. La surtaxe affich\u00e9e dans le d\u00e9cret est celle obtenue apr\u00e8s des mois de n\u00e9gociations avec Washington qui a cherch\u00e9 \u00e0 obtenir d\u2019eux le plus de concessions possible, sans subir de repr\u00e9sailles sur les exportations am\u00e9ricaines.<\/p>\n<p class=\"Paragraph_root__xJSDF Paragraph_default-lg-default__txMNQ articleParagraph\"><a class=\"LinkText_root__0Tfta annotation-link_annotationLink__nXU8B\" href=\"https:\/\/www.virgule.lu\/international\/trump-et-von-der-leyen-arrachent-un-accord-l-ue-se-resigne-a-15-de-droits-de-douane\/80221132.html\" target=\"_blank\" rel=\"noFollow nofollow noopener\">L\u2019Union europ\u00e9enne (UE)<\/a>, le Japon ou la Cor\u00e9e du Sud voient ainsi leurs produits \u00eatre tax\u00e9s \u00e0 hauteur de 15%, et le Royaume-Uni de 10%. L\u2019UE a aussi obtenu une exemption pour des secteurs cl\u00e9s.<\/p>\n<p>Un sursis pour le Mexique<\/p>\n<p class=\"Paragraph_root__xJSDF Paragraph_default-lg-default__txMNQ articleParagraph\">Pour d\u2019autres, ce sera la douche froide, comme la Suisse, qui \u00e9cope d\u2019une surtaxe de 39%, bien davantage que ce qui lui avait \u00e9t\u00e9 promis en avril (31%) alors que les autorit\u00e9s helv\u00e9tiques misaient sur les n\u00e9gociations.<\/p>\n<p class=\"Paragraph_root__xJSDF Paragraph_default-lg-default__txMNQ articleParagraph\">Le Canada voit les droits de douane appliqu\u00e9s \u00e0 ses produits passer de 25% \u00e0 35%, sauf s\u2019ils sont couverts par l\u2019accord de libre-\u00e9change entre les trois pays d\u2019Am\u00e9rique du Nord.<\/p>\n<p class=\"Paragraph_root__xJSDF Paragraph_default-lg-default__txMNQ articleParagraph\">Le Canada n\u2019a pas \u00e9t\u00e9 en mesure de coop\u00e9rer afin de r\u00e9duire le flot de fentanyl et autres drogues \u00abentrant aux \u00c9tats-Unis, selon la Maison Blanche, qui reproche aussi \u00e0 Ottawa d\u2019avoir \u00bbpris des mesures de repr\u00e9sailles contre les \u00c9tats-Unis\u00bb.<\/p>\n<p class=\"Paragraph_root__xJSDF Paragraph_default-lg-default__txMNQ articleParagraph\">La plus forte surtaxe concerne la Syrie (41%), suivie du Laos (40%).<\/p>\n<p><a href=\"https:\/\/www.virgule.lu\/international\/le-speculoos-fond-en-bourse-victime-de-la-demande-mondiale-et-de-donald-trump\/79077465.html\" class=\"RelatedTeaser_related-teaser__awFnD RelatedTeaser_related-teaser--image__oZDce read-more_withImage__1YJa_\" data-article-id=\"79077465\" rel=\"nofollow noopener\" target=\"_blank\"><\/p>\n<p>Lire aussi :Le sp\u00e9culoos fond en bourse, victime de la demande mondiale et de Donald Trump<\/p>\n<p><\/a><\/p>\n<p class=\"Paragraph_root__xJSDF Paragraph_default-lg-default__txMNQ articleParagraph\">Plusieurs \u00e9conomies asiatiques, d\u00e9pendantes du march\u00e9 am\u00e9ricain, ont exprim\u00e9 vendredi leur satisfaction de voir que leurs exportations seront touch\u00e9es par une surtaxe inf\u00e9rieure \u00e0 ce que l\u2019ex\u00e9cutif am\u00e9ricain avait brandi au d\u00e9part.<\/p>\n<p class=\"Paragraph_root__xJSDF Paragraph_default-lg-default__txMNQ articleParagraph\">C\u2019est le cas de la Tha\u00eflande, avec 19% contre 36% initialement, qui a salu\u00e9 un \u00absucc\u00e8s majeur\u00bb. Ou encore du Cambodge (avec 19% \u00e9galement contre 49% initialement), qui a \u00e9voqu\u00e9 \u00abla meilleure nouvelle possible\u00bb.<\/p>\n<p class=\"Paragraph_root__xJSDF Paragraph_default-lg-default__txMNQ articleParagraph\">Ta\u00efwan, dont les produits seront touch\u00e9s par 20% de surtaxe, a dit de son c\u00f4t\u00e9 esp\u00e9rer obtenir une baisse suppl\u00e9mentaire apr\u00e8s avoir \u00e9t\u00e9 menac\u00e9 d\u2019un montant sup\u00e9rieur en avril (32%).<\/p>\n<p class=\"Paragraph_root__xJSDF Paragraph_default-lg-default__txMNQ articleParagraph\">Au milieu des nombreuses annonces de la journ\u00e9e de jeudi aux \u00c9tats-Unis, un pays a \u00e9chapp\u00e9 aux foudres douani\u00e8res de Donald Trump. Le Mexique a obtenu un sursis de 90 jours avant une \u00e9ventuelle augmentation de droits de douane.<\/p>\n<p>Risque juridique<\/p>\n<p class=\"Paragraph_root__xJSDF Paragraph_default-lg-default__txMNQ articleParagraph\">L\u2019ex\u00e9cutif am\u00e9ricain a en revanche puni le Br\u00e9sil, plus t\u00f4t dans la semaine. Les produits br\u00e9siliens (hors exceptions) seront frapp\u00e9s par 50% de surtaxe douani\u00e8re \u00e0 l\u2019entr\u00e9e aux \u00c9tats-Unis.<\/p>\n<p class=\"Paragraph_root__xJSDF Paragraph_default-lg-default__txMNQ articleParagraph\">Donald Trump assume d\u2019agir en repr\u00e9sailles contre les poursuites visant l\u2019ex-pr\u00e9sident Jair Bolsonaro, son alli\u00e9 d\u2019extr\u00eame droite, accus\u00e9 d\u2019avoir tent\u00e9 un coup d\u2019\u00c9tat apr\u00e8s sa d\u00e9faite lors de l\u2019\u00e9lection de 2022.<\/p>\n<p><a href=\"https:\/\/www.virgule.lu\/luxembourg\/conflit-douanier-bettel-insiste-sur-le-durcissement-de-la-position-face-a-trump\/77628795.html\" class=\"RelatedTeaser_related-teaser__awFnD RelatedTeaser_related-teaser--image__oZDce read-more_withImage__1YJa_\" data-article-id=\"77628795\" rel=\"nofollow noopener\" target=\"_blank\"><\/p>\n<p>Lire aussi :Conflit douanier: Bettel insiste sur le durcissement de la position face \u00e0 Trump<\/p>\n<p><\/a><\/p>\n<p class=\"Paragraph_root__xJSDF Paragraph_default-lg-default__txMNQ articleParagraph\">Co\u00efncidence du calendrier, une Cour d\u2019appel f\u00e9d\u00e9rale a commenc\u00e9 jeudi \u00e0 Washington \u00e0 examiner un appel devant d\u00e9terminer si Donald Trump a outrepass\u00e9 ses pouvoirs constitutionnels en imposant ces surtaxes sans l\u2019approbation du Congr\u00e8s. Cela concerne les droits de douane universels, c\u2019est-\u00e0-dire ceux qui ne sont pas impos\u00e9s \u00e0 un secteur particulier comme l\u2019automobile ou l\u2019acier.<\/p>\n<p class=\"Paragraph_root__xJSDF Paragraph_default-lg-default__txMNQ articleParagraph\">L\u2019avocat des plaignants, des petites entreprises ainsi qu\u2019une dizaine d\u2019\u00c9tats am\u00e9ricains, a notamment d\u00e9nonc\u00e9 \u00abun accaparement de pouvoir sans pr\u00e9c\u00e9dent de la part d\u2019un pr\u00e9sident en 200 ans\u00bb.<\/p>\n<p class=\"Paragraph_root__xJSDF Paragraph_default-lg-default__txMNQ articleParagraph\">La Maison Blanche a d\u00e9j\u00e0 promis de saisir la Cour supr\u00eame si la d\u00e9cision lui \u00e9tait d\u00e9favorable.<\/p>\n","protected":false},"excerpt":{"rendered":"Le pr\u00e9sident am\u00e9ricain Donald Trump a sign\u00e9 le d\u00e9cret fixant le montant des nouvelles surtaxes douani\u00e8res qui toucheront&hellip;\n","protected":false},"author":2,"featured_media":288898,"comment_status":"","ping_status":"","sticky":false,"template":"","format":"standard","meta":{"footnotes":""},"categories":[1586],"tags":[11,1777,674,1779,1011,27,12,25,1778,364],"class_list":{"0":"post-288897","1":"post","2":"type-post","3":"status-publish","4":"format-standard","5":"has-post-thumbnail","7":"category-europe","8":"tag-actualites","9":"tag-eu","10":"tag-europe","11":"tag-european-union","12":"tag-fr","13":"tag-france","14":"tag-news","15":"tag-republique-francaise","16":"tag-ue","17":"tag-union-europeenne"},"share_on_mastodon":{"url":"https:\/\/pubeurope.com\/@fr\/114953280892434854","error":""},"_links":{"self":[{"href":"https:\/\/www.europesays.com\/fr\/wp-json\/wp\/v2\/posts\/288897","targetHints":{"allow":["GET"]}}],"collection":[{"href":"https:\/\/www.europesays.com\/fr\/wp-json\/wp\/v2\/posts"}],"about":[{"href":"https:\/\/www.europesays.com\/fr\/wp-json\/wp\/v2\/types\/post"}],"author":[{"embeddable":true,"href":"https:\/\/www.europesays.com\/fr\/wp-json\/wp\/v2\/users\/2"}],"replies":[{"embeddable":true,"href":"https:\/\/www.europesays.com\/fr\/wp-json\/wp\/v2\/comments?post=288897"}],"version-history":[{"count":0,"href":"https:\/\/www.europesays.com\/fr\/wp-json\/wp\/v2\/posts\/288897\/revisions"}],"wp:featuredmedia":[{"embeddable":true,"href":"https:\/\/www.europesays.com\/fr\/wp-json\/wp\/v2\/media\/288898"}],"wp:attachment":[{"href":"https:\/\/www.europesays.com\/fr\/wp-json\/wp\/v2\/media?parent=288897"}],"wp:term":[{"taxonomy":"category","embeddable":true,"href":"https:\/\/www.europesays.com\/fr\/wp-json\/wp\/v2\/categories?post=288897"},{"taxonomy":"post_tag","embeddable":true,"href":"https:\/\/www.europesays.com\/fr\/wp-json\/wp\/v2\/tags?post=288897"}],"curies":[{"name":"wp","href":"https:\/\/api.w.org\/{rel}","templated":true}]}}