{"id":288905,"date":"2025-08-01T11:33:11","date_gmt":"2025-08-01T11:33:11","guid":{"rendered":"https:\/\/www.europesays.com\/fr\/288905\/"},"modified":"2025-08-01T11:33:11","modified_gmt":"2025-08-01T11:33:11","slug":"perez-et-pavon-dans-le-top-20-du-1er-tour-du-wyndham-championship-lequipe","status":"publish","type":"post","link":"https:\/\/www.europesays.com\/fr\/288905\/","title":{"rendered":"Perez et Pavon dans le top 20 du 1er tour du Wyndham Championship &#8211; L&#039;\u00c9quipe"},"content":{"rendered":"<ol>\n<li><a href=\"https:\/\/news.google.com\/rss\/articles\/CBMisgFBVV95cUxNZFptSFVUR1hfU05yODNJazhoRGFmOHNXZTlrUktYVnJFelZGTTJoeEZ4X2cxbGYyalhZM0Nxc1ZHaFZ1VHNRQm5KV0N3eDB4YzkxODJDNHpvc0lQbDVCWlEzbGprc2o4X2VpSXFMaVU2dGZpMG83d1ByMEdudWU4Mm4tR3hoeFB3WHkwTDdsUnBkcUhGNFNNUUtuNV9hTG9hRUtOcmtHSnI0T0ZYcktmV1h3?oc=5\" target=\"_blank\" rel=\"nofollow noopener\">Perez et Pavon dans le top 20 du 1er tour du Wyndham Championship<\/a>&nbsp;&nbsp;L&rsquo;\u00c9quipe<\/li>\n<li><a href=\"https:\/\/news.google.com\/rss\/articles\/CBMioAFBVV95cUxNVENnb1RDXzZ4d3Y2b0JXaF9rMmpaRElSYU10NG11cXppRUpZbXNQT2g2V3RiMkRsX2l5VDNuNkRqWkt1YmNmVmxrM0dRZnByd3hoUGxOdnlTVWNsVXhuVFBMSWJqcFdRYmlpZFlnSm51SWY2bjJrYTV2VXJSbzhIeE5nSDh6a1ByYjBEYnhsbG9xeU1DYnRCM2hSZkx1cGs5?oc=5\" target=\"_blank\" rel=\"nofollow noopener\">Golf professionnel : L&rsquo;actu du 28 juillet au 3 ao\u00fbt<\/a>&nbsp;&nbsp;F\u00e9d\u00e9ration fran\u00e7aise de golf (ffgolf)<\/li>\n<li><a href=\"https:\/\/news.google.com\/rss\/articles\/CBMiiAJBVV95cUxOaUNwZ2F0Z1NIMzVld3R0Ui1JQzlrXzFZdEVqZktxUlJscTRTRnZPQnV2ZFp5M3hXRHZ4MGU0QXBsd2EyOS1YeWI2WFllZjRWeWYzaWlucHRaMTE0NUFwcEMtOHN4WW9rbS1jSnN6MHhGUGF1N1NHeXRLRW9udHQ2RGdTM3hCV1RJV2tsbFBRckQzemtyc3lGRllHd3REWWs0dHFPUEZ0clFKS1VQUE5RYmVJR1d5VUJoRlFUYkdBMjRiYkpvVHZxTjZkQkF3MXAyQXVHZC1BbDRfMzRQNlkweUxyU2VkZzNRZWZscUxNUUNoa1VFWUZyeENMQ3NRa2ZvZ1pyZkpHa0M?oc=5\" target=\"_blank\" rel=\"nofollow noopener\">Golf. PGA Tour &#8211; Wyndham Championship : Joel Dahmen aux commandes, Victor Perez, Matthieu Pavon \u00e0 -4<\/a>&nbsp;&nbsp;Ouest-France<\/li>\n<li><a href=\"https:\/\/news.google.com\/rss\/articles\/CBMipAFBVV95cUxPRm1QdmVNSGpXR3NVOXNCOTdjRGU1V3Z5Q25IUm9TYllnSGVIMzVuYWViRjBESHZtSWpaLTVBMTQ5aTN5YXMyeUNSYzRNRHlDOFJJSExmZm94cEFnSDQ2LV83cUdHeXpHU1hyMlNfVlA1Zk5oU2pCdUdGRUNxQmUxb1RRb3dOeEdiNmNyZzh4VG5BczZ0RkNGSDY1WFJ6T2RlZ1p0QQ?oc=5\" target=\"_blank\" rel=\"nofollow noopener\">Les Fran\u00e7ais qualifi\u00e9s pour les Playoffs si\u2026<\/a>&nbsp;&nbsp;Golf Plan\u00e8te<\/li>\n<li><a href=\"https:\/\/news.google.com\/rss\/articles\/CBMi5gFBVV95cUxQelJpNDQ0VDduYTdaeEowVGYyVG5NNi1EVE5xMUtJN2o2Y1hfVllzcHN6cWVhVWxmSWptZ29SbF9RUW9oY05Ccll4aFdtOTQ0YnZLRUVHUEVJYmJ5NGE3SDZzTG9uTWM2XzdjZnBpNzFEc1FISTlFdU5IVjBjdUxpVlhmWGpfdFY4VnBMZ0VURHBpUTVkMnFYdnhEQ1dqSHZwcWRRRERZb1F6UGI3TXRzSllaM3ZrV1BUSnNXWllfNGxSRFluQzNpbWdJRldnd0Y4c2ZKOVVXMkt0dmtadWtIWndiaUU2dw?oc=5\" target=\"_blank\" rel=\"nofollow noopener\">PGA Tour &#8211; Thomas Detry directement en poursuite au Wyndham Championship<\/a>&nbsp;&nbsp;La Libre.be<\/li>\n<\/ol>\n","protected":false},"excerpt":{"rendered":"Perez et Pavon dans le top 20 du 1er tour du Wyndham Championship&nbsp;&nbsp;L&rsquo;\u00c9quipe Golf professionnel : L&rsquo;actu du&hellip;\n","protected":false},"author":2,"featured_media":288906,"comment_status":"","ping_status":"","sticky":false,"template":"","format":"standard","meta":{"footnotes":""},"categories":[1418],"tags":[1011,27,1472,60],"class_list":{"0":"post-288905","1":"post","2":"type-post","3":"status-publish","4":"format-standard","5":"has-post-thumbnail","7":"category-golf","8":"tag-fr","9":"tag-france","10":"tag-golf","11":"tag-sports"},"share_on_mastodon":{"url":"https:\/\/pubeurope.com\/@fr\/114953296436082202","error":""},"_links":{"self":[{"href":"https:\/\/www.europesays.com\/fr\/wp-json\/wp\/v2\/posts\/288905","targetHints":{"allow":["GET"]}}],"collection":[{"href":"https:\/\/www.europesays.com\/fr\/wp-json\/wp\/v2\/posts"}],"about":[{"href":"https:\/\/www.europesays.com\/fr\/wp-json\/wp\/v2\/types\/post"}],"author":[{"embeddable":true,"href":"https:\/\/www.europesays.com\/fr\/wp-json\/wp\/v2\/users\/2"}],"replies":[{"embeddable":true,"href":"https:\/\/www.europesays.com\/fr\/wp-json\/wp\/v2\/comments?post=288905"}],"version-history":[{"count":0,"href":"https:\/\/www.europesays.com\/fr\/wp-json\/wp\/v2\/posts\/288905\/revisions"}],"wp:featuredmedia":[{"embeddable":true,"href":"https:\/\/www.europesays.com\/fr\/wp-json\/wp\/v2\/media\/288906"}],"wp:attachment":[{"href":"https:\/\/www.europesays.com\/fr\/wp-json\/wp\/v2\/media?parent=288905"}],"wp:term":[{"taxonomy":"category","embeddable":true,"href":"https:\/\/www.europesays.com\/fr\/wp-json\/wp\/v2\/categories?post=288905"},{"taxonomy":"post_tag","embeddable":true,"href":"https:\/\/www.europesays.com\/fr\/wp-json\/wp\/v2\/tags?post=288905"}],"curies":[{"name":"wp","href":"https:\/\/api.w.org\/{rel}","templated":true}]}}