{"id":288911,"date":"2025-08-01T11:38:13","date_gmt":"2025-08-01T11:38:13","guid":{"rendered":"https:\/\/www.europesays.com\/fr\/288911\/"},"modified":"2025-08-01T11:38:13","modified_gmt":"2025-08-01T11:38:13","slug":"motogp-2025-mi-saison-honda-domine-toujours-le-classement-des-chutes-meme-sans-marc-marquez-qui-tombe-beaucoup-moins-chez-ducati","status":"publish","type":"post","link":"https:\/\/www.europesays.com\/fr\/288911\/","title":{"rendered":"MotoGP 2025, mi-saison : Honda domine toujours le classement des chutes m\u00eame sans Marc Marquez qui tombe beaucoup moins chez Ducati"},"content":{"rendered":"<p><strong>La premi\u00e8re moiti\u00e9 du championnat MotoGP 2025 a livr\u00e9<br \/>\nson verdict avec son bilan des chutes. Douze Grands Prix, des<br \/>\nsprints et un Marc Marquez en \u00e9tat de gr\u00e2ce sur sa Ducati GP25. Le<br \/>\npilote espagnol caracole en t\u00eate du classement g\u00e9n\u00e9ral avec une<br \/>\navance abyssale, collectionnant les victoires comme les troph\u00e9es\u2026<br \/>\nmais cette fois, en restant (presque) debout.<\/strong><\/p>\n<p>Car en parall\u00e8le du classement officiel, il y a un autre tableau<br \/>\nque les pilotes surveillent de plus ou moins loin : celui des<br \/>\nchutes.<\/p>\n<p>On se souvient d\u2019un <a href=\"https:\/\/www.paddock-gp.com\/motogp-pietro-bagnaia-quand-jai-vu-que-marc-marquez-etait-a-pied-jai-reagi-comme-un-pere-pas-comme-un-fan-ou-un-adversaire-je-lai-ramene\/\" rel=\"nofollow noopener\" target=\"_blank\"><br \/>\n<strong>Marc Marquez<\/strong><\/a> souvent spectaculaire\u2026 et souvent<br \/>\n\u00e0 terre. En 2024, pour sa premi\u00e8re saison sur la <strong>Ducati<br \/>\nGP23<\/strong> du team <strong>Gresini<\/strong>, il avait chut\u00e9<br \/>\n<strong>16<\/strong> fois rien qu\u2019\u00e0 mi-parcours, pour un total de<br \/>\n<strong>24<\/strong> gamelles sur l\u2019ann\u00e9e. Et en 2023, sur la Honda<br \/>\nRC213V, le chiffre \u00e9tait encore plus affolant : <strong>29<\/strong><br \/>\nchutes.<\/p>\n<p>Mais cette saison, le changement est radical. En 2025, avec la<br \/>\nGP25, le prodige de Cervera n\u2019a chut\u00e9 que <strong>8<\/strong> fois<br \/>\napr\u00e8s 12 Grands Prix. Une baisse de <strong>50 %<\/strong> par<br \/>\nrapport \u00e0 la m\u00eame p\u00e9riode l\u2019an dernier.<\/p>\n<p>Mieux encore : il n\u2019est plus le pilote le plus accident\u00e9 du<br \/>\nplateau. Loin de l\u00e0. Malgr\u00e9 un pilotage toujours agressif,<br \/>\n<strong>Marquez<\/strong> semble d\u00e9sormais ma\u00eetriser la b\u00eate rouge,<br \/>\ngr\u00e2ce \u00e0 quelques ajustements subtils dans son style et une <a href=\"https:\/\/www.paddock-gp.com\/motogp-alex-marquez-face-a-un-mur-rouge-pourquoi-ducati-ne-lui-ouvrira-pas-les-portes-de-son-equipe-usine\/\" rel=\"nofollow noopener\" target=\"_blank\"><br \/>\n<strong>Ducati<\/strong><\/a> plus docile que la GP23, notamment au<br \/>\nfreinage. R\u00e9sultat : <strong>8<\/strong> victoires en Grand Prix,<br \/>\n<strong>11<\/strong> en Sprint, et une avance de <a href=\"https:\/\/www.paddock-gp.com\/motogp-brno-championnat-huitieme-victoire-de-la-saison-120-points-davance-marc-marquez-peut-profiter-de-ses-vacances\/\" rel=\"nofollow noopener\" target=\"_blank\"><br \/>\n<strong>120 points<\/strong><\/a> sur son fr\u00e8re Alex. \u00c0 ce rythme,<br \/>\nson neuvi\u00e8me titre mondial pourrait \u00eatre pli\u00e9 bien avant<br \/>\nValence.<\/p>\n<p><img decoding=\"async\" class=\"aligncenter\" src=\"https:\/\/www.europesays.com\/fr\/wp-content\/uploads\/2025\/08\/Marc-Marquez-11-723x482.jpg.webp.webp\" alt=\"MotoGP, Marc Marquez\"\/><\/p>\n<p><strong>Chutes 2025 : un doubl\u00e9<br \/>\nHonda en t\u00eate<\/strong><\/p>\n<p>Si <strong>Marquez<\/strong> a chang\u00e9 de registre,<br \/>\n<strong>Honda<\/strong> reste fid\u00e8le \u00e0 ses travers. Le constructeur<br \/>\njaponais domine malheureusement le classement des chutes, avec<br \/>\n<strong>Johann Zarco<\/strong> et <strong>Joan Mir<\/strong> ex \u00e6quo<br \/>\nen t\u00eate \u00e0 <strong>15<\/strong> accidents chacun. Un triste record<br \/>\nqui illustre la difficult\u00e9 persistante de la RC213V : manque de<br \/>\npuissance, instabilit\u00e9 au freinage et peu de marge \u00e0 l\u2019attaque. Les<br \/>\npilotes n\u2019ont d\u2019autre choix que de prendre tous les risques pour<br \/>\nrester dans le match.<\/p>\n<p>Autre contraste marquant : en queue de peloton, on retrouve<br \/>\n<strong>Fabio Di Giannantonio<\/strong> (VR46), <strong>Miguel<br \/>\nOliveira<\/strong> et <strong>Alex Rins<\/strong> (Yamaha) avec<br \/>\nseulement 3 chutes chacun. De quoi saluer une certaine constance,<br \/>\nsurtout pour Diggia, qui s\u2019est montr\u00e9 impressionnant de ma\u00eetrise au<br \/>\nguidon d\u2019une <strong>Ducati<\/strong> pourtant exigeante.<\/p>\n<p>La tr\u00eave estivale <a href=\"https:\/\/www.motogp.com\/en\" rel=\"nofollow noopener\" target=\"_blank\">MotoGP<\/a><br \/>\ntombe \u00e0 point nomm\u00e9. Elle permettra \u00e0 certains de souffler, \u00e0<br \/>\nd\u2019autres de panser leurs plaies \u2013 et aux ing\u00e9nieurs, surtout chez<br \/>\n<strong>Honda<\/strong>, de repenser leur copie. Rendez-vous mi-ao\u00fbt<br \/>\npour le <strong>Grand Prix d\u2019Autriche<\/strong>, o\u00f9<br \/>\n<strong>Marquez<\/strong> pourrait d\u00e9j\u00e0 commencer \u00e0 \u00e9crire un<br \/>\nnouveau chapitre de sa l\u00e9gende\u2026 en gardant les deux roues au<br \/>\nsol.<\/p>\n<p><img loading=\"lazy\" decoding=\"async\" class=\"aligncenter size-full wp-image-1306494\" src=\"https:\/\/www.europesays.com\/fr\/wp-content\/uploads\/2025\/07\/54c083fa5b7d47b2af4bd7f8e3147594.jpg\" alt=\"chutes\" width=\"750\" height=\"500\"  \/><\/p>\n<p><strong>Voici le classement des chutes MotoGP 2025 (apr\u00e8s 12<br \/>\nGP)\u00a0:<\/strong><\/p>\n<p>Johann Zarco \u2013 Honda \u2013 15<\/p>\n<p>Joan Mir \u2013 Honda \u2013 15<\/p>\n<p>Alex Marquez \u2013 Ducati \u2013 13<\/p>\n<p>Brad Binder \u2013 KTM \u2013 13<\/p>\n<p>Marco Bezzecchi \u2013 Ducati \u2013 12<\/p>\n<p>Jack Miller \u2013 Yamaha \u2013 12<\/p>\n<p>Franco Morbidelli \u2013 Ducati \u2013 12<\/p>\n<p>Ai Ogura \u2013 Aprilia \u2013 11<\/p>\n<p>Pedro Acosta \u2013 KTM \u2013 9<\/p>\n<p>Ferm\u00edn Aldeguer \u2013 Ducati \u2013 9<\/p>\n<p>Marc Marquez \u2013 Ducati \u2013 8<\/p>\n<p>Fabio Quartararo \u2013 Yamaha \u2013 7<\/p>\n<p>Raul Fern\u00e1ndez \u2013 Aprilia \u2013 6<\/p>\n<p>Pecco Bagnaia \u2013 Ducati \u2013 6<\/p>\n<p>Enea Bastianini \u2013 Ducati \u2013 6<\/p>\n<p>Somkiat Chantra \u2013 Honda \u2013 5<\/p>\n<p>Lorenzo Savadori \u2013 Aprilia \u2013 5<\/p>\n<p>Maverick Vi\u00f1ales \u2013 KTM \u2013 5<\/p>\n<p>Augusto Fern\u00e1ndez \u2013 Yamaha \u2013 4<\/p>\n<p>Alex Rins \u2013 Yamaha \u2013 3<\/p>\n<p>Fabio Di Giannantonio \u2013 Ducati \u2013 3<\/p>\n<p>Miguel Oliveira-Yamaha-3<\/p>\n<p>Aleix Espargar\u00f3 \u2013 Honda \u2013 2<\/p>\n<p>Jorge Martin \u2013 Aprilia \u2013 1<\/p>\n<p>Takaaki Nakagami \u2013 Honda \u2013 1<\/p>\n<p>Luca Marini \u2013 Honda \u2013 0<\/p>\n<p>Pol Espargaro \u2013 KTM \u2013 0<\/p>\n<p>\u00a0<\/p>\n<p>\u00a0<\/p>\n","protected":false},"excerpt":{"rendered":"La premi\u00e8re moiti\u00e9 du championnat MotoGP 2025 a livr\u00e9 son verdict avec son bilan des chutes. Douze Grands&hellip;\n","protected":false},"author":2,"featured_media":288912,"comment_status":"","ping_status":"","sticky":false,"template":"","format":"standard","meta":{"footnotes":""},"categories":[1413],"tags":[1011,27,1457,1456,60],"class_list":{"0":"post-288911","1":"post","2":"type-post","3":"status-publish","4":"format-standard","5":"has-post-thumbnail","7":"category-moto","8":"tag-fr","9":"tag-france","10":"tag-moto","11":"tag-motocycle","12":"tag-sports"},"share_on_mastodon":{"url":"https:\/\/pubeurope.com\/@fr\/114953316273778968","error":""},"_links":{"self":[{"href":"https:\/\/www.europesays.com\/fr\/wp-json\/wp\/v2\/posts\/288911","targetHints":{"allow":["GET"]}}],"collection":[{"href":"https:\/\/www.europesays.com\/fr\/wp-json\/wp\/v2\/posts"}],"about":[{"href":"https:\/\/www.europesays.com\/fr\/wp-json\/wp\/v2\/types\/post"}],"author":[{"embeddable":true,"href":"https:\/\/www.europesays.com\/fr\/wp-json\/wp\/v2\/users\/2"}],"replies":[{"embeddable":true,"href":"https:\/\/www.europesays.com\/fr\/wp-json\/wp\/v2\/comments?post=288911"}],"version-history":[{"count":0,"href":"https:\/\/www.europesays.com\/fr\/wp-json\/wp\/v2\/posts\/288911\/revisions"}],"wp:featuredmedia":[{"embeddable":true,"href":"https:\/\/www.europesays.com\/fr\/wp-json\/wp\/v2\/media\/288912"}],"wp:attachment":[{"href":"https:\/\/www.europesays.com\/fr\/wp-json\/wp\/v2\/media?parent=288911"}],"wp:term":[{"taxonomy":"category","embeddable":true,"href":"https:\/\/www.europesays.com\/fr\/wp-json\/wp\/v2\/categories?post=288911"},{"taxonomy":"post_tag","embeddable":true,"href":"https:\/\/www.europesays.com\/fr\/wp-json\/wp\/v2\/tags?post=288911"}],"curies":[{"name":"wp","href":"https:\/\/api.w.org\/{rel}","templated":true}]}}