{"id":288913,"date":"2025-08-01T11:39:31","date_gmt":"2025-08-01T11:39:31","guid":{"rendered":"https:\/\/www.europesays.com\/fr\/288913\/"},"modified":"2025-08-01T11:39:31","modified_gmt":"2025-08-01T11:39:31","slug":"le-pilote-de-formule-1-valtteri-bottas-est-vu-au-volant-dune-hypercar-alfa-romeo-ultra-rare","status":"publish","type":"post","link":"https:\/\/www.europesays.com\/fr\/288913\/","title":{"rendered":"Le pilote de Formule 1 Valtteri Bottas est vu au volant d&rsquo;une hypercar Alfa Romeo ultra-rare. &#8211;"},"content":{"rendered":"<p>Le pilote finlandais de Formule 1 Valtteri Bottas, actuellement pilote de r\u00e9serve chez Mercedes, a r\u00e9cemment \u00e9t\u00e9 rep\u00e9r\u00e9 avec une voiture ultra-rare, une Alfa Romeo 33. On consid\u00e8re que cette hypercar vaut plus de 1,5 million de dollars, car seules 33 voitures ont \u00e9t\u00e9 construites. Et l&rsquo;une d&rsquo;entre elles se trouve dans le garage du collectionneur connu, qui l&rsquo;a d&rsquo;ailleurs aid\u00e9 \u00e0 la tester.<\/p>\n<p>Bottas, qui a pilot\u00e9 pour Alfa Romeo lors de la saison 2022 de F1, entretient toujours des liens \u00e9troits avec le constructeur italien, et en 2024, il l&rsquo;a aid\u00e9 \u00e0 tester la 33 Stradale avant sa sortie d\u00e9finitive, en donnant son avis pour am\u00e9liorer la voiture finale.<\/p>\n<p>Il est donc logique que l&rsquo;une des 33 Stradale jamais produites ait fini entre les mains de Botta. Cette semaine, il a \u00e9t\u00e9 vu en train de la conduire \u00e0 Monaco, ce qui, pour beaucoup, \u00e9tait la premi\u00e8re fois qu&rsquo;ils voyaient la voiture de leurs propres yeux (via <a href=\"https:\/\/www.motorsport.com\/f1\/news\/valtteri-bottas-picks-up-ultra-rare-15-million-alfa-romeo-hypercar-in-monaco\/10746953\/\" target=\"_blank\" rel=\"nofollow noopener\">Motorsport<\/a>).<\/p>\n<blockquote class=\"instagram-media\" data-instgrm-captioned=\"\" data-instgrm-permalink=\"https:\/\/www.instagram.com\/reel\/DMsxwSLT7KE\/?utm_source=ig_web_copy_link\" style=\" background:#FFF; border:0; border-radius:3px; box-shadow:0 0 1px 0 rgba(0,0,0,0.5),0 1px 10px 0 rgba(0,0,0,0.15); margin: 1px; max-width:540px; min-width:290px; padding:0; width:99.375%; width:-webkit-calc(100% - 2px); width:calc(100% - 2px);\"\/>\n<p>Bottas est l&rsquo;un des meilleurs pilotes de F1 de ces derni\u00e8res ann\u00e9es, celui qui a le plus de points en carri\u00e8re, 1 797, sans championnat du monde, ayant remport\u00e9 10 courses, 20 pole positions et 67 podiums depuis 2013.<\/p>\n<p><img loading=\"lazy\" decoding=\"async\" id=\"img-1892123-4426493\" data-fullsize=\"\/media\/64\/afterbeingfired_4426493b.jpg\" data-lazy=\"\" src=\"https:\/\/www.europesays.com\/fr\/wp-content\/uploads\/2025\/08\/afterbeingfired_4426493_650x.jpg\" width=\"650\" onclick=\"if (!window.__cfRLUnblockHandlers) return false; gallery_openmodal('1892123','4426493',false,'15d54085c87a67c0ff3c1f01b1c31eb9');\" height=\"433\" alt=\"Le pilote de Formule 1 Valtteri Bottas est vu au volant d'une hypercar Alfa Romeo ultra-rare.\" class=\"rwd_col_content lazy\" data-cf-modified-f586c5533be9b8c6f254b79a-=\"\"\/>Jay Hirano \/ Shutterstock<script async src=\"\/\/www.instagram.com\/embed.js\"><\/script><\/p>\n","protected":false},"excerpt":{"rendered":"Le pilote finlandais de Formule 1 Valtteri Bottas, actuellement pilote de r\u00e9serve chez Mercedes, a r\u00e9cemment \u00e9t\u00e9 rep\u00e9r\u00e9&hellip;\n","protected":false},"author":2,"featured_media":288914,"comment_status":"","ping_status":"","sticky":false,"template":"","format":"standard","meta":{"footnotes":""},"categories":[1412],"tags":[1451,1452,1453,1454,1455,1011,27,60],"class_list":{"0":"post-288913","1":"post","2":"type-post","3":"status-publish","4":"format-standard","5":"has-post-thumbnail","7":"category-f1","8":"tag-f1","9":"tag-formula-1","10":"tag-formula1","11":"tag-formule-1","12":"tag-formule1","13":"tag-fr","14":"tag-france","15":"tag-sports"},"share_on_mastodon":{"url":"https:\/\/pubeurope.com\/@fr\/114953320118372758","error":""},"_links":{"self":[{"href":"https:\/\/www.europesays.com\/fr\/wp-json\/wp\/v2\/posts\/288913","targetHints":{"allow":["GET"]}}],"collection":[{"href":"https:\/\/www.europesays.com\/fr\/wp-json\/wp\/v2\/posts"}],"about":[{"href":"https:\/\/www.europesays.com\/fr\/wp-json\/wp\/v2\/types\/post"}],"author":[{"embeddable":true,"href":"https:\/\/www.europesays.com\/fr\/wp-json\/wp\/v2\/users\/2"}],"replies":[{"embeddable":true,"href":"https:\/\/www.europesays.com\/fr\/wp-json\/wp\/v2\/comments?post=288913"}],"version-history":[{"count":0,"href":"https:\/\/www.europesays.com\/fr\/wp-json\/wp\/v2\/posts\/288913\/revisions"}],"wp:featuredmedia":[{"embeddable":true,"href":"https:\/\/www.europesays.com\/fr\/wp-json\/wp\/v2\/media\/288914"}],"wp:attachment":[{"href":"https:\/\/www.europesays.com\/fr\/wp-json\/wp\/v2\/media?parent=288913"}],"wp:term":[{"taxonomy":"category","embeddable":true,"href":"https:\/\/www.europesays.com\/fr\/wp-json\/wp\/v2\/categories?post=288913"},{"taxonomy":"post_tag","embeddable":true,"href":"https:\/\/www.europesays.com\/fr\/wp-json\/wp\/v2\/tags?post=288913"}],"curies":[{"name":"wp","href":"https:\/\/api.w.org\/{rel}","templated":true}]}}