{"id":288919,"date":"2025-08-01T11:42:10","date_gmt":"2025-08-01T11:42:10","guid":{"rendered":"https:\/\/www.europesays.com\/fr\/288919\/"},"modified":"2025-08-01T11:42:10","modified_gmt":"2025-08-01T11:42:10","slug":"thierry-ardisson-toujours-la-trouille-michel-boujenah-fait-un-aveu-pas-anodin-sur-lanimateur","status":"publish","type":"post","link":"https:\/\/www.europesays.com\/fr\/288919\/","title":{"rendered":"Thierry Ardisson : \u00ab\u00a0Toujours la trouille&#8230;\u00a0\u00bb, Michel Boujenah fait un aveu pas anodin sur l&rsquo;animateur"},"content":{"rendered":"<p>Directeur artistique du festival de Ramatuelle depuis 18 ans<br \/>\nd\u00e9j\u00e0, Michel Boujenah s\u2019est confi\u00e9 au <a href=\"https:\/\/www.leparisien.fr\/\" rel=\"nofollow noopener\" target=\"_blank\">Parisien<\/a> sur ce<br \/>\nmoment magique de son \u00e9t\u00e9, mais aussi sur <strong>la disparition<br \/>\nr\u00e9cente d\u2019un monument de la t\u00e9l\u00e9vision<\/strong>. <a href=\"https:\/\/www.closermag.fr\/people\/mort-de-thierry-ardisson-jusqua-son-dernier-souffle-sa-femme-audrey-crespo-mara-decrit-ses-derniers-instants-3563578\" rel=\"noopener\" target=\"_blank\">Thierry Ardisson<\/a> est mort le 14 juillet dernier \u00e2g\u00e9 de<br \/>\n76 ans apr\u00e8s avoir lutt\u00e9 contre un cancer du foie. De son vivant,<br \/>\nil a marqu\u00e9 de nombreuses personnalit\u00e9s, et Michel Boujenah ne fait<br \/>\npas exception.<\/p>\n<p>\u00ab\u00a0Ce dont je me souviens, c\u2019est que j\u2019avais toujours la<br \/>\ntrouille d\u2019y aller. Je ne savais pas \u00e0 quelle sauce il allait me<br \/>\nmanger, on ne savait jamais sur quel pied on allait danser ni<br \/>\nquelle danse il proposerait\u00a0\u00bb se souvient le <a href=\"https:\/\/www.closermag.fr\/people\/michel-boujenah-drogue-cette-addiction-surrealiste-qui-lui-gache-sa-vie-et-son-argent-1686600#item=1\" target=\"_blank\" rel=\"noopener\"><br \/>\ncom\u00e9dien<\/a>. Et d\u2019ajouter : \u00ab\u00a0C\u2019\u00e9tait vraiment l\u2019homme en noir,<br \/>\n<strong>Ardisson ne d\u00e9connait pas quand il vous rentrait<br \/>\ndedans<\/strong>, il provoquait vraiment\u00a0\u00bb. Des moments qui sont<br \/>\nbeaucoup ressortis apr\u00e8s ses <a href=\"https:\/\/www.closermag.fr\/people\/thierry-ardisson-une-absence-de-taille-a-ses-obseques-la-raison-derriere-ce-faux-bond-est-poignante-3566501\" rel=\"noopener\" target=\"_blank\">obs\u00e8ques<\/a>, qu\u2019il avait d\u2019ailleurs planifi\u00e9es \u00e9galement<br \/>\navec autant d\u2019attention qu\u2019il organisait le reste de sa vie.<\/p>\n<p>Michel Boujenah\u00a0: il raconte un souvenir avec Thierry<br \/>\nArdisson<\/p>\n<p>Questionn\u00e9 sur un souvenir en particulier, <a href=\"https:\/\/www.closermag.fr\/people\/michel-boujenah-jamais-jaurais-du-y-aller-ce-voyage-que-lacteur-a-prefere-effacer-de-sa-memoire-3538281\" target=\"_blank\" rel=\"noopener\"><br \/>\nMichel Boujenah<\/a> se souvient d\u2019une fois o\u00f9 il \u00e9tait revenu sur<br \/>\nun attentat alors qu\u2019il \u00e9tait pr\u00e9sent sur le plateau de Thierry<br \/>\nArdisson. Une situation d\u00e9licate qui l\u2019avait impressionn\u00e9. \u00ab\u00a0Je<br \/>\nme suis retrouv\u00e9 \u00e0 en parler, \u00e7a m\u2019avait boulevers\u00e9. Et mon<br \/>\nprobl\u00e8me, c\u2019est que sous le coup de l\u2019\u00e9motion, je peux dire des<br \/>\nchoses que je ne pense pas vraiment\u2026 \u00c7a m\u2019est arriv\u00e9 plus d\u2019une<br \/>\nfois. <strong>On demande toujours aux artistes leur avis, mais on<br \/>\nne sait pas tout.<\/strong> Je ne suis ni un homme politique, ni un<br \/>\nexpert du Moyen-Orient, de l\u2019Ukraine ou d\u2019ailleurs\u00a0\u00bb<br \/>\ncommence-t-il par expliquer.<\/p>\n<p>Et c\u2019est souvent pour \u00e7a que Thierry Ardisson cherchait la<br \/>\npetite b\u00eate. <strong>\u00ab\u00a0Il d\u00e9stabilisait tout le monde. Il \u00e9tait<br \/>\ntr\u00e8s fort pour \u00e7a.<\/strong> Et il connaissait des trucs sur chacun<br \/>\nde nous, j\u2019\u00e9tais sur le cul\u00a0\u00bb confie le com\u00e9dien. En plus de<br \/>\n<a href=\"https:\/\/www.closermag.fr\/people\/thierry-ardisson-en-larmes-sur-son-lit-dhopital-ce-moment-intime-capture-par-audrey-crespo-mara-3564503\" target=\"_blank\" rel=\"noopener\"><br \/>\nl\u2019animateur<\/a> r\u00e9cemment d\u00e9c\u00e9d\u00e9, Michel Boujenah a donc expliqu\u00e9<br \/>\nque les artistes ne sont pas forc\u00e9ment bien plac\u00e9s pour donner<br \/>\npubliquement leur opinion sur l\u2019actualit\u00e9.<\/p>\n<p>Le com\u00e9dien prudent sur les r\u00e9seaux<br \/>\nsociaux<\/p>\n<p>C\u2019est notamment pour cela qu\u2019il est de plus en plus prudent.<br \/>\n\u00ab\u00a0Je fais attention bien s\u00fbr, j\u2019ai des enfants, je pense \u00e0 eux,<br \/>\n\u00e0 les prot\u00e9ger de la m\u00e9chancet\u00e9 des hommes. J\u2019ai tellement pris ces<br \/>\nderniers temps sur les r\u00e9seaux. (\u2026) Alors voil\u00e0, aujourd\u2019hui je<br \/>\nn\u2019aspire qu\u2019\u00e0 la paix\u2026\u00a0\u00bb. Un \u00e9tat d\u2019esprit qu\u2019il pourra<br \/>\nentretenir en se divertissant au <strong>festival de Ramatuelle qui<br \/>\nse d\u00e9roule du 1er au 12 ao\u00fbt<\/strong> dans le Var.<\/p>\n","protected":false},"excerpt":{"rendered":"Directeur artistique du festival de Ramatuelle depuis 18 ans d\u00e9j\u00e0, Michel Boujenah s\u2019est confi\u00e9 au Parisien sur ce&hellip;\n","protected":false},"author":2,"featured_media":288920,"comment_status":"","ping_status":"","sticky":false,"template":"","format":"standard","meta":{"footnotes":""},"categories":[1359],"tags":[548,58,59,1011,27,973,10058],"class_list":{"0":"post-288919","1":"post","2":"type-post","3":"status-publish","4":"format-standard","5":"has-post-thumbnail","7":"category-people","8":"tag-article-simple","9":"tag-divertissement","10":"tag-entertainment","11":"tag-fr","12":"tag-france","13":"tag-people","14":"tag-thierry-ardisson"},"share_on_mastodon":{"url":"https:\/\/pubeurope.com\/@fr\/114953331833966212","error":""},"_links":{"self":[{"href":"https:\/\/www.europesays.com\/fr\/wp-json\/wp\/v2\/posts\/288919","targetHints":{"allow":["GET"]}}],"collection":[{"href":"https:\/\/www.europesays.com\/fr\/wp-json\/wp\/v2\/posts"}],"about":[{"href":"https:\/\/www.europesays.com\/fr\/wp-json\/wp\/v2\/types\/post"}],"author":[{"embeddable":true,"href":"https:\/\/www.europesays.com\/fr\/wp-json\/wp\/v2\/users\/2"}],"replies":[{"embeddable":true,"href":"https:\/\/www.europesays.com\/fr\/wp-json\/wp\/v2\/comments?post=288919"}],"version-history":[{"count":0,"href":"https:\/\/www.europesays.com\/fr\/wp-json\/wp\/v2\/posts\/288919\/revisions"}],"wp:featuredmedia":[{"embeddable":true,"href":"https:\/\/www.europesays.com\/fr\/wp-json\/wp\/v2\/media\/288920"}],"wp:attachment":[{"href":"https:\/\/www.europesays.com\/fr\/wp-json\/wp\/v2\/media?parent=288919"}],"wp:term":[{"taxonomy":"category","embeddable":true,"href":"https:\/\/www.europesays.com\/fr\/wp-json\/wp\/v2\/categories?post=288919"},{"taxonomy":"post_tag","embeddable":true,"href":"https:\/\/www.europesays.com\/fr\/wp-json\/wp\/v2\/tags?post=288919"}],"curies":[{"name":"wp","href":"https:\/\/api.w.org\/{rel}","templated":true}]}}