{"id":288921,"date":"2025-08-01T11:44:14","date_gmt":"2025-08-01T11:44:14","guid":{"rendered":"https:\/\/www.europesays.com\/fr\/288921\/"},"modified":"2025-08-01T11:44:14","modified_gmt":"2025-08-01T11:44:14","slug":"le-livre-de-michel-poiriault-est-disponible-a-la-librairie-ancienne-au-gre-du-van-a-chalon-sur-saone-info-chalon-com","status":"publish","type":"post","link":"https:\/\/www.europesays.com\/fr\/288921\/","title":{"rendered":"Le livre de Michel Poiriault est disponible \u00e0 la Librairie ancienne \u00ab\u00a0Au Gr\u00e9 du van\u00a0\u00bb \u00e0 Chalon sur Sa\u00f4ne &#8211; info-chalon.com"},"content":{"rendered":"<p style=\"text-align: justify;\">\u00ab \u00a0Ce fichu Ab\u00e9c\u00e9daire parti en vagabondage \u00bb, tel est le titre du premier livre \u00e9crit par Michel Poiriault, notre confr\u00e8re \u00e0 info-chalon.com, connu par ses articles pertinents, riches et complets, lors de la venue d\u2019artistes qu\u2019ils soient chanteurs ou com\u00e9diens.<\/p>\n<p style=\"text-align: justify;\">La Librairie \u00ab \u00a0Au Gr\u00e9 du Van \u00bb, 6 rue du Bl\u00e9 \u00e0 Chalon sur Sa\u00f4ne a accept\u00e9 gentiment de prendre en d\u00e9p\u00f4t-vente le livre de Michel Poiriault.\u00a0<\/p>\n<p style=\"text-align: justify;\">Les personnes int\u00e9ress\u00e9es peuvent aussi contacter l\u2019auteur par mail \u00e0 <a href=\"https:\/\/www.info-chalon.com\/cdn-cgi\/l\/email-protection\" class=\"__cf_email__\" data-cfemail=\"41312e28332820342d356f2c282229242d0136202f20252e2e6f2733\" rel=\"nofollow noopener\" target=\"_blank\">[email\u00a0protected]<\/a>. Le livre sera envoy\u00e9 apr\u00e8s r\u00e8glement. \u00a0<\/p>\n<p style=\"text-align: justify;\">Pour avoir d\u00e9couvert le livre de Michel Poiriault \u00ab Ce fichu Ab\u00e9c\u00e9daire parti en vagabondage \u00bb, il y a de quoi trouver mati\u00e8re \u00e0 r\u00e9flexion, avec du s\u00e9rieux mais aussi de l\u2019humour; de la tendresse et surtout du ressenti. Une v\u00e9ritable invitation au voyage, telle que l\u2019auteur vous invite \u00e0 participer avec lui. Un bon livre pour les vacances.<\/p>\n<p style=\"text-align: justify;\">Le prix de vente a \u00e9t\u00e9 fix\u00e9 \u00e0 19\u20ac ( hors les frais d\u2019envoi \u00e9ventuels)<\/p>\n<p style=\"text-align: right;\"><strong>JCR<\/strong><\/p>\n","protected":false},"excerpt":{"rendered":"\u00ab \u00a0Ce fichu Ab\u00e9c\u00e9daire parti en vagabondage \u00bb, tel est le titre du premier livre \u00e9crit par Michel&hellip;\n","protected":false},"author":2,"featured_media":288922,"comment_status":"","ping_status":"","sticky":false,"template":"","format":"standard","meta":{"footnotes":""},"categories":[1357],"tags":[1379,58,59,1011,27,1380],"class_list":{"0":"post-288921","1":"post","2":"type-post","3":"status-publish","4":"format-standard","5":"has-post-thumbnail","7":"category-livres","8":"tag-books","9":"tag-divertissement","10":"tag-entertainment","11":"tag-fr","12":"tag-france","13":"tag-livres"},"share_on_mastodon":{"url":"https:\/\/pubeurope.com\/@fr\/114953339821565714","error":""},"_links":{"self":[{"href":"https:\/\/www.europesays.com\/fr\/wp-json\/wp\/v2\/posts\/288921","targetHints":{"allow":["GET"]}}],"collection":[{"href":"https:\/\/www.europesays.com\/fr\/wp-json\/wp\/v2\/posts"}],"about":[{"href":"https:\/\/www.europesays.com\/fr\/wp-json\/wp\/v2\/types\/post"}],"author":[{"embeddable":true,"href":"https:\/\/www.europesays.com\/fr\/wp-json\/wp\/v2\/users\/2"}],"replies":[{"embeddable":true,"href":"https:\/\/www.europesays.com\/fr\/wp-json\/wp\/v2\/comments?post=288921"}],"version-history":[{"count":0,"href":"https:\/\/www.europesays.com\/fr\/wp-json\/wp\/v2\/posts\/288921\/revisions"}],"wp:featuredmedia":[{"embeddable":true,"href":"https:\/\/www.europesays.com\/fr\/wp-json\/wp\/v2\/media\/288922"}],"wp:attachment":[{"href":"https:\/\/www.europesays.com\/fr\/wp-json\/wp\/v2\/media?parent=288921"}],"wp:term":[{"taxonomy":"category","embeddable":true,"href":"https:\/\/www.europesays.com\/fr\/wp-json\/wp\/v2\/categories?post=288921"},{"taxonomy":"post_tag","embeddable":true,"href":"https:\/\/www.europesays.com\/fr\/wp-json\/wp\/v2\/tags?post=288921"}],"curies":[{"name":"wp","href":"https:\/\/api.w.org\/{rel}","templated":true}]}}