{"id":288923,"date":"2025-08-01T11:45:12","date_gmt":"2025-08-01T11:45:12","guid":{"rendered":"https:\/\/www.europesays.com\/fr\/288923\/"},"modified":"2025-08-01T11:45:12","modified_gmt":"2025-08-01T11:45:12","slug":"cyril-hanouna-il-se-prend-pour-une-star-la-frime-dans-toute-sa-splendeur-il-eclabousse-avec-sa-fortune-vous-etes-juste-jaloux-les-internautes-en-desaccord-a-propos-des-vacances-luxueuse","status":"publish","type":"post","link":"https:\/\/www.europesays.com\/fr\/288923\/","title":{"rendered":"Cyril Hanouna &#8211; \u00ab\u00a0Il se prend pour une star\u00a0\u00bb, \u00ab\u00a0La frime dans toute sa splendeur\u00a0\u00bb, \u00ab\u00a0Il \u00e9clabousse avec sa fortune\u00a0\u00bb, \u00ab\u00a0Vous \u00eates juste jaloux\u00a0\u00bb : les internautes en d\u00e9saccord \u00e0 propos des vacances luxueuses de l&rsquo;animateur"},"content":{"rendered":"<p>Avant de revenir sur les petits \u00e9crans \u00e0 la rentr\u00e9e, <a data-i13n=\"cpos:1;pos:1\" href=\"https:\/\/fr.news.yahoo.com\/cyril-hanouna-anne-sophie-lapix-043403509.html\" data-ylk=\"slk:Cyril Hanouna;cpos:1;pos:1;elm:context_link;itc:0;sec:content-canvas;outcm:mb_qualified_link;_E:mb_qualified_link;ct:story;\" class=\"link  yahoo-link\" target=\"_blank\" rel=\"noopener\">Cyril Hanouna<\/a> profite de quelques jours de vacances dans le sud de la France. Fid\u00e8le \u00e0 ses habitudes, c&rsquo;est au soleil qu&rsquo;il est parti passer l&rsquo;\u00e9t\u00e9. L&rsquo;animateur a pos\u00e9 ses valises dans sa nouvelle maison secondaire de <a data-i13n=\"cpos:2;pos:1\" href=\"https:\/\/fr.news.yahoo.com\/david-victoria-beckham-couple-fait-060600752.html\" data-ylk=\"slk:Saint-Tropez;cpos:2;pos:1;elm:context_link;itc:0;sec:content-canvas;outcm:mb_qualified_link;_E:mb_qualified_link;ct:story;\" class=\"link  yahoo-link\" target=\"_blank\" rel=\"noopener\">Saint-Tropez<\/a>. Le week-end dernier, il a \u00e9t\u00e9 aper\u00e7u dans les rues trop\u00e9ziennes, lunettes sur le nez et style d\u00e9contract\u00e9. Mais devant les images qui d\u00e9filent sur les r\u00e9seaux sociaux, les internautes sont assez critiques. Et pour cause : la pr\u00e9sence de Cyril Hanouna n&rsquo;est pas pass\u00e9e inaper\u00e7ue.<\/p>\n<p>Pour rejoindre les c\u00f4tes de Saint-Tropez, l&rsquo;animateur a choisi de monter \u00e0 bord de son yacht Lamborghini, estim\u00e9 \u00e0 pr\u00e8s de 3 millions d&rsquo;euros. Si le bolide a de quoi impressionner, nombreux sont ceux \u00e0 y voir ici un peu trop d&rsquo;\u00e9talage. \u00ab\u00a0Quel pr\u00e9tentieux\u00a0\u00bb, lance Eliane sur Facebook. \u00ab\u00a0Il se prend pour une star\u00a0\u00bb, continue Karim devant la vid\u00e9o publi\u00e9e sur les r\u00e9seaux sociaux.<\/p>\n<p>\u00ab\u00a0Quel air p\u00e9dant !\u00a0\u00bb, \u00ab\u00a0La frime dans toute sa splendeur\u00a0\u00bb, \u00ab\u00a0La richesse et la classe sont deux notions distinctes\u00a0\u00bb, \u00ab\u00a0Il est insupportable\u00a0\u00bb, \u00ab\u00a0Il a vraiment un charisme de ragondin\u00a0\u00bb, \u00ab\u00a0Comment il se la p\u00e8te !\u00a0\u00bb, \u00ab\u00a0Insupportable ce personnage\u00a0\u00bb, &#8230; Les internautes reprennent les mots de Closer, avec ironie. \u00ab\u00a0En toute simplicit\u00e9, en descendant de son yacht Lamborghini \u00e0 3 millions d&rsquo;euros ? Une blague\u00a0\u00bb, lance l&rsquo;un d&rsquo;eux, agac\u00e9. \u00ab\u00a0Avec ses gardes du corps, il se prend vraiment pour une star\u00a0\u00bb, continue un autre.<\/p>\n<p>\u00ab\u00a0Une honte, les gens de ce monde du showbiz qui vivent dans l&rsquo;opulence\u00a0\u00bb, r\u00e2le un homme sur TikTok. \u00ab\u00a0Hanouna c&rsquo;est vraiment un escroc\u00a0\u00bb, ose un autre. \u00ab\u00a0Il se croit au-dessus des autres\u00a0\u00bb, \u00ab\u00a0Il \u00e9clabousse avec sa fortune\u00a0\u00bb, \u00ab\u00a0La frime dans toute sa splendeur\u00a0\u00bb, &#8230; Mais si certains ont un d\u00e9go\u00fbt profond pour les images qu&rsquo;ils voient passer sur les r\u00e9seaux sociaux, d&rsquo;autres tiennent \u00e0 d\u00e9fendre l&rsquo;animateur.<\/p>\n<p>\u00ab\u00a0Ceux qui critiquent sont juste des frustr\u00e9s jaloux\u00a0\u00bb<\/p>\n<p>\u00ab\u00a0Il fait ce qu&rsquo;il veut\u00a0\u00bb, lance un internaute sur TikTok. \u00ab\u00a0Ceux qui critiquent sont juste des frustr\u00e9s jaloux\u00a0\u00bb, assure un autre. \u00ab\u00a0Qu&rsquo;est-ce que \u00e7a peut vous foutre ? Il travaille que je sache, il ne l&rsquo;a pas vol\u00e9.\u00a0\u00bb Les t\u00e9l\u00e9spectateurs qui l&rsquo;admirent sont l\u00e0 pour prendre sa d\u00e9fense. \u00ab\u00a0Vous \u00eates juste jaloux. Peu importe que vous l\u2019aimiez ou non, qu\u2019il se la p\u00e8te ou non, qu\u2019il ait du charisme ou non, il a une r\u00e9ussite que personne n\u2019aura jamais et une vie que personne ne peut m\u00eame imaginer.\u00a0\u00bb<\/p>\n<p>Villa, voiture, yatch, &#8230; Pour eux, Cyril Hanouna le m\u00e9rite. \u00ab\u00a0Je ne suis pas jalouse, franchement, s&rsquo;il est heureux avec sa maison de 5000 m2, eh bien pourquoi pas. Il a travaill\u00e9 pour se l&rsquo;offrir\u00a0\u00bb, confie Myriam. \u00ab\u00a0C&rsquo;est sa vie priv\u00e9e, il n&rsquo;a rien vol\u00e9 \u00e0 personne. Il a travaill\u00e9 pour avoir ce patrimoine\u00a0\u00bb, continue Corinne. \u00ab\u00a0Il a fait les bons choix \u00e0 une \u00e9poque de sa vie, il a investi l\u00e0 o\u00f9 il fallait. Il a su faire les bons choix.\u00a0\u00bb Les t\u00e9l\u00e9spectateurs, en tout cas, l&rsquo;attendent de pied ferme \u00e0 la t\u00e9l\u00e9vision d\u00e8s la rentr\u00e9e.<\/p>\n","protected":false},"excerpt":{"rendered":"Avant de revenir sur les petits \u00e9crans \u00e0 la rentr\u00e9e, Cyril Hanouna profite de quelques jours de vacances&hellip;\n","protected":false},"author":2,"featured_media":288924,"comment_status":"","ping_status":"","sticky":false,"template":"","format":"standard","meta":{"footnotes":""},"categories":[1356],"tags":[1083,58,59,1011,27,6655,6035,2789,938,252,1364,42789],"class_list":{"0":"post-288923","1":"post","2":"type-post","3":"status-publish","4":"format-standard","5":"has-post-thumbnail","7":"category-television","8":"tag-cyril-hanouna","9":"tag-divertissement","10":"tag-entertainment","11":"tag-fr","12":"tag-france","13":"tag-internautes","14":"tag-lanimateur","15":"tag-la-rentree","16":"tag-reseaux-sociaux","17":"tag-television","18":"tag-tv","19":"tag-vacances-dans-le-sud-de-la-france"},"share_on_mastodon":{"url":"https:\/\/pubeurope.com\/@fr\/114953344016433613","error":""},"_links":{"self":[{"href":"https:\/\/www.europesays.com\/fr\/wp-json\/wp\/v2\/posts\/288923","targetHints":{"allow":["GET"]}}],"collection":[{"href":"https:\/\/www.europesays.com\/fr\/wp-json\/wp\/v2\/posts"}],"about":[{"href":"https:\/\/www.europesays.com\/fr\/wp-json\/wp\/v2\/types\/post"}],"author":[{"embeddable":true,"href":"https:\/\/www.europesays.com\/fr\/wp-json\/wp\/v2\/users\/2"}],"replies":[{"embeddable":true,"href":"https:\/\/www.europesays.com\/fr\/wp-json\/wp\/v2\/comments?post=288923"}],"version-history":[{"count":0,"href":"https:\/\/www.europesays.com\/fr\/wp-json\/wp\/v2\/posts\/288923\/revisions"}],"wp:featuredmedia":[{"embeddable":true,"href":"https:\/\/www.europesays.com\/fr\/wp-json\/wp\/v2\/media\/288924"}],"wp:attachment":[{"href":"https:\/\/www.europesays.com\/fr\/wp-json\/wp\/v2\/media?parent=288923"}],"wp:term":[{"taxonomy":"category","embeddable":true,"href":"https:\/\/www.europesays.com\/fr\/wp-json\/wp\/v2\/categories?post=288923"},{"taxonomy":"post_tag","embeddable":true,"href":"https:\/\/www.europesays.com\/fr\/wp-json\/wp\/v2\/tags?post=288923"}],"curies":[{"name":"wp","href":"https:\/\/api.w.org\/{rel}","templated":true}]}}