{"id":288925,"date":"2025-08-01T11:46:14","date_gmt":"2025-08-01T11:46:14","guid":{"rendered":"https:\/\/www.europesays.com\/fr\/288925\/"},"modified":"2025-08-01T11:46:14","modified_gmt":"2025-08-01T11:46:14","slug":"ben-mazue-raconte-veiller-tard-de-jean-jacques-goldman","status":"publish","type":"post","link":"https:\/\/www.europesays.com\/fr\/288925\/","title":{"rendered":"Ben Mazu\u00e9 raconte \u00ab\u00a0Veiller tard\u00a0\u00bb de Jean-Jacques Goldman"},"content":{"rendered":"<p>\t\t  Ben Mazu\u00e9 raconte \u00ab\u00a0Veiller tard\u00a0\u00bb de Jean-Jacques Goldman | France Inter                          <\/p>\n<p class=\"qg-visually-hidden\" tabindex=\"-1\">Ben Mazu\u00e9 raconte \u00ab\u00a0Veiller tard\u00a0\u00bb de Jean-Jacques Goldman<\/p>\n<ul class=\"SkipLinks-list svelte-ahqaie\">\n<li>  Contenu  <\/li>\n<li>  Lecteur audio  <\/li>\n<li>  Menu  <\/li>\n<li>  Pied de page  <\/li>\n<\/ul>\n<p role=\"heading\" aria-level=\"1\" class=\"qg-sr-only svelte-mociyb\">France Inter<\/p>\n<p>                <img decoding=\"async\" src=\"https:\/\/www.europesays.com\/fr\/wp-content\/uploads\/2025\/08\/640x340_sc_sc_sc-photo-a-privilegier.jpg\" loading=\"eager\" fetchpriority=\"high\" width=\"640\" height=\"340\" class=\"Image-main  svelte-1b9cmvl rounded\" data-testid=\"image-src\" alt=\"Jean-Jacques Goldman \u00a9 Jacques Loew \/ Photo12 | Ben Mazu\u00e9 - DR\" aria-hidden=\"true\" onload=\"this.__e=event\" onerror=\"this.__e=event\"\/> Jean-Jacques Goldman \u00a9 Jacques Loew \/ Photo12 | Ben Mazu\u00e9 &#8211; DR   <\/p>\n<p>Jean-Jacques Goldman \u00a9 Jacques Loew \/ Photo12 | Ben Mazu\u00e9 &#8211; DR<\/p>\n<p>Jean-Jacques Goldman \u00a9 Jacques Loew \/ Photo12 | Ben Mazu\u00e9 &#8211; DR<\/p>\n<p>          <img decoding=\"async\" src=\"https:\/\/www.europesays.com\/fr\/wp-content\/uploads\/2025\/08\/400x400_sc_c-est-une-chanson.jpg\" width=\"400\" height=\"400\" alt=\"C'est une chanson\" loading=\"lazy\" fetchpriority=\"low\" data-testid=\"image-tag\" style=\"--_image-preview:url('data:image\/svg+xml,&lt;svg height=&quot;100%&quot; width=&quot;100%&quot; xmlns=&quot;http:\/\/www.w3.org\/2000\/svg&quot;&gt;&lt;defs&gt;&lt;filter id=&quot;f1&quot; x=&quot;0&quot; y=&quot;0&quot; xmlns=&quot;http:\/\/www.w3.org\/2000\/svg&quot;&gt;&lt;feGaussianBlur in=&quot;SourceGraphic&quot; stdDeviation=&quot;30&quot; \/&gt;&lt;\/filter&gt;&lt;\/defs&gt;&lt;rect width=&quot;100%&quot; height=&quot;100%&quot; fill=&quot;%23f88888&quot; filter=&quot;url(%23f1)&quot; \/&gt;&lt;\/svg&gt;');\" aria-hidden=\"true\" class=\"svelte-1n5zs1o ratio\" onload=\"this.__e=event\" onerror=\"this.__e=event\"\/>   <\/p>\n<p class=\"ExpressionSummary-standFirst qg-tt4 qg-xtra-lh svelte-ccn03w\" data-testid=\"ExpressionSummary-standFirst\"><strong>Tout cet \u00e9t\u00e9, nous r\u00e9\u00e9coutons les entretiens de Fr\u00e9d\u00e9ric Pommier. Aujourd&rsquo;hui, c&rsquo;est avec le chanteur Ben Mazu\u00e9. Il \u00e9voque \u00ab\u00a0Veiller Tard\u00a0\u00bb de Jean-Jacques Goldman, artiste qu&rsquo;il a beaucoup \u00e9cout\u00e9 dans son enfance. Il admire la grande qualit\u00e9 de ses textes. (Rediffusion de l&rsquo;\u00e9mission du 03\/03\/2025)<\/strong><\/p>\n<p>              <img loading=\"lazy\" decoding=\"async\" src=\"https:\/\/www.europesays.com\/fr\/wp-content\/uploads\/2025\/04\/src=6070848;type=gener0;cat=audfi;dc_lat=;dc_rdid=;tag_for_child_directed_treatment=;tfua=;npa=;gdpr.gif\" width=\"1\" height=\"1\" alt=\"pixel\" class=\"PixelGoogleTag svelte-1kmh2dj\"\/>         <\/p>\n","protected":false},"excerpt":{"rendered":"Ben Mazu\u00e9 raconte \u00ab\u00a0Veiller tard\u00a0\u00bb de Jean-Jacques Goldman | France Inter Ben Mazu\u00e9 raconte \u00ab\u00a0Veiller tard\u00a0\u00bb de Jean-Jacques&hellip;\n","protected":false},"author":2,"featured_media":288926,"comment_status":"","ping_status":"","sticky":false,"template":"","format":"standard","meta":{"footnotes":""},"categories":[1355],"tags":[58,59,1011,27,1361,873],"class_list":{"0":"post-288925","1":"post","2":"type-post","3":"status-publish","4":"format-standard","5":"has-post-thumbnail","7":"category-musique","8":"tag-divertissement","9":"tag-entertainment","10":"tag-fr","11":"tag-france","12":"tag-music","13":"tag-musique"},"share_on_mastodon":{"url":"https:\/\/pubeurope.com\/@fr\/114953347837603258","error":""},"_links":{"self":[{"href":"https:\/\/www.europesays.com\/fr\/wp-json\/wp\/v2\/posts\/288925","targetHints":{"allow":["GET"]}}],"collection":[{"href":"https:\/\/www.europesays.com\/fr\/wp-json\/wp\/v2\/posts"}],"about":[{"href":"https:\/\/www.europesays.com\/fr\/wp-json\/wp\/v2\/types\/post"}],"author":[{"embeddable":true,"href":"https:\/\/www.europesays.com\/fr\/wp-json\/wp\/v2\/users\/2"}],"replies":[{"embeddable":true,"href":"https:\/\/www.europesays.com\/fr\/wp-json\/wp\/v2\/comments?post=288925"}],"version-history":[{"count":0,"href":"https:\/\/www.europesays.com\/fr\/wp-json\/wp\/v2\/posts\/288925\/revisions"}],"wp:featuredmedia":[{"embeddable":true,"href":"https:\/\/www.europesays.com\/fr\/wp-json\/wp\/v2\/media\/288926"}],"wp:attachment":[{"href":"https:\/\/www.europesays.com\/fr\/wp-json\/wp\/v2\/media?parent=288925"}],"wp:term":[{"taxonomy":"category","embeddable":true,"href":"https:\/\/www.europesays.com\/fr\/wp-json\/wp\/v2\/categories?post=288925"},{"taxonomy":"post_tag","embeddable":true,"href":"https:\/\/www.europesays.com\/fr\/wp-json\/wp\/v2\/tags?post=288925"}],"curies":[{"name":"wp","href":"https:\/\/api.w.org\/{rel}","templated":true}]}}