{"id":288944,"date":"2025-08-01T11:56:12","date_gmt":"2025-08-01T11:56:12","guid":{"rendered":"https:\/\/www.europesays.com\/fr\/288944\/"},"modified":"2025-08-01T11:56:12","modified_gmt":"2025-08-01T11:56:12","slug":"andre-buffard-ministre-ou-clochard-les-moteurs-sont-les-memes-largent-le-sexe-le-pouvoir","status":"publish","type":"post","link":"https:\/\/www.europesays.com\/fr\/288944\/","title":{"rendered":"Andr\u00e9 Buffard\u00a0: \u00ab Ministre ou clochard, les moteurs sont les m\u00eames\u00a0: l\u2019argent, le sexe, le pouvoir \u00bb"},"content":{"rendered":"<p class=\"is-style-chapo\">Au mois de juin, l\u2019avocat aux 800 proc\u00e8s, Andr\u00e9 Buffard, publiait Coups de Ma\u00eetre, un ouvrage co-\u00e9crit avec la journaliste Marie Perrin et publi\u00e9 aux Editions du Progr\u00e8s. Pour la premi\u00e8re fois, il revient sur les grandes affaires qui ont marqu\u00e9 sa carri\u00e8re de p\u00e9naliste, ainsi que sur des dossiers moins connus du grand public. Une immersion au sein du proc\u00e8s d\u2019assise, sur laquelle Me Andr\u00e9 Buffard a accept\u00e9 de revenir \u00e0 travers une interview en deux parties (2\/2; lire <a href=\"https:\/\/www.if-saint-etienne.fr\/immobilier-vie-juridique\/andre-buffard-je-considere-que-jai-gagne-lorsque-les-juges-ont-adhere-ne-serait-ce-quen-partie-a-ce-que-jai-developpe\" target=\"_blank\" rel=\"noreferrer noopener\">ici la premi\u00e8re<\/a>).<\/p>\n<p><strong>Plus r\u00e9cemment, il y a eu l\u2019affaire de chantage \u00e0 la sextape \u00e0 la mairie de Saint-Etienne\u2026<\/strong><\/p>\n<p>J\u2019ai souvent vu des gens victimes de chantage. Bien s\u00fbr que les r\u00e9v\u00e9lations peuvent bousiller des vies, mais je dis toujours aux gens qu\u2019accepter de chanter, c\u2019est pire. C\u2019est ce qu\u2019il s\u2019est pass\u00e9 pour Gilles Artigues. Le chantage commence \u00e0 fonctionner donc les protagonistes, avec le temps, se disent qu\u2019ils sont \u00e0 l\u2019abri. Quand il est venu me raconter son <a href=\"https:\/\/www.if-saint-etienne.fr\/politique-societe\/gilles-artigues-il-ny-a-pas-dautre-verite\" target=\"_blank\" rel=\"noreferrer noopener\">histoire<\/a>, je lui ai demand\u00e9 qui \u00e9tait derri\u00e8re tout \u00e7a, puis, s\u2019il avait des preuves de ce qu\u2019il avan\u00e7ait. S\u2019il avait tout balanc\u00e9 d\u00e8s le d\u00e9but, sans preuve, il aurait \u00e9t\u00e9 lamin\u00e9. Lorsqu\u2019il vient me voir, c\u2019est \u00e0 la fin, il me dit que <a href=\"https:\/\/www.mediapart.fr\/journal\/france\/dossier\/saint-etienne-le-maire-la-sextape-et-le-chantage-politique\" target=\"_blank\" rel=\"noreferrer noopener\">Mediapart<\/a> enqu\u00eate sur l\u2019affaire, qu\u2019ils ont des \u00e9l\u00e9ments et que lui-m\u00eame a quelques enregistrements. J\u2019ai donc demand\u00e9 \u00e0 rencontrer le journaliste de Mediapart, pour savoir de quoi il s\u2019agissait. S\u2019il n\u2019y avait pas eu de <a href=\"https:\/\/www.if-saint-etienne.fr\/politique\/maitre-andre-buffard-on-peut-essayer-de-contourner-les-preuves-dans-tous-les-sens-elles-existent\" target=\"_blank\" rel=\"noreferrer noopener\">preuves<\/a>, j\u2019aurais conseill\u00e9 \u00e0 Gilles Artigues de ne pas d\u00e9poser plainte.<\/p>\n<p><strong>Les enregistrements sont recevables comme preuve\u00a0?<\/strong><\/p>\n<p>Il y a deux choses. Il est interdit d\u2019enregistrer quelqu\u2019un \u00e0 son insu. Sauf que c\u2019est retenu comme un moyen de preuve quand on est victime d\u2019un d\u00e9lit ou d\u2019un crime, et que cela permet d\u2019en faire \u00e9tat. Au p\u00e9nal, tous les moyens sont recevables pour apporter la preuve d\u2019un d\u00e9lit ou d\u2019un crime.<\/p>\n<p><strong>Le proc\u00e8s qui aura lieu fin septembre, c\u2019est une bonne nouvelle\u00a0?<\/strong><\/p>\n<p>Oui bien s\u00fbr. L\u2019instruction a \u00e9t\u00e9 faite de mani\u00e8re remarquable et tr\u00e8s vite g\u00e9r\u00e9e <a href=\"https:\/\/www.if-saint-etienne.fr\/societe\/saint-etienne-sur-cette-affaire-la-justice-va-au-contraire-tres-vite\" target=\"_blank\" rel=\"noreferrer noopener\">contrairement<\/a> \u00e0 ce que l\u2019on peut entendre. Les investigations ont \u00e9t\u00e9 tous azimuts et sans concessions pour Gilles Artigues. On est all\u00e9 tr\u00e8s au fond des choses. Et l\u2019ordonnance de renvoi est un r\u00e9sum\u00e9 parfait de tous les \u00e9l\u00e9ments. \u00a0<\/p>\n<p><strong>Pour revenir \u00e0 l\u2019ensemble de votre carri\u00e8re, parmi toutes ces affaires, laquelle vous a le plus marqu\u00e9 et pourquoi\u00a0?<\/strong><\/p>\n<p>C\u2019est tr\u00e8s difficile de r\u00e9pondre \u00e0 cette question. On a regroup\u00e9 une dizaine de grosses affaires dans cet ouvrage, qui ont eu un retentissement national, comme Romand, Carlos, Chanal, ou Jamila Belkacem. Bien s\u00fbr que toutes ces affaires m\u2019ont marqu\u00e9\u2026 Mais j\u2019ai r\u00e9pertori\u00e9 une trentaine de petites affaires insolites. Je pense \u00e0 celle d\u2019un village de la Loire o\u00f9 un mari avait sign\u00e9 un contrat avec l\u2019amant de sa femme\u2026 et cela s\u2019est mal termin\u00e9. Elles pourraient toutes faire l\u2019objet d\u2019un roman. Mais si on raconte \u00e7a \u00e0 un \u00e9diteur, il r\u00e9pond \u2018c\u2019est trop\u2019. Ce qui me marque, c\u2019est le caract\u00e8re universel de la nature humaine. Je dis toujours aux gens que je forme que pour \u00eatre un bon avocat, il faut avoir la capacit\u00e9 d\u2019\u00eatre \u00e0 l\u2019aise aussi bien avec un clochard, qu\u2019avec un ministre, \u00e9tant entendu d\u2019ailleurs que ce sont les m\u00eames, les moteurs sont les m\u00eames. Le clochard veut devenir roi dans son asile de nuit, le politique roi de France, mais les moteurs sont les m\u00eames\u00a0: l\u2019argent, le sexe, le pouvoir. Aussi, Chanal m\u2019a s\u00fbrement beaucoup marqu\u00e9 parce que j\u2019ai travaill\u00e9 sur cette affaire pendant dix ans, et qu\u2019il se suicide au premier jour des trois semaines de proc\u00e8s. C\u2019est pour cela que j\u2019en ai \u00e9crit un bouquin, c\u2019\u00e9tait une forme de psychoth\u00e9rapie.<\/p>\n<p><strong>En quoi cela vous a-t-il marqu\u00e9\u00a0?<\/strong><\/p>\n<p>Chanal est condamn\u00e9 \u00e0 10 ans de prison, pour l\u2019histoire de l\u2019auto-stoppeur hongrois. A l\u2019\u00e9poque, je ne suis pas son avocat. Mais au moment o\u00f9 il va sortir, il y a une campagne m\u00e9diatique intense avan\u00e7ant qu\u2019il est derri\u00e8re l\u2019affaire des disparus de Mourmelon. Pourquoi\u00a0? Parce qu\u2019il est militaire, qu\u2019il \u00e9tait \u00e0 Mourmelon au moment o\u00f9 les gens disparaissaient et qu\u2019il a attach\u00e9 et viol\u00e9 un auto-stoppeur. Les juges d\u2019instruction le mettent en examen \u00e0 sa sortie de prison et il me d\u00e9signe \u00e0 ce moment-l\u00e0. A cette \u00e9poque, rien ne le relie directement aux disparus. Le juge d\u2019instruction me disait \u2018je pense que c\u2019est lui, mais je n\u2019ai pas d\u2019\u00e9l\u00e9ments qui le prouvent\u2019. On est \u00e0 la fin des ann\u00e9es 90 et le traitement de l\u2019ADN appara\u00eet. Il fait exhumer le matelas que l\u2019on avait trouv\u00e9 dans le camping-car de Chanal lorsqu\u2019il avait \u00e9t\u00e9 arr\u00eat\u00e9, et dans lequel on a retrouv\u00e9 des \u00e9l\u00e9ments pileux. \u00c7a va matcher pour trois des disparus. Chanal est renvoy\u00e9 aux assises et fait une premi\u00e8re tentative de suicide \u00e0 Saint-Etienne la veille du premier proc\u00e8s. Le proc\u00e8s est renvoy\u00e9 et la cour d\u00e9livre un mandat de d\u00e9p\u00f4t pour \u00eatre s\u00fbr qu\u2019il ne se suicide pas, ce qui est ridicule car c\u2019est en prison que le taux de suicide est le plus important. Lors du second proc\u00e8s, il est squelettique, le minist\u00e8re veut absolument qu\u2019il soit jug\u00e9\u2026 il le sera mais restera dans sa cellule. Je vais le voir \u00e0 la fin du premier jour pour lui expliquer qu\u2019il sera certainement condamn\u00e9 au terme des trois semaines. Il me remercie pour tout ce que j\u2019ai fait, et deux heures apr\u00e8s, j\u2019apprends son suicide, \u00e0 l\u2019aide d\u2019une lame de rasoir. Ce qui m\u2019a toujours frapp\u00e9, c\u2019est qu\u2019il \u00e9tait d\u2019une normalit\u00e9 absolue. S\u2019il \u00e9tait l\u00e0, c\u2019est un type qui ne vous inqui\u00e9terait pas du tout.<\/p>\n","protected":false},"excerpt":{"rendered":"Au mois de juin, l\u2019avocat aux 800 proc\u00e8s, Andr\u00e9 Buffard, publiait Coups de Ma\u00eetre, un ouvrage co-\u00e9crit avec&hellip;\n","protected":false},"author":2,"featured_media":272741,"comment_status":"","ping_status":"","sticky":false,"template":"","format":"standard","meta":{"footnotes":""},"categories":[9653],"tags":[1111,11,42796,42797,41207,2430,1777,674,1011,27,35632,37817,41209,12,25,4001],"class_list":{"0":"post-288944","1":"post","2":"type-post","3":"status-publish","4":"format-standard","5":"has-post-thumbnail","7":"category-saint-etienne","8":"tag-actu","9":"tag-actualites","10":"tag-affaire-artigues","11":"tag-affaire-perdriau","12":"tag-andre-buffard","13":"tag-auvergne-rhone-alpes","14":"tag-eu","15":"tag-europe","16":"tag-fr","17":"tag-france","18":"tag-gilles-artigues","19":"tag-informatif","20":"tag-maitre-andre-buffard","21":"tag-news","22":"tag-republique-francaise","23":"tag-saint-etienne"},"share_on_mastodon":{"url":"https:\/\/pubeurope.com\/@fr\/114953387000298028","error":""},"_links":{"self":[{"href":"https:\/\/www.europesays.com\/fr\/wp-json\/wp\/v2\/posts\/288944","targetHints":{"allow":["GET"]}}],"collection":[{"href":"https:\/\/www.europesays.com\/fr\/wp-json\/wp\/v2\/posts"}],"about":[{"href":"https:\/\/www.europesays.com\/fr\/wp-json\/wp\/v2\/types\/post"}],"author":[{"embeddable":true,"href":"https:\/\/www.europesays.com\/fr\/wp-json\/wp\/v2\/users\/2"}],"replies":[{"embeddable":true,"href":"https:\/\/www.europesays.com\/fr\/wp-json\/wp\/v2\/comments?post=288944"}],"version-history":[{"count":0,"href":"https:\/\/www.europesays.com\/fr\/wp-json\/wp\/v2\/posts\/288944\/revisions"}],"wp:featuredmedia":[{"embeddable":true,"href":"https:\/\/www.europesays.com\/fr\/wp-json\/wp\/v2\/media\/272741"}],"wp:attachment":[{"href":"https:\/\/www.europesays.com\/fr\/wp-json\/wp\/v2\/media?parent=288944"}],"wp:term":[{"taxonomy":"category","embeddable":true,"href":"https:\/\/www.europesays.com\/fr\/wp-json\/wp\/v2\/categories?post=288944"},{"taxonomy":"post_tag","embeddable":true,"href":"https:\/\/www.europesays.com\/fr\/wp-json\/wp\/v2\/tags?post=288944"}],"curies":[{"name":"wp","href":"https:\/\/api.w.org\/{rel}","templated":true}]}}